{"id":162,"date":"2010-12-21T12:01:00","date_gmt":"2010-12-21T12:01:00","guid":{"rendered":"http:\/\/blogs.hoy.es\/loch-lomond\/?p=162"},"modified":"2010-12-21T12:01:00","modified_gmt":"2010-12-21T12:01:00","slug":"y-jamon","status":"publish","type":"post","link":"https:\/\/blogs.hoy.es\/loch-lomond\/2010\/12\/21\/y-jamon\/","title":{"rendered":"\u00a1Y un jam\u00f3n!"},"content":{"rendered":"<p>&nbsp;<\/p>\n<p class=\"MsoNormal\" style=\"margin: 0cm 0cm 0pt; text-align: justify;\"><span style=\"font-size: 10pt; color: #003366; font-family: Verdana;\">El delicado tema de las religiones no hace m\u00e1s que ofrecernos y regalarnos noticias rid\u00edculas, que parecen mofarse de un parte de la sociedad que no anhela m\u00e1s que tranquilidad y una convivencia pac\u00edfica para con los dem\u00e1s.<\/span><\/p>\n<p>\u00a0<span style=\"font-size: 10pt; color: #003366; font-family: Verdana;\">El asunto de la denuncia a un profesor que \u201cofendi\u00f3\u201d a un alumno de religi\u00f3n musulmana por hablar en su clase sobre las innegables cualidades del jam\u00f3n, traspasan la barrera del rid\u00edculo e incluso alcanzan cotas de sano cachondeo.<\/span><\/p>\n<p>&nbsp;<\/p>\n<p class=\"MsoNormal\" style=\"margin: 0cm 0cm 0pt; text-align: justify;\"><span style=\"font-size: 10pt; color: #003366; font-family: Verdana;\"><img id=\"img_1\" src=\"\/\/imagenes.solostocks.com\/z11962188\/jamon-extremeno-gran-caliad.jpg\" alt=\"\" \/><\/span><\/p>\n<p>&nbsp;<\/p>\n<p class=\"MsoNormal\" style=\"margin: 0cm 0cm 0pt; text-align: justify;\"><span style=\"font-size: 10pt; color: #003366; font-family: Verdana;\">Por lo visto el ni\u00f1ato se sinti\u00f3 ofendid\u00edsimo al escuchar en boca de su profesor las excelencias del jam\u00f3n y le pidi\u00f3 a su maestro que si no le importaba no mentara tan impertinente alimento en su presencia. El profesor, con m\u00e1s o menos vehemencia, pero imagino, con uncabreo del carajo, le contest\u00f3 que \u00e9l no era nadie para dirigirle la clase, y que es el alumno quien ha de habituarse a la clase y no al rev\u00e9s. Ahora por lo visto la madre del ni\u00f1o denuncia que el profesor le increp\u00f3 que si no le gustaba el jam\u00f3n que se marchara a su pa\u00eds y lo ha demandado por racismo.<\/span><\/p>\n<p class=\"MsoNormal\" style=\"margin: 0cm 0cm 0pt; text-align: justify;\"><span style=\"font-size: 10pt; color: #003366; font-family: Verdana;\">P\u00fablicamente y desde estas l\u00edneas le pida a esa madre que me demande a m\u00ed tambi\u00e9n. Por racista, por xen\u00f3fobo, hom\u00f3fobo o incluso que s\u00e9 yo, hermafrodita u homosexual, me da igual. A mi s\u00ed que me ofende profundamente que alguien pueda considerar el jam\u00f3n como algo indigno o susceptible de molestar a cualquier hijo de vecino, pues mi menda es de la opini\u00f3n que renunciar a un buen jam\u00f3n, y adem\u00e1s, acompa\u00f1ado por un exquisito tintorro, deber\u00eda de ser cuanto menos sancionado por la Constituci\u00f3n.<\/span><\/p>\n<p class=\"MsoNormal\" style=\"margin: 0cm 0cm 0pt; text-align: justify;\">\n<p class=\"MsoNormal\" style=\"margin: 0cm 0cm 0pt; text-align: justify;\"><span style=\"font-size: 10pt; color: #003366; font-family: Verdana;\">Si quien suscribe fuera el profesor, ante la absurda petici\u00f3n de mi alumno a resistirme a cantar las excelencias de tan preciado manjar, le hubiera contestado\u2026 \u201c\u00a1Y UN JAM\u00d3N!\u201d<\/span><\/p>\n<!-- AddThis Advanced Settings generic via filter on the_content --><!-- AddThis Share Buttons generic via filter on the_content -->","protected":false},"excerpt":{"rendered":"<p>&nbsp; El delicado tema de las religiones no hace m\u00e1s que ofrecernos y regalarnos noticias rid\u00edculas, que parecen mofarse de un parte de la sociedad que no anhela m\u00e1s que tranquilidad y una convivencia pac\u00edfica para con los dem\u00e1s. \u00a0El asunto de la denuncia a un profesor que \u201cofendi\u00f3\u201d a un alumno de religi\u00f3n musulmana [&hellip;]<!-- AddThis Advanced Settings generic via filter on get_the_excerpt --><!-- AddThis Share Buttons generic via filter on get_the_excerpt --><\/p>\n","protected":false},"author":14,"featured_media":0,"comment_status":"open","ping_status":"closed","sticky":false,"template":"","format":"standard","meta":[],"categories":[7],"tags":[212,676,1017,1155,1172,1281,1348,1357,1515,1806,1969,2669,3103,4238,4422,4732,5001,5071,5379],"_links":{"self":[{"href":"https:\/\/blogs.hoy.es\/loch-lomond\/wp-json\/wp\/v2\/posts\/162"}],"collection":[{"href":"https:\/\/blogs.hoy.es\/loch-lomond\/wp-json\/wp\/v2\/posts"}],"about":[{"href":"https:\/\/blogs.hoy.es\/loch-lomond\/wp-json\/wp\/v2\/types\/post"}],"author":[{"embeddable":true,"href":"https:\/\/blogs.hoy.es\/loch-lomond\/wp-json\/wp\/v2\/users\/14"}],"replies":[{"embeddable":true,"href":"https:\/\/blogs.hoy.es\/loch-lomond\/wp-json\/wp\/v2\/comments?post=162"}],"version-history":[{"count":0,"href":"https:\/\/blogs.hoy.es\/loch-lomond\/wp-json\/wp\/v2\/posts\/162\/revisions"}],"wp:attachment":[{"href":"https:\/\/blogs.hoy.es\/loch-lomond\/wp-json\/wp\/v2\/media?parent=162"}],"wp:term":[{"taxonomy":"category","embeddable":true,"href":"https:\/\/blogs.hoy.es\/loch-lomond\/wp-json\/wp\/v2\/categories?post=162"},{"taxonomy":"post_tag","embeddable":true,"href":"https:\/\/blogs.hoy.es\/loch-lomond\/wp-json\/wp\/v2\/tags?post=162"}],"curies":[{"name":"wp","href":"https:\/\/api.w.org\/{rel}","templated":true}]}}