{"id":164,"date":"2010-12-28T00:00:00","date_gmt":"2010-12-27T23:00:00","guid":{"rendered":"http:\/\/blogs.hoy.es\/loch-lomond\/?p=164"},"modified":"2010-12-28T00:00:00","modified_gmt":"2010-12-27T23:00:00","slug":"santos-e-inocentes","status":"publish","type":"post","link":"https:\/\/blogs.hoy.es\/loch-lomond\/2010\/12\/28\/santos-e-inocentes\/","title":{"rendered":"SANTOS E INOCENTES"},"content":{"rendered":"<p><img id=img_0 src=\"\/\/educacion2.com\/wp-content\/uploads\/santos-inocentes.jpg\"\/><\/p>\n<p class=MsoNormal style=\"MARGIN: 0cm 0cm 0pt; TEXT-ALIGN: justify\"><span style=\"FONT-SIZE: 10pt; COLOR: #003366; FONT-FAMILY: Verdana; mso-bidi-font-family: Arial\">Hoy 28 de Diciembre, celebramos la festividad de los Santos Inocentes. Quien suscribe se pregunta por qu\u00e9 no celebraremos al un\u00edsono tan magna festividad, pues todos contribuimos a ella de alguna u otra manera.<\/span><\/p>\n<p><span style=\"FONT-SIZE: 10pt; COLOR: #003366; FONT-FAMILY: Verdana; mso-bidi-font-family: Arial\"><\/span><\/p>\n<p><span style=\"FONT-SIZE: 10pt; COLOR: #003366; FONT-FAMILY: Verdana; mso-bidi-font-family: Arial\"><\/span><\/p>\n<p><span style=\"FONT-SIZE: 10pt; COLOR: #003366; FONT-FAMILY: Verdana; mso-bidi-font-family: Arial\"><\/span><\/p>\n<p><span style=\"FONT-SIZE: 10pt; COLOR: #003366; FONT-FAMILY: Verdana; mso-bidi-font-family: Arial\"><\/span><\/p>\n<p><span style=\"FONT-SIZE: 10pt; COLOR: #003366; FONT-FAMILY: Verdana; mso-bidi-font-family: Arial\"><\/span><\/p>\n<p><span style=\"FONT-SIZE: 10pt; COLOR: #003366; FONT-FAMILY: Verdana; mso-bidi-font-family: Arial\"><\/span><\/p>\n<p><span style=\"FONT-SIZE: 10pt; COLOR: #003366; FONT-FAMILY: Verdana; mso-bidi-font-family: Arial\"><\/span><\/p>\n<p><span style=\"FONT-SIZE: 10pt; COLOR: #003366; FONT-FAMILY: Verdana; mso-bidi-font-family: Arial\"><\/span><\/p>\n<p><span style=\"FONT-SIZE: 10pt; COLOR: #003366; FONT-FAMILY: Verdana; mso-bidi-font-family: Arial\"><\/span><\/p>\n<p><span style=\"FONT-SIZE: 10pt; COLOR: #003366; FONT-FAMILY: Verdana; mso-bidi-font-family: Arial\"><\/span><\/p>\n<p><span style=\"FONT-SIZE: 10pt; COLOR: #003366; FONT-FAMILY: Verdana; mso-bidi-font-family: Arial\"><\/span><\/p>\n<p><span style=\"FONT-SIZE: 10pt; COLOR: #003366; FONT-FAMILY: Verdana; mso-bidi-font-family: Arial\"><\/span><\/p>\n<p><span style=\"FONT-SIZE: 10pt; COLOR: #003366; FONT-FAMILY: Verdana; mso-bidi-font-family: Arial\"><\/span><\/p>\n<p><span style=\"FONT-SIZE: 10pt; COLOR: #003366; FONT-FAMILY: Verdana; mso-bidi-font-family: Arial\"><\/span><\/p>\n<p><span style=\"FONT-SIZE: 10pt; COLOR: #003366; FONT-FAMILY: Verdana; mso-bidi-font-family: Arial\"><\/span><\/p>\n<p><span style=\"FONT-SIZE: 10pt; COLOR: #003366; FONT-FAMILY: Verdana; mso-bidi-font-family: Arial\">< ?xml:namespace prefix = o ns = \"urn:schemas-microsoft-com:office:office\" \/><o:p><\/o:p><\/span><\/p>\n<p class=MsoNormal style=\"MARGIN: 0cm 0cm 0pt; TEXT-ALIGN: justify\">\n<p class=MsoNormal style=\"MARGIN: 0cm 0cm 0pt; TEXT-ALIGN: justify\"><span style=\"FONT-SIZE: 10pt; COLOR: #003366; FONT-FAMILY: Verdana; mso-bidi-font-family: Arial\"><o:p><\/o:p><\/span><\/p>\n<p class=MsoNormal style=\"MARGIN: 0cm 0cm 0pt; TEXT-ALIGN: justify\"><span style=\"FONT-SIZE: 10pt; COLOR: #003366; FONT-FAMILY: Verdana; mso-bidi-font-family: Arial\"><span style=\"mso-tab-count: 1\"><\/span>Inocentes somos todos, y Santos casi tambi\u00e9n \u00a1qu\u00e9 narices! Inocente es Zapatero pensando que va a sacarnos de la crisis y que va a repetir como candidato. Rajoy no se queda atr\u00e1s apostando por su liderazgo y considerando que es \u00e9l el m\u00e1s oportuno para hacerse con las riendas del pa\u00eds. Inocente es < ?xml:namespace prefix = st1 ns = \"urn:schemas-microsoft-com:office:smarttags\" \/><st1:personname w:st=\"on\" ProductID=\"la Bel?n Esteban\">la Bel\u00e9n Esteban<\/st1:personname> que se cree ahora guapa con el careto que le reconstruyeron hace un a\u00f1o a golpe de talonario y ahora se desmorona, y m\u00e1s Inocente que nadie es la madre de turno que piensa que aunque a su hijo le han \u201cquedao\u201d 7 en el fondo es \u201cmu\u201d bueno y \u201cmu\u201d estudioso pero el \u201cprofe\u201d le tiene man\u00eda \u00a1Cuanta <span style=\"mso-spacerun: yes\"><\/span>Santa Inocencia inusitada en aquel ingenuo padre que piensa que su hijita de 16 a\u00f1os colecciona latas de cerveza en vez de beb\u00e9rselas! As\u00ed podr\u00edamos estar horas y horas porque en este pa\u00eds todos somos Inocentes\u2026hasta que se demuestre lo contrario.<\/span><\/p>\n<p><span style=\"FONT-SIZE: 10pt; COLOR: #003366; FONT-FAMILY: Verdana; mso-bidi-font-family: Arial\"><\/span><\/p>\n<p><span style=\"FONT-SIZE: 10pt; COLOR: #003366; FONT-FAMILY: Verdana; mso-bidi-font-family: Arial\"><\/span><\/p>\n<p><span style=\"FONT-SIZE: 10pt; COLOR: #003366; FONT-FAMILY: Verdana; mso-bidi-font-family: Arial\"><\/span><\/p>\n<p><span style=\"FONT-SIZE: 10pt; COLOR: #003366; FONT-FAMILY: Verdana; mso-bidi-font-family: Arial\"><\/span><\/p>\n<p><span style=\"FONT-SIZE: 10pt; COLOR: #003366; FONT-FAMILY: Verdana; mso-bidi-font-family: Arial\"><\/span><\/p>\n<p><span style=\"FONT-SIZE: 10pt; COLOR: #003366; FONT-FAMILY: Verdana; mso-bidi-font-family: Arial\"><\/span><\/p>\n<p><span style=\"FONT-SIZE: 10pt; COLOR: #003366; FONT-FAMILY: Verdana; mso-bidi-font-family: Arial\"><\/span><\/p>\n<p><span style=\"FONT-SIZE: 10pt; COLOR: #003366; FONT-FAMILY: Verdana; mso-bidi-font-family: Arial\"><\/span><\/p>\n<p><span style=\"FONT-SIZE: 10pt; COLOR: #003366; FONT-FAMILY: Verdana; mso-bidi-font-family: Arial\"><\/span><\/p>\n<p><span style=\"FONT-SIZE: 10pt; COLOR: #003366; FONT-FAMILY: Verdana; mso-bidi-font-family: Arial\"><\/span><\/p>\n<p><span style=\"FONT-SIZE: 10pt; COLOR: #003366; FONT-FAMILY: Verdana; mso-bidi-font-family: Arial\"><\/span><\/p>\n<p><span style=\"FONT-SIZE: 10pt; COLOR: #003366; FONT-FAMILY: Verdana; mso-bidi-font-family: Arial\"><\/span><\/p>\n<p><span style=\"FONT-SIZE: 10pt; COLOR: #003366; FONT-FAMILY: Verdana; mso-bidi-font-family: Arial\"><\/span><\/p>\n<p><span style=\"FONT-SIZE: 10pt; COLOR: #003366; FONT-FAMILY: Verdana; mso-bidi-font-family: Arial\"><\/span><\/p>\n<p><span style=\"FONT-SIZE: 10pt; COLOR: #003366; FONT-FAMILY: Verdana; mso-bidi-font-family: Arial\"><\/span><\/p>\n<p><span style=\"FONT-SIZE: 10pt; COLOR: #003366; FONT-FAMILY: Verdana; mso-bidi-font-family: Arial\"><\/span><\/p>\n<p><span style=\"FONT-SIZE: 10pt; COLOR: #003366; FONT-FAMILY: Verdana; mso-bidi-font-family: Arial\"><\/span><\/p>\n<p><span style=\"FONT-SIZE: 10pt; COLOR: #003366; FONT-FAMILY: Verdana; mso-bidi-font-family: Arial\"><o:p><img id=img_1 src=\"\/\/losojosdecain.scoom.com\/files\/2010\/03\/los-santos-inocentes.jpg\"\/><\/o:p><\/span><\/p>\n<p class=MsoNormal style=\"MARGIN: 0cm 0cm 0pt; TEXT-ALIGN: justify\">\n<p><span style=\"FONT-SIZE: 10pt; COLOR: #003366; FONT-FAMILY: Verdana; mso-bidi-font-family: Arial\"><o:p><\/o:p><\/span> <\/p>\n<p class=MsoNormal style=\"MARGIN: 0cm 0cm 0pt; TEXT-ALIGN: justify\">\n<p class=MsoNormal style=\"MARGIN: 0cm 0cm 0pt; TEXT-ALIGN: justify\">\n<p class=MsoNormal style=\"MARGIN: 0cm 0cm 0pt; TEXT-ALIGN: justify\">\n<p class=MsoNormal style=\"MARGIN: 0cm 0cm 0pt; TEXT-ALIGN: justify\">\n<p class=MsoNormal style=\"MARGIN: 0cm 0cm 0pt; TEXT-ALIGN: justify\">\n<p class=MsoNormal style=\"MARGIN: 0cm 0cm 0pt; TEXT-ALIGN: justify\">\n<p class=MsoNormal style=\"MARGIN: 0cm 0cm 0pt; TEXT-ALIGN: justify\">\n<p class=MsoNormal style=\"MARGIN: 0cm 0cm 0pt; TEXT-ALIGN: justify\">\n<p class=MsoNormal style=\"MARGIN: 0cm 0cm 0pt; TEXT-ALIGN: justify\">\n<p class=MsoNormal style=\"MARGIN: 0cm 0cm 0pt; TEXT-ALIGN: justify\">\n<p class=MsoNormal style=\"MARGIN: 0cm 0cm 0pt; TEXT-ALIGN: justify\">\n<p class=MsoNormal style=\"MARGIN: 0cm 0cm 0pt; TEXT-ALIGN: justify\"><span style=\"FONT-SIZE: 10pt; COLOR: #003366; FONT-FAMILY: Verdana; mso-bidi-font-family: Arial\"><span style=\"mso-tab-count: 1\"><\/span>Yo mismo no dejo de ser un Inocent\u00f3n, cuando a diario espero en el cruce para incorporarme a la autopista a que alg\u00fan Santo del volante me ceda amablemente el paso. Hace dos d\u00edas sin ir m\u00e1s lejos un amigo al que hac\u00eda tiempo que no ve\u00eda me dijo \u201cCo\u00f1o Enrique, si est\u00e1s hasta m\u00e1s delgado\u201d<span style=\"mso-spacerun: yes\"> <\/span>y yo, Inocente perdido, que me lo creo y empiezo a notar que la camisa ya me queda un poco m\u00e1s holgada\u2026 \u00a1Las ganas m\u00edas!<\/span><\/p>\n<p> <span style=\"FONT-SIZE: 10pt; COLOR: #003366; FONT-FAMILY: Verdana; mso-bidi-font-family: Arial\"><\/span> <\/p>\n<p> <span style=\"FONT-SIZE: 10pt; COLOR: #003366; FONT-FAMILY: Verdana; mso-bidi-font-family: Arial\"><\/span> <\/p>\n<p> <span style=\"FONT-SIZE: 10pt; COLOR: #003366; FONT-FAMILY: Verdana; mso-bidi-font-family: Arial\"><\/span> <\/p>\n<p> <span style=\"FONT-SIZE: 10pt; COLOR: #003366; FONT-FAMILY: Verdana; mso-bidi-font-family: Arial\"><\/span> <\/p>\n<p> <span style=\"FONT-SIZE: 10pt; COLOR: #003366; FONT-FAMILY: Verdana; mso-bidi-font-family: Arial\"><\/span> <\/p>\n<p> <span style=\"FONT-SIZE: 10pt; COLOR: #003366; FONT-FAMILY: Verdana; mso-bidi-font-family: Arial\"><\/span> <\/p>\n<p> <span style=\"FONT-SIZE: 10pt; COLOR: #003366; FONT-FAMILY: Verdana; mso-bidi-font-family: Arial\"><\/span> <\/p>\n<p> <span style=\"FONT-SIZE: 10pt; COLOR: #003366; FONT-FAMILY: Verdana; mso-bidi-font-family: Arial\"><\/span> <\/p>\n<p> <span style=\"FONT-SIZE: 10pt; COLOR: #003366; FONT-FAMILY: Verdana; mso-bidi-font-family: Arial\"><\/span> <\/p>\n<p> <span style=\"FONT-SIZE: 10pt; COLOR: #003366; FONT-FAMILY: Verdana; mso-bidi-font-family: Arial\"><\/span> <\/p>\n<p> <span style=\"FONT-SIZE: 10pt; COLOR: #003366; FONT-FAMILY: Verdana; mso-bidi-font-family: Arial\"><\/span> <\/p>\n<p> <span style=\"FONT-SIZE: 10pt; COLOR: #003366; FONT-FAMILY: Verdana; mso-bidi-font-family: Arial\"><\/span> <\/p>\n<p> <span style=\"FONT-SIZE: 10pt; COLOR: #003366; FONT-FAMILY: Verdana; mso-bidi-font-family: Arial\"><\/span> <\/p>\n<p> <span style=\"FONT-SIZE: 10pt; COLOR: #003366; FONT-FAMILY: Verdana; mso-bidi-font-family: Arial\"><\/span> <\/p>\n<p> <span style=\"FONT-SIZE: 10pt; COLOR: #003366; FONT-FAMILY: Verdana; mso-bidi-font-family: Arial\"><\/span> <\/p>\n<p> <span style=\"FONT-SIZE: 10pt; COLOR: #003366; FONT-FAMILY: Verdana; mso-bidi-font-family: Arial\"><\/span> <\/p>\n<p> <span style=\"FONT-SIZE: 10pt; COLOR: #003366; FONT-FAMILY: Verdana; mso-bidi-font-family: Arial\"><o:p><\/o:p><\/span> <\/p>\n<p class=MsoNormal style=\"MARGIN: 0cm 0cm 0pt; TEXT-ALIGN: justify\">\n<p class=MsoNormal style=\"MARGIN: 0cm 0cm 0pt; TEXT-ALIGN: justify\"><span style=\"FONT-SIZE: 10pt; COLOR: #003366; FONT-FAMILY: Verdana; mso-bidi-font-family: Arial\"><o:p><\/o:p><\/span><\/p>\n<p class=MsoNormal style=\"MARGIN: 0cm 0cm 0pt; TEXT-ALIGN: justify\"><span style=\"FONT-SIZE: 10pt; COLOR: #003366; FONT-FAMILY: Verdana; mso-bidi-font-family: Arial\"><span style=\"mso-tab-count: 1\"><\/span>Lo dicho, pong\u00e1monos de acuerdo y felicit\u00e9monos por la calle, unos a otros, sin ning\u00fan tipo de distinci\u00f3n, porque el d\u00eda de los Santos Inocentes es el d\u00eda de todos nosotros. Podr\u00edamos elegir como m\u00e1rtir de la causa al bueno del Marqu\u00e9s de \u201cMamarrach de <st1:personname w:st=\"on\" ProductID=\"la Courn\u00e9\">la Courn\u00e9<\/st1:personname>\u201d que a fuerza de ser Inocente cual ninguno siempre pens\u00f3 que la piel negra de sus v\u00e1stagos se deb\u00eda a que el clima del sur de Francia era muy soleado, hasta que su esposa, en el lecho de muerte a causa de la s\u00edfilis le confes\u00f3 la dura verdad. Y es que todos los criados de la casa eran de color\u2026de color negro, quiero decir. \u00a1Que una cosa es ser Inocente, y otra cornudo\u2026 y gilipollas!<o:p><\/o:p><\/span><\/p>\n<!-- AddThis Advanced Settings generic via filter on the_content --><!-- AddThis Share Buttons generic via filter on the_content -->","protected":false},"excerpt":{"rendered":"<p>Hoy 28 de Diciembre, celebramos la festividad de los Santos Inocentes. Quien suscribe se pregunta por qu\u00e9 no celebraremos al un\u00edsono tan magna festividad, pues todos contribuimos a ella de alguna u otra manera. < ?xml:namespace prefix = o ns = \"urn:schemas-microsoft-com:office:office\" \/> Inocentes somos todos, y Santos casi tambi\u00e9n \u00a1qu\u00e9 narices! Inocente es Zapatero [&hellip;]<!-- AddThis Advanced Settings generic via filter on get_the_excerpt --><!-- AddThis Share Buttons generic via filter on get_the_excerpt --><\/p>\n","protected":false},"author":14,"featured_media":0,"comment_status":"open","ping_status":"closed","sticky":false,"template":"","format":"standard","meta":[],"categories":[5],"tags":[1195,1232,1515,1806,2084,2283,2594,2595,3103,4343,4587,4588,5363],"_links":{"self":[{"href":"https:\/\/blogs.hoy.es\/loch-lomond\/wp-json\/wp\/v2\/posts\/164"}],"collection":[{"href":"https:\/\/blogs.hoy.es\/loch-lomond\/wp-json\/wp\/v2\/posts"}],"about":[{"href":"https:\/\/blogs.hoy.es\/loch-lomond\/wp-json\/wp\/v2\/types\/post"}],"author":[{"embeddable":true,"href":"https:\/\/blogs.hoy.es\/loch-lomond\/wp-json\/wp\/v2\/users\/14"}],"replies":[{"embeddable":true,"href":"https:\/\/blogs.hoy.es\/loch-lomond\/wp-json\/wp\/v2\/comments?post=164"}],"version-history":[{"count":0,"href":"https:\/\/blogs.hoy.es\/loch-lomond\/wp-json\/wp\/v2\/posts\/164\/revisions"}],"wp:attachment":[{"href":"https:\/\/blogs.hoy.es\/loch-lomond\/wp-json\/wp\/v2\/media?parent=164"}],"wp:term":[{"taxonomy":"category","embeddable":true,"href":"https:\/\/blogs.hoy.es\/loch-lomond\/wp-json\/wp\/v2\/categories?post=164"},{"taxonomy":"post_tag","embeddable":true,"href":"https:\/\/blogs.hoy.es\/loch-lomond\/wp-json\/wp\/v2\/tags?post=164"}],"curies":[{"name":"wp","href":"https:\/\/api.w.org\/{rel}","templated":true}]}}