{"id":166,"date":"2011-01-03T17:07:00","date_gmt":"2011-01-03T17:07:00","guid":{"rendered":"http:\/\/blogs.hoy.es\/loch-lomond\/?p=166"},"modified":"2011-01-03T17:07:00","modified_gmt":"2011-01-03T17:07:00","slug":"la-cosa-va-amigos","status":"publish","type":"post","link":"https:\/\/blogs.hoy.es\/loch-lomond\/2011\/01\/03\/la-cosa-va-amigos\/","title":{"rendered":"LA COSA VA DE AMIGOS"},"content":{"rendered":"<p><img class=imgizqda id=img_0 src=\"\/loch-lomond\/wp-content\/uploads\/sites\/10\"\/><\/p>\n<p class=MsoNormal style=\"MARGIN: 0cm 0cm 0pt; TEXT-ALIGN: justify\"><span style=\"FONT-SIZE: 10pt; COLOR: #003366; FONT-FAMILY: Verdana\"><font color=#000000>&#8220;AMIGO&#8221;. Foto: Enrique Falc\u00f3<\/font><\/span><\/p>\n<p class=MsoNormal style=\"MARGIN: 0cm 0cm 0pt; TEXT-ALIGN: justify\"><span style=\"FONT-SIZE: 10pt; COLOR: #003366; FONT-FAMILY: Verdana\"><\/span><\/p>\n<p class=MsoNormal style=\"MARGIN: 0cm 0cm 0pt; TEXT-ALIGN: justify\"><span style=\"FONT-SIZE: 10pt; COLOR: #003366; FONT-FAMILY: Verdana\"><\/span><\/p>\n<p class=MsoNormal style=\"MARGIN: 0cm 0cm 0pt; TEXT-ALIGN: justify\"><span style=\"FONT-SIZE: 10pt; COLOR: #003366; FONT-FAMILY: Verdana\"><\/span><\/p>\n<p class=MsoNormal style=\"MARGIN: 0cm 0cm 0pt; TEXT-ALIGN: justify\"><span style=\"FONT-SIZE: 10pt; COLOR: #003366; FONT-FAMILY: Verdana\"><\/span><\/p>\n<p class=MsoNormal style=\"MARGIN: 0cm 0cm 0pt; TEXT-ALIGN: justify\"><span style=\"FONT-SIZE: 10pt; COLOR: #003366; FONT-FAMILY: Verdana\"><\/span><\/p>\n<p class=MsoNormal style=\"MARGIN: 0cm 0cm 0pt; TEXT-ALIGN: justify\"><span style=\"FONT-SIZE: 10pt; COLOR: #003366; FONT-FAMILY: Verdana\"><\/span><\/p>\n<p class=MsoNormal style=\"MARGIN: 0cm 0cm 0pt; TEXT-ALIGN: justify\"><span style=\"FONT-SIZE: 10pt; COLOR: #003366; FONT-FAMILY: Verdana\"><\/span><\/p>\n<p class=MsoNormal style=\"MARGIN: 0cm 0cm 0pt; TEXT-ALIGN: justify\"><span style=\"FONT-SIZE: 10pt; COLOR: #003366; FONT-FAMILY: Verdana\"><\/span><\/p>\n<p class=MsoNormal style=\"MARGIN: 0cm 0cm 0pt; TEXT-ALIGN: justify\"><span style=\"FONT-SIZE: 10pt; COLOR: #003366; FONT-FAMILY: Verdana\"><\/span><\/p>\n<p class=MsoNormal style=\"MARGIN: 0cm 0cm 0pt; TEXT-ALIGN: justify\"><span style=\"FONT-SIZE: 10pt; COLOR: #003366; FONT-FAMILY: Verdana\"><\/span><\/p>\n<p class=MsoNormal style=\"MARGIN: 0cm 0cm 0pt; TEXT-ALIGN: justify\"><span style=\"FONT-SIZE: 10pt; COLOR: #003366; FONT-FAMILY: Verdana\"><\/span><\/p>\n<p class=MsoNormal style=\"MARGIN: 0cm 0cm 0pt; TEXT-ALIGN: justify\"><span style=\"FONT-SIZE: 10pt; COLOR: #003366; FONT-FAMILY: Verdana\">El 31 de diciembre tuve la suerte de pasarlo entre <font color=#ff0000>amigos<\/font>. Zaira, Mill\u00e1n y Nene, de los Violent Popes, tuvieron a bien hacer un hueco en sus agendas para que pudi\u00e9ramos pasar un rato agradable juntos, al mediod\u00eda con unas ca\u00f1as, y adem\u00e1s en el antiguo \u201cEl Duende\u201d (\u201cCallej\u00f3n de < ?xml:namespace prefix = st1 ns = \"urn:schemas-microsoft-com:office:smarttags\" \/><st1:personname ProductID=\"la Plazuela\" w:st=\"on\">la Plazuela<\/st1:personname>\u201d ahora, si no me equivoco), el lugar donde ofrecimos nuestra primera actuaci\u00f3n el 2 de Marzo del 96. Faltaba \u00d3scar, otro <font color=#ff0000>amigo<\/font>, un hermano (Left Brothers) pero viene ma\u00f1ana, por lo que podremos darnos un abrazo para recibir el a\u00f1o. As\u00ed mismo, por la tarde, en el trabajo, el d\u00eda de nochevieja tambi\u00e9n pude disfrutar de algunos compis de curro que cuento entre mis <font color=#ff0000>amigos<\/font>. Por la noche la familia, los mejores <font color=#ff0000>amigos,<\/font> incluido los cu\u00f1ados, que son tan <font color=#ff0000>amigos<\/font> como cualquiera. En resumen, desped\u00ed un a\u00f1o, una d\u00e9cada, entre <font color=#ff0000>amigos<\/font>, y recib\u00ed 2011 <span style=\"mso-spacerun: yes\"><\/span>igual. \u00a1Que afortunado me siento!< ?xml:namespace prefix = o ns = \"urn:schemas-microsoft-com:office:office\" \/><o:p><\/o:p><\/span><\/p>\n<p class=MsoNormal style=\"MARGIN: 0cm 0cm 0pt; TEXT-ALIGN: justify\"><span style=\"FONT-SIZE: 10pt; COLOR: #003366; FONT-FAMILY: Verdana\"><o:p><\/o:p><\/span><\/p>\n<p class=MsoNormal style=\"MARGIN: 0cm 0cm 0pt; TEXT-ALIGN: justify\"><span style=\"FONT-SIZE: 10pt; COLOR: #003366; FONT-FAMILY: Verdana\"><o:p><\/o:p><\/span><\/p>\n<p class=MsoNormal style=\"MARGIN: 0cm 0cm 0pt; TEXT-ALIGN: justify\"><span style=\"FONT-SIZE: 10pt; COLOR: #003366; FONT-FAMILY: Verdana\"><o:p><\/o:p><\/span><\/p>\n<p class=MsoNormal style=\"MARGIN: 0cm 0cm 0pt; TEXT-ALIGN: justify\"><span style=\"FONT-SIZE: 10pt; COLOR: #003366; FONT-FAMILY: Verdana\"><o:p><\/o:p><\/span><\/p>\n<p class=MsoNormal style=\"MARGIN: 0cm 0cm 0pt; TEXT-ALIGN: justify\"><span style=\"FONT-SIZE: 10pt; COLOR: #003366; FONT-FAMILY: Verdana\"><o:p><\/o:p><\/span><\/p>\n<p class=MsoNormal style=\"MARGIN: 0cm 0cm 0pt; TEXT-ALIGN: justify\"><span style=\"FONT-SIZE: 10pt; COLOR: #003366; FONT-FAMILY: Verdana\">Adem\u00e1s, ya que la cosa va de <font color=#ff0000>amigos<\/font>, con ese mismo nombre, <font color=#ff0000>\u201cAmigo\u201d<\/font> he bautizado al precioso caballo negro que contemplo cada d\u00eda al despertar desde la terraza de mi sal\u00f3n. S\u00f3lo diviso campo, paz y tranquilidad, y al pobre <font color=#ff0000>\u201cAmigo\u201d<\/font>, que es m\u00e1s bueno que un San Luis. No da nada de ruido, ni siquiera relincha ni hace jaleo al andar.<\/span><\/p>\n<p class=MsoNormal style=\"MARGIN: 0cm 0cm 0pt; TEXT-ALIGN: justify\"><span style=\"FONT-SIZE: 10pt; COLOR: #003366; FONT-FAMILY: Verdana\"><\/span><\/p>\n<p class=MsoNormal style=\"MARGIN: 0cm 0cm 0pt; TEXT-ALIGN: justify\"><span style=\"FONT-SIZE: 10pt; COLOR: #003366; FONT-FAMILY: Verdana\"><\/span><\/p>\n<p class=MsoNormal style=\"MARGIN: 0cm 0cm 0pt; TEXT-ALIGN: justify\"><span style=\"FONT-SIZE: 10pt; COLOR: #003366; FONT-FAMILY: Verdana\"><\/span><\/p>\n<p class=MsoNormal style=\"MARGIN: 0cm 0cm 0pt; TEXT-ALIGN: justify\"><span style=\"FONT-SIZE: 10pt; COLOR: #003366; FONT-FAMILY: Verdana\"><\/span><\/p>\n<p class=MsoNormal style=\"MARGIN: 0cm 0cm 0pt; TEXT-ALIGN: justify\"><span style=\"FONT-SIZE: 10pt; COLOR: #003366; FONT-FAMILY: Verdana\"><\/span><\/p>\n<p class=MsoNormal style=\"MARGIN: 0cm 0cm 0pt; TEXT-ALIGN: justify\"><span style=\"FONT-SIZE: 10pt; COLOR: #003366; FONT-FAMILY: Verdana\"><o:p><\/o:p><\/span><\/p>\n<p class=MsoNormal style=\"MARGIN: 0cm 0cm 0pt; TEXT-ALIGN: justify\"><span style=\"FONT-SIZE: 10pt; COLOR: #003366; FONT-FAMILY: Verdana\"><o:p><\/o:p><\/span><\/p>\n<p class=MsoNormal style=\"MARGIN: 0cm 0cm 0pt; TEXT-ALIGN: justify\"><span style=\"FONT-SIZE: 10pt; COLOR: #003366; FONT-FAMILY: Verdana\"><font color=#ff0000>\u201cAmigos\u201d<\/font>, bonita palabra para terminar y comenzar un a\u00f1o, para pasar p\u00e1gina y avanzar hacia una nueva aventura. Un copazo de LOCH LOMOND por los <font color=#ff0000>amigos<\/font>. Por los viejos, por los m\u00e1s nuevos, por los que est\u00e1n por llegar. Y por ustedes tambi\u00e9n <font color=#ff0000>amigos<\/font> lectores, que ya hace un a\u00f1o que comparto una parte de mi vida con ustedes. S\u00edrvanse otra ronda que esta la pago yo, y prep\u00e1rense para un nuevo a\u00f1o cargado de historias, an\u00e9cdotas, humor, iron\u00eda y cr\u00edticas, claro que s\u00ed. En definitiva <font color=#ff0000>amigos<\/font>, para entretenerse, que de eso se trata. \u00a1Feliz 2011!<o:p><\/o:p><\/span><\/p>\n<!-- AddThis Advanced Settings generic via filter on the_content --><!-- AddThis Share Buttons generic via filter on the_content -->","protected":false},"excerpt":{"rendered":"<p>&#8220;AMIGO&#8221;. Foto: Enrique Falc\u00f3 El 31 de diciembre tuve la suerte de pasarlo entre amigos. Zaira, Mill\u00e1n y Nene, de los Violent Popes, tuvieron a bien hacer un hueco en sus agendas para que pudi\u00e9ramos pasar un rato agradable juntos, al mediod\u00eda con unas ca\u00f1as, y adem\u00e1s en el antiguo \u201cEl Duende\u201d (\u201cCallej\u00f3n de < [&hellip;]<!-- AddThis Advanced Settings generic via filter on get_the_excerpt --><!-- AddThis Share Buttons generic via filter on get_the_excerpt --><\/p>\n","protected":false},"author":14,"featured_media":0,"comment_status":"open","ping_status":"closed","sticky":false,"template":"","format":"standard","meta":[],"categories":[2],"tags":[236,239],"_links":{"self":[{"href":"https:\/\/blogs.hoy.es\/loch-lomond\/wp-json\/wp\/v2\/posts\/166"}],"collection":[{"href":"https:\/\/blogs.hoy.es\/loch-lomond\/wp-json\/wp\/v2\/posts"}],"about":[{"href":"https:\/\/blogs.hoy.es\/loch-lomond\/wp-json\/wp\/v2\/types\/post"}],"author":[{"embeddable":true,"href":"https:\/\/blogs.hoy.es\/loch-lomond\/wp-json\/wp\/v2\/users\/14"}],"replies":[{"embeddable":true,"href":"https:\/\/blogs.hoy.es\/loch-lomond\/wp-json\/wp\/v2\/comments?post=166"}],"version-history":[{"count":0,"href":"https:\/\/blogs.hoy.es\/loch-lomond\/wp-json\/wp\/v2\/posts\/166\/revisions"}],"wp:attachment":[{"href":"https:\/\/blogs.hoy.es\/loch-lomond\/wp-json\/wp\/v2\/media?parent=166"}],"wp:term":[{"taxonomy":"category","embeddable":true,"href":"https:\/\/blogs.hoy.es\/loch-lomond\/wp-json\/wp\/v2\/categories?post=166"},{"taxonomy":"post_tag","embeddable":true,"href":"https:\/\/blogs.hoy.es\/loch-lomond\/wp-json\/wp\/v2\/tags?post=166"}],"curies":[{"name":"wp","href":"https:\/\/api.w.org\/{rel}","templated":true}]}}