{"id":167,"date":"2011-01-05T12:41:00","date_gmt":"2011-01-05T11:41:00","guid":{"rendered":"http:\/\/blogs.hoy.es\/loch-lomond\/?p=167"},"modified":"2011-01-05T12:41:00","modified_gmt":"2011-01-05T11:41:00","slug":"la-cabalgata-es-lata","status":"publish","type":"post","link":"https:\/\/blogs.hoy.es\/loch-lomond\/2011\/01\/05\/la-cabalgata-es-lata\/","title":{"rendered":"La cabalgata es una lata"},"content":{"rendered":"<p><img id=\"img_0\" src=\"\/\/www.absolutmerida.com\/wp-content\/uploads\/2009\/12\/reyes1.gif\" alt=\"\" \/><\/p>\n<p class=\"MsoNormal\" style=\"margin: 0cm 0cm 0pt; text-align: justify;\"><span style=\"font-size: 10pt; color: #003366; font-family: Verdana;\">Nunca me gust\u00f3 La Cabalgata. Es m\u00e1s, casi que puedo al fin confesar, ahora que ya soy mayor, que le ten\u00eda una man\u00eda incre\u00edble. No la soportaba ni la soporto hoy. Me parece infumable, al igual que el desfile de Carnaval, que tambi\u00e9n se me antoja insufrible. Enti\u00e9ndanme, mi menda, cuando era ni\u00f1o, ten\u00eda la ilusi\u00f3n de los Reyes y todo eso, cre\u00eda en Sus Majestades con verdadera adoraci\u00f3n y les prodigaba reverencial respeto, pues mi padre me contaba historias tan maravillosas de los Reyes Magos que los ten\u00eda en un altar, y me re\u00eda no sin mostrar cierta l\u00e1stima de aquellos ni\u00f1os que no cre\u00edan en Melchor, Gaspar y Baltasar. Pero la cabalgata era otro cantar. Horas y horas esperando para pelearte por cuatro caramelos, y todo para ver a los Reyes Magos, que ya ves t\u00fa, ten\u00edan las mismas barbas cada a\u00f1o. Nunca le vi lo bonito ni lo divertido a las carrozas y no me entreten\u00eda nada en absoluto, me aburr\u00eda de solemnidad, y solo deseaba que aquel rollazo acabara cuanto antes. Cuando adquir\u00ed una edad digamos apropiada, donde no ten\u00eda ya que fingir que todo aquello me entusiasmaba, le contest\u00e9 a mi madre de tal guisa cuando me pregunt\u00f3 si le acompa\u00f1aba a ella y a mi hermano peque\u00f1o a ver a Los Reyes Magos de Oriente en La Cabalgata: \u201cLa Cabalgata es una lata mam\u00e1, me voy a jugar al baloncesto con mi amigo Ricardo\u201d.<\/span><\/p>\n<p><span style=\"font-size: 10pt; color: #003366; font-family: Verdana;\"><img id=\"img_1\" src=\"\/\/3.bp.blogspot.com\/_Er2ZY8zeEok\/S0ErmgWd6iI\/AAAAAAAABDY\/ZTWCbUce_9I\/s400\/reyes-magos.jpg\" alt=\"\" \/><\/span><br \/>\n\u00a0<\/p>\n<p class=\"MsoNormal\" style=\"margin: 0cm 0cm 0pt; text-align: justify;\"><span style=\"font-size: 10pt; color: #003366; font-family: Verdana;\">Montones de amigos m\u00edos se pirran por llevar a sus hijos a la cabalgata, y los entiendo, y tambi\u00e9n puedo entender que a ellos adem\u00e1s\u00a0les plazca, luego est\u00e1n\u00a0a\u00a0los que les parece una casta\u00f1a horrorosa pero no persiguen m\u00e1s que la felicidad e ilusi\u00f3n de sus v\u00e1stagos, lo dicho,\u00a0es una cuesti\u00f3n muy entendible.\u00a0Pero a riesgo de ser el futuro peor padre de la historia, me atrever\u00eda a afirmar que no ser\u00e1 quien suscribe uno de tantos padres que conduzcan de la mano a sus larvas hacia aquel interminable aburrimiento. Me veo haciendo cola para llevarlos al cine, a la feria del libro, al teatro, a un museo, a un concierto de alg\u00fan artista que no me plazca especialmente incluso, pero jam\u00e1s a la sopor\u00edfera\u00a0cabalgata\u2026 ni al desfile de Carnaval (que los lleve su madre, o sus abuelos). Lo siento mucho a quien le moleste, es una cuesti\u00f3n de principios, y sobre todo, de aburrimiento. \u00a1La cabalgata es una lata! Esta es mi opini\u00f3n, y yo la comparto.<\/span><\/p>\n<!-- AddThis Advanced Settings generic via filter on the_content --><!-- AddThis Share Buttons generic via filter on the_content -->","protected":false},"excerpt":{"rendered":"<p>Nunca me gust\u00f3 La Cabalgata. Es m\u00e1s, casi que puedo al fin confesar, ahora que ya soy mayor, que le ten\u00eda una man\u00eda incre\u00edble. No la soportaba ni la soporto hoy. Me parece infumable, al igual que el desfile de Carnaval, que tambi\u00e9n se me antoja insufrible. Enti\u00e9ndanme, mi menda, cuando era ni\u00f1o, ten\u00eda la [&hellip;]<!-- AddThis Advanced Settings generic via filter on get_the_excerpt --><!-- AddThis Share Buttons generic via filter on get_the_excerpt --><\/p>\n","protected":false},"author":14,"featured_media":0,"comment_status":"open","ping_status":"closed","sticky":false,"template":"","format":"standard","meta":[],"categories":[5],"tags":[90,460,667,795,1515,1806,2247,2431,2625,2853,2854,3103,3425,3674,3856,4469,4835],"_links":{"self":[{"href":"https:\/\/blogs.hoy.es\/loch-lomond\/wp-json\/wp\/v2\/posts\/167"}],"collection":[{"href":"https:\/\/blogs.hoy.es\/loch-lomond\/wp-json\/wp\/v2\/posts"}],"about":[{"href":"https:\/\/blogs.hoy.es\/loch-lomond\/wp-json\/wp\/v2\/types\/post"}],"author":[{"embeddable":true,"href":"https:\/\/blogs.hoy.es\/loch-lomond\/wp-json\/wp\/v2\/users\/14"}],"replies":[{"embeddable":true,"href":"https:\/\/blogs.hoy.es\/loch-lomond\/wp-json\/wp\/v2\/comments?post=167"}],"version-history":[{"count":0,"href":"https:\/\/blogs.hoy.es\/loch-lomond\/wp-json\/wp\/v2\/posts\/167\/revisions"}],"wp:attachment":[{"href":"https:\/\/blogs.hoy.es\/loch-lomond\/wp-json\/wp\/v2\/media?parent=167"}],"wp:term":[{"taxonomy":"category","embeddable":true,"href":"https:\/\/blogs.hoy.es\/loch-lomond\/wp-json\/wp\/v2\/categories?post=167"},{"taxonomy":"post_tag","embeddable":true,"href":"https:\/\/blogs.hoy.es\/loch-lomond\/wp-json\/wp\/v2\/tags?post=167"}],"curies":[{"name":"wp","href":"https:\/\/api.w.org\/{rel}","templated":true}]}}