{"id":170,"date":"2011-01-11T01:36:00","date_gmt":"2011-01-11T01:36:00","guid":{"rendered":"http:\/\/blogs.hoy.es\/loch-lomond\/?p=170"},"modified":"2011-01-11T01:36:00","modified_gmt":"2011-01-11T01:36:00","slug":"img-src-http-bl-2","status":"publish","type":"post","link":"https:\/\/blogs.hoy.es\/loch-lomond\/2011\/01\/11\/img-src-http-bl-2\/","title":{"rendered":"VERG\u00dcENZA"},"content":{"rendered":"<p><img class=imgizqda id=img_0 src=\"\/loch-lomond\/wp-content\/uploads\/sites\/10\"\/><\/p>\n<p><font color=#000099>Verg\u00fcenza, es la palabra que mejor define el sentir de los aficionados espa\u00f1oles al f\u00fatbol en la tarde de ayer, tras la pantomima de la entrega del Bal\u00f3n de Oro (del que cag\u00f3 el moro).<br \/>\nNo cab\u00eda en cabeza humana la designaci\u00f3n en su d\u00eda del bravo Forl\u00e1n como mejor jugador del Mundial. El excelente delantero rojiblanco llev\u00f3 a cabo un gran campeonato, pero con todos mis respetos un futbolista que ni siquiera ha jugado la gran final no deber\u00eda gozar de tan prestigiosa designaci\u00f3n. Ayer ocurri\u00f3 algo muy parecido. Tras tantos a\u00f1os escuchando excusas de Blatter, Platin\u00ed y compa\u00f1\u00eda asegurando que Ra\u00fal no merec\u00eda el Bal\u00f3n de Oro debido a que no estuvo a la altura en el Mundial con su selecci\u00f3n, esper\u00e1bamos impacientes a que por fin, un espa\u00f1ol, a saber Xavi, (quien ha sido con diferencia el mejor jugador del a\u00f1o 2010, que es de lo que se trata) o bien Iniesta (por aquello de ser el autor del gol de la final) se alzaran con tan prestigioso galard\u00f3n.<\/p>\n<p>Una vez m\u00e1s ha quedado demostrado que el verdadero objetivo que deber\u00eda perseguirse, es decir, premiar el buen f\u00fatbol, queda relegado por otros aspectos que cobran mayor importancia, como absurdos compadreos nacionalistas o intereses publicitarios. Seguramente quede mejor a nivel mundial, u otorgue m\u00e1s cach\u00e9 la figura de Leo Messi como Bal\u00f3n de Oro antes que los espa\u00f1oles Xavi o Iniesta, pero que no me intente convencer nadie, ni siquiera las m\u00e1s reputadas personalidades del f\u00fatbol o de la FIFA de que el astro argentino es el jugador que merece ganar el Bal\u00f3n de Oro del a\u00f1o 2010.<\/font><\/p>\n<p><font color=#000099><\/font><\/p>\n<p><font color=#000099><\/font><\/p>\n<p><font color=#000099><\/font><\/p>\n<p><font color=#000099><\/font><\/p>\n<p><font color=#000099><\/font><\/p>\n<p><font color=#000099><\/font><\/p>\n<p><font color=#000099><\/p>\n<p>Para el menda, Xavi es quien deber\u00eda haber obtenido tal honor, o en su defecto, Iniesta, por aquello de la importancia de marcar el gol que supone la consecuci\u00f3n de un Mundial. Messi es seguramente el mejor futbolista del mundo, nadie lo pone en duda, pero si se est\u00e1 premiando la consecuci\u00f3n de t\u00edtulos, el discreto papel del argentino en el pasado Mundial de Sud\u00e1frica deber\u00eda haber jugado en su contra, como en el repetido caso de Ra\u00fal en los \u00faltimos a\u00f1os.<\/p>\n<p>Lo \u00fanico que me tranquiliza un poco es que mi \u00eddolo, Paolo Maldini, el mejor defensa de la historia, nunca fue Bal\u00f3n de Oro. Esto deber\u00eda bastar a Xavi y a Iniesta, y a todos los indignados aficionados espa\u00f1oles para no darle m\u00e1s vueltas a la consecuci\u00f3n de un premio que en los \u00faltimos a\u00f1os ha ido sustituyendo al vil metal por n\u00e1car y alpaca. Mil millones de mil millones de naufragios!!!<\/font><\/p>\n<!-- AddThis Advanced Settings generic via filter on the_content --><!-- AddThis Share Buttons generic via filter on the_content -->","protected":false},"excerpt":{"rendered":"<p>Verg\u00fcenza, es la palabra que mejor define el sentir de los aficionados espa\u00f1oles al f\u00fatbol en la tarde de ayer, tras la pantomima de la entrega del Bal\u00f3n de Oro (del que cag\u00f3 el moro). No cab\u00eda en cabeza humana la designaci\u00f3n en su d\u00eda del bravo Forl\u00e1n como mejor jugador del Mundial. El excelente [&hellip;]<!-- AddThis Advanced Settings generic via filter on get_the_excerpt --><!-- AddThis Share Buttons generic via filter on get_the_excerpt --><\/p>\n","protected":false},"author":14,"featured_media":0,"comment_status":"open","ping_status":"closed","sticky":false,"template":"","format":"standard","meta":[],"categories":[7],"tags":[144,1885,2098,2110,2142,2211,2589,3449,3585,4355,4623,5209,5330],"_links":{"self":[{"href":"https:\/\/blogs.hoy.es\/loch-lomond\/wp-json\/wp\/v2\/posts\/170"}],"collection":[{"href":"https:\/\/blogs.hoy.es\/loch-lomond\/wp-json\/wp\/v2\/posts"}],"about":[{"href":"https:\/\/blogs.hoy.es\/loch-lomond\/wp-json\/wp\/v2\/types\/post"}],"author":[{"embeddable":true,"href":"https:\/\/blogs.hoy.es\/loch-lomond\/wp-json\/wp\/v2\/users\/14"}],"replies":[{"embeddable":true,"href":"https:\/\/blogs.hoy.es\/loch-lomond\/wp-json\/wp\/v2\/comments?post=170"}],"version-history":[{"count":0,"href":"https:\/\/blogs.hoy.es\/loch-lomond\/wp-json\/wp\/v2\/posts\/170\/revisions"}],"wp:attachment":[{"href":"https:\/\/blogs.hoy.es\/loch-lomond\/wp-json\/wp\/v2\/media?parent=170"}],"wp:term":[{"taxonomy":"category","embeddable":true,"href":"https:\/\/blogs.hoy.es\/loch-lomond\/wp-json\/wp\/v2\/categories?post=170"},{"taxonomy":"post_tag","embeddable":true,"href":"https:\/\/blogs.hoy.es\/loch-lomond\/wp-json\/wp\/v2\/tags?post=170"}],"curies":[{"name":"wp","href":"https:\/\/api.w.org\/{rel}","templated":true}]}}