{"id":171,"date":"2011-01-13T13:39:00","date_gmt":"2011-01-13T12:39:00","guid":{"rendered":"http:\/\/blogs.hoy.es\/loch-lomond\/?p=171"},"modified":"2011-01-13T13:39:00","modified_gmt":"2011-01-13T12:39:00","slug":"lo-tuyo-tiene-nombre-2","status":"publish","type":"post","link":"https:\/\/blogs.hoy.es\/loch-lomond\/2011\/01\/13\/lo-tuyo-tiene-nombre-2\/","title":{"rendered":"Lo tuyo no tiene nombre"},"content":{"rendered":"<p><span style=\"font-size: x-small;\"><img id=\"img_1\" class=\"imgizqda\" src=\"\/loch-lomond\/wp-content\/uploads\/sites\/10\" alt=\"\" \/><\/span><\/p>\n<p>&nbsp;<\/p>\n<p align=\"JUSTIFY\"><span style=\"color: #000080;\">&#8220;Lo tuyo no tiene m\u00e9rito, la verdad. No s\u00e9 por qu\u00e9 recibes tanta cobertura ni acaparas tanta atenci\u00f3n, si cualquiera puede hacerlo&#8221; &#8211; Me escupi\u00f3 a la cara un conocido el otro d\u00eda, as\u00ed, sin anestesia y sin nada, casi sin alterarse, y a pocos cent\u00edmetros de mis <a href=\"http:\/\/www.misterspex.es\/\"><span style=\"color: #000080; text-decoration: underline;\">gafas<\/span><\/a>. La verdad es que no era la primera vez que me echaban en cara algo parecido, pero s\u00ec la primera que lo hac\u00edan de ese modo, tan directamente, y tan convencido de ser portador de la verdad m\u00e1s absoluta que no pude evitar sentirme un poco inc\u00f3modo, m\u00e1s que inc\u00f3modo deber\u00eda aclarar que lo que realmente consigui\u00f3 el t\u00edo fue tocarme un poco los pinreles reales.<\/span><\/p>\n<p align=\"JUSTIFY\"><span style=\"color: #000080;\">&#8220;A mi s\u00e9 me ocurrir\u00edan cosas m\u00e1s originales y bastante m\u00e1s graciosas, e incluso m\u00e1s serias y profundas que las chorradas que sueltas. La verdad es que no s\u00e9 ni como te atreves a publicar seg\u00fan que cosas&#8221; &#8211; Mi menda, que a pesar del cabreo supo contenerse, muy tranquilamente respondi\u00f3 &#8211; &#8220;\u00bfY por qu\u00e9 no lo haces?&#8221; &#8211; &#8220;Pues porque lo que ocurre es que yo no s\u00e9 como explicarlo ni como contarlo&#8221; &#8211; Solt\u00f3 por tama\u00f1a bocaza a modo de disculpa y se qued\u00f3 tan tranquilo.<\/span><\/p>\n<p align=\"JUSTIFY\"><span style=\"color: #000080;\">&#8220;Entonces deber\u00edas reconocer que algo de m\u00e9rito debo de tener \u00bfno?&#8221; le apremi\u00e9 no sin ganas de ciscarme en sus muertos. &#8220;No&#8221; &#8211; escupi\u00f3 casi con desprecio &#8211; &#8220;porque a ti se te da bien y eso no tiene m\u00e9rito&#8221;.<\/span><\/p>\n<p align=\"JUSTIFY\"><span style=\"color: #000080;\">Ante tan incre\u00edble planteamiento no me qued\u00f3 m\u00e1s que sonreir con tristeza, tras pocos segundos y con algo de cierta condescendencia, d\u00ed por finalizada la conversaci\u00f3n con una frase que desencaj\u00f3 en algo a mi vulgar interlocutor -&#8220;Lo m\u00edo no tendr\u00e1 m\u00e9rito macho, pero lo tuyo&#8230; no tiene nombre&#8221;.<\/span><\/p>\n<p align=\"JUSTIFY\"><span style=\"color: #000080;\">Espeluznante historia sobre la estupidez del ser humano amigos. \u00a1A\u00fan tiemblo cuando la narro!<\/span><\/p>\n<p>&nbsp;<\/p>\n<!-- AddThis Advanced Settings generic via filter on the_content --><!-- AddThis Share Buttons generic via filter on the_content -->","protected":false},"excerpt":{"rendered":"<p>&nbsp; &#8220;Lo tuyo no tiene m\u00e9rito, la verdad. No s\u00e9 por qu\u00e9 recibes tanta cobertura ni acaparas tanta atenci\u00f3n, si cualquiera puede hacerlo&#8221; &#8211; Me escupi\u00f3 a la cara un conocido el otro d\u00eda, as\u00ed, sin anestesia y sin nada, casi sin alterarse, y a pocos cent\u00edmetros de mis gafas. La verdad es que no [&hellip;]<!-- AddThis Advanced Settings generic via filter on get_the_excerpt --><!-- AddThis Share Buttons generic via filter on get_the_excerpt --><\/p>\n","protected":false},"author":14,"featured_media":0,"comment_status":"open","ping_status":"closed","sticky":false,"template":"","format":"standard","meta":[],"categories":[7],"tags":[965,1439,1515,1806,1936,1937,2218,3096,3097,3103,3446],"_links":{"self":[{"href":"https:\/\/blogs.hoy.es\/loch-lomond\/wp-json\/wp\/v2\/posts\/171"}],"collection":[{"href":"https:\/\/blogs.hoy.es\/loch-lomond\/wp-json\/wp\/v2\/posts"}],"about":[{"href":"https:\/\/blogs.hoy.es\/loch-lomond\/wp-json\/wp\/v2\/types\/post"}],"author":[{"embeddable":true,"href":"https:\/\/blogs.hoy.es\/loch-lomond\/wp-json\/wp\/v2\/users\/14"}],"replies":[{"embeddable":true,"href":"https:\/\/blogs.hoy.es\/loch-lomond\/wp-json\/wp\/v2\/comments?post=171"}],"version-history":[{"count":0,"href":"https:\/\/blogs.hoy.es\/loch-lomond\/wp-json\/wp\/v2\/posts\/171\/revisions"}],"wp:attachment":[{"href":"https:\/\/blogs.hoy.es\/loch-lomond\/wp-json\/wp\/v2\/media?parent=171"}],"wp:term":[{"taxonomy":"category","embeddable":true,"href":"https:\/\/blogs.hoy.es\/loch-lomond\/wp-json\/wp\/v2\/categories?post=171"},{"taxonomy":"post_tag","embeddable":true,"href":"https:\/\/blogs.hoy.es\/loch-lomond\/wp-json\/wp\/v2\/tags?post=171"}],"curies":[{"name":"wp","href":"https:\/\/api.w.org\/{rel}","templated":true}]}}