{"id":173,"date":"2011-01-19T00:10:00","date_gmt":"2011-01-19T00:10:00","guid":{"rendered":"http:\/\/blogs.hoy.es\/loch-lomond\/?p=173"},"modified":"2011-01-19T00:10:00","modified_gmt":"2011-01-19T00:10:00","slug":"niebla-pasajera","status":"publish","type":"post","link":"https:\/\/blogs.hoy.es\/loch-lomond\/2011\/01\/19\/niebla-pasajera\/","title":{"rendered":"Niebla pasajera"},"content":{"rendered":"<p><img id=\"img_1\" class=\"imgcen\" src=\"\/loch-lomond\/wp-content\/uploads\/sites\/10\" alt=\"\" \/><\/p>\n<p><span style=\"color: #000080;\">En los \u00faltimos d\u00edas nos estamos acostumbrando a despertarnos entre grises y blancos de neblina. La niebla, al contrario que alg\u00fan otro fen\u00f3meno meteorol\u00f3gico, como pueden ser el sol y la lluvia, no despierta esbozo alguno de tranquilidad en mi persona. M\u00e1s bien todo lo contrario. La niebla me asusta, me causa pavor, aunque mentir\u00eda si no confieso que la encuentro deliciosamente bella y hermosa.<\/span><\/p>\n<p><span style=\"color: #000080;\">La niebla es harto inc\u00f3moda y muy peligrosa, y oculta peligros, imposibles de ver hasta que no se te presentan en tus mismas narices, cuando seguramente no haya ya tiempo para reaccionar. La niebla es traicionera, inesperada, sorda, se\u00f1al inequ\u00edvoca de la aproximaci\u00f3n de problemas, aunque a la vez tan envolvente, tan llena de misterio y belleza que me provoca un torrente de sensaciones extraordinarias, cuando me hallo sumergido en la profundidad de su h\u00fameda naturaleza. Algo tendr\u00e1 de m\u00e1gico esta niebla, que uno se queda embobado, mir\u00e1ndola como a la luna llena sin saber muy bien en que pensar o cuando apartar la mirada de esa luz que captura parte de tu alma.<\/span><\/p>\n<p><span style=\"color: #000080;\"><a href=\"\/loch-lomond\/wp-content\/uploads\/sites\/10\/2011\/01\/ciudad-y-niebla1.jpg\"><img loading=\"lazy\" class=\"alignnone size-medium wp-image-583\" title=\"OLYMPUS DIGITAL CAMERA\" src=\"\/loch-lomond\/wp-content\/uploads\/sites\/10\/2011\/01\/ciudad-y-niebla1.jpg\" alt=\"\" width=\"291\" height=\"300\" srcset=\"https:\/\/static-blogs.hoy.es\/wp-content\/uploads\/sites\/10\/2011\/01\/ciudad-y-niebla1.jpg 1524w, https:\/\/static-blogs.hoy.es\/wp-content\/uploads\/sites\/10\/2011\/01\/ciudad-y-niebla1-292x300.jpg 292w, https:\/\/static-blogs.hoy.es\/wp-content\/uploads\/sites\/10\/2011\/01\/ciudad-y-niebla1-768x790.jpg 768w, https:\/\/static-blogs.hoy.es\/wp-content\/uploads\/sites\/10\/2011\/01\/ciudad-y-niebla1-996x1024.jpg 996w\" sizes=\"(max-width: 291px) 100vw, 291px\" \/><\/a><\/span><\/p>\n<p><span style=\"color: #000080;\">Siempre me fascin\u00f3, aquello de pisar las nubes, de beb\u00e9rmelas, de vagar extra\u00f1ado en la niebla sin diferenciar muy bien al resto de personas. Niebla pasajera. Belleza pasajera. Olv\u00eddanos por un tiempo y disipa tu velo hasta la aparici\u00f3n del sol invernal que tanto anhelamos. Niebla, sin\u00f3nimo de mal presagio, tan extraordinariamente agraciada como el riesgo de lo prohibido, desaparece de nuestra vida, te lo ruego. Ya s\u00e9 que eres hermosa, pero el Sol tambi\u00e9n lo es, hasta que te acercas demasiado.<\/span><\/p>\n<!-- AddThis Advanced Settings generic via filter on the_content --><!-- AddThis Share Buttons generic via filter on the_content -->","protected":false},"excerpt":{"rendered":"<p>En los \u00faltimos d\u00edas nos estamos acostumbrando a despertarnos entre grises y blancos de neblina. La niebla, al contrario que alg\u00fan otro fen\u00f3meno meteorol\u00f3gico, como pueden ser el sol y la lluvia, no despierta esbozo alguno de tranquilidad en mi persona. M\u00e1s bien todo lo contrario. La niebla me asusta, me causa pavor, aunque mentir\u00eda [&hellip;]<!-- AddThis Advanced Settings generic via filter on get_the_excerpt --><!-- AddThis Share Buttons generic via filter on get_the_excerpt --><\/p>\n","protected":false},"author":14,"featured_media":0,"comment_status":"open","ping_status":"closed","sticky":false,"template":"","format":"standard","meta":[],"categories":[2],"tags":[528,530,531,1515,1806,2407,2409,2553,2573,3088,3103,3236,3645,3665,3666,3725,3973,3974,3975,4226,4733,4757,5066,5188],"_links":{"self":[{"href":"https:\/\/blogs.hoy.es\/loch-lomond\/wp-json\/wp\/v2\/posts\/173"}],"collection":[{"href":"https:\/\/blogs.hoy.es\/loch-lomond\/wp-json\/wp\/v2\/posts"}],"about":[{"href":"https:\/\/blogs.hoy.es\/loch-lomond\/wp-json\/wp\/v2\/types\/post"}],"author":[{"embeddable":true,"href":"https:\/\/blogs.hoy.es\/loch-lomond\/wp-json\/wp\/v2\/users\/14"}],"replies":[{"embeddable":true,"href":"https:\/\/blogs.hoy.es\/loch-lomond\/wp-json\/wp\/v2\/comments?post=173"}],"version-history":[{"count":0,"href":"https:\/\/blogs.hoy.es\/loch-lomond\/wp-json\/wp\/v2\/posts\/173\/revisions"}],"wp:attachment":[{"href":"https:\/\/blogs.hoy.es\/loch-lomond\/wp-json\/wp\/v2\/media?parent=173"}],"wp:term":[{"taxonomy":"category","embeddable":true,"href":"https:\/\/blogs.hoy.es\/loch-lomond\/wp-json\/wp\/v2\/categories?post=173"},{"taxonomy":"post_tag","embeddable":true,"href":"https:\/\/blogs.hoy.es\/loch-lomond\/wp-json\/wp\/v2\/tags?post=173"}],"curies":[{"name":"wp","href":"https:\/\/api.w.org\/{rel}","templated":true}]}}