{"id":174,"date":"2011-01-21T16:15:00","date_gmt":"2011-01-21T16:15:00","guid":{"rendered":"http:\/\/blogs.hoy.es\/loch-lomond\/?p=174"},"modified":"2011-01-21T16:15:00","modified_gmt":"2011-01-21T16:15:00","slug":"la-habitacion-los-suenos-perdidos","status":"publish","type":"post","link":"https:\/\/blogs.hoy.es\/loch-lomond\/2011\/01\/21\/la-habitacion-los-suenos-perdidos\/","title":{"rendered":"La habitaci\u00f3n de los sue\u00f1os perdidos"},"content":{"rendered":"<div id=\"attachment_691\" style=\"width: 310px\" class=\"wp-caption alignnone\"><a href=\"\/loch-lomond\/wp-content\/uploads\/sites\/10\/2011\/01\/La-habitaci\u00f3n-de-los-sue\u00f1os-perdidos.jpg\"><img aria-describedby=\"caption-attachment-691\" loading=\"lazy\" class=\"size-medium wp-image-691\" title=\"La habitaci\u00f3n de los sue\u00f1os perdidos\" src=\"\/loch-lomond\/wp-content\/uploads\/sites\/10\/2011\/01\/La-habitaci\u00f3n-de-los-sue\u00f1os-perdidos.jpg\" alt=\"\u00bfQui\u00e9n puede dormir aqu\u00ec? \" width=\"300\" height=\"225\" srcset=\"https:\/\/static-blogs.hoy.es\/wp-content\/uploads\/sites\/10\/2011\/01\/La-habitaci\u00f3n-de-los-sue\u00f1os-perdidos.jpg 1600w, https:\/\/static-blogs.hoy.es\/wp-content\/uploads\/sites\/10\/2011\/01\/La-habitaci\u00f3n-de-los-sue\u00f1os-perdidos-300x225.jpg 300w, https:\/\/static-blogs.hoy.es\/wp-content\/uploads\/sites\/10\/2011\/01\/La-habitaci\u00f3n-de-los-sue\u00f1os-perdidos-768x576.jpg 768w, https:\/\/static-blogs.hoy.es\/wp-content\/uploads\/sites\/10\/2011\/01\/La-habitaci\u00f3n-de-los-sue\u00f1os-perdidos-1024x768.jpg 1024w\" sizes=\"(max-width: 300px) 100vw, 300px\" \/><\/a><p id=\"caption-attachment-691\" class=\"wp-caption-text\">\u00bfQui\u00e9n puede dormir aqu\u00ec?<\/p><\/div>\n<p><span style=\"color: #000000;\">Foto: Enrique Falc\u00f3<\/span><\/p>\n<p><span style=\"color: #000000;\"><br \/>\n<\/span><span style=\"color: #000080;\">La pasada noche del 5 de enero, con mi novia y unos amigos, nos metimos para el cuerpo una cena espectacular en &#8220;El Marchivirito&#8221;, ya saben, mi fonda predilecta. La noche marchaba sobre ruedas, y nos pareci\u00f3 divertido acercarnos al centro, a tomar unas copas en un Mercantil, que por primera vez en nuestra vida estar\u00eda libre de malos humos. Al pasar por San At\u00f3n, mis ojos contemplaron un espect\u00e1culo que disip\u00f3 toda nota de buen humor que el excelente vino ingerido en la cena hab\u00eda pintado sobre mi rostro.<\/span><\/p>\n<p><span style=\"color: #000080;\">Era una especie de cama, fabricada con cajas y un edred\u00f3n blanco, muy parecido a uno que tengo en mi cuarto. Casi sin darme cuenta saqu\u00e9 la BlackBerry y tom\u00e9 la instant\u00e1nea que reza arriba, debajo del t\u00edtulo del post de hoy. Ayer, en el Diario <em>HOY<\/em>, le\u00ed una noticia sobre el desmantelamiento de una cama en San At\u00f3n, con una foto mucho mejor tomada, pero muy parecida a la m\u00eda.<\/span><\/p>\n<p>\u00a0<br \/>\n<span style=\"color: #000080;\">El motivo de fotografiar aquella cama, esa especie de habitaci\u00f3n maldita, no fue el de d\u00e1rmelas de gran periodista o exquisito fot\u00f3grafo, pues no soy ni una cosa ni otra, sino la de guardar para el recuerdo una instant\u00e1nea que no me haga olvidar nunca que, por mucho que uno se queje de su situaci\u00f3n, siempre hay personas en peores circunstancias que las tuyas.<\/span><\/p>\n<p><span style=\"color: #000080;\">&#8220;\u00bfHasta donde puede llegar la desdicha de un ser humano para dar con sus huesos en ese miserable catre?&#8221; &#8211; Me sorprend\u00ed hablando yo s\u00f3lo &#8211; &#8220;\u00bfQui\u00e9n podr\u00e1 dormir aqu\u00ed?&#8221;. &#8211;\u00a0Me preguntaba horrorizado.<\/span><\/p>\n<p><span style=\"color: #000080;\">Quienes me conozcan y lean mis art\u00edculos saben de mi predisposici\u00f3n al descanso, al buen dormir, y sobre todo a los sue\u00f1os. Nunca borrar\u00e9 esa fotograf\u00eda. Quiero mirarla de vez en cuando para no olvidar. Cuando me crea, por ejemplo, un desgraciado por lo poco que me pagan en el trabajo, o no me otorguen un merecido ascenso. Cuando me enfade, quiz\u00e1s porque no pueda salir a cenar a causa del trabajo o a la falta de liquidez. Cuando me entristezca por no poder disfrutar de unas merecidas vacaciones. En esos momentos mirar\u00e9 la foto y me sentir\u00e9 afortunado por poder descansar en mi habitaci\u00f3n, en una cama de verdad, y dejarme llevar por la magia de los sue\u00f1os. En ese instante, me avergonzar\u00e9 de haberme sentido desgraciado, existiendo quienes s\u00f3lo pueden sufrir pesadillas en aquella maldita habitaci\u00f3n de sue\u00f1os perdidos.<\/span><\/p>\n<!-- AddThis Advanced Settings generic via filter on the_content --><!-- AddThis Share Buttons generic via filter on the_content -->","protected":false},"excerpt":{"rendered":"<p>Foto: Enrique Falc\u00f3 La pasada noche del 5 de enero, con mi novia y unos amigos, nos metimos para el cuerpo una cena espectacular en &#8220;El Marchivirito&#8221;, ya saben, mi fonda predilecta. La noche marchaba sobre ruedas, y nos pareci\u00f3 divertido acercarnos al centro, a tomar unas copas en un Mercantil, que por primera vez [&hellip;]<!-- AddThis Advanced Settings generic via filter on get_the_excerpt --><!-- AddThis Share Buttons generic via filter on get_the_excerpt --><\/p>\n","protected":false},"author":14,"featured_media":0,"comment_status":"open","ping_status":"closed","sticky":false,"template":"","format":"standard","meta":[],"categories":[7],"tags":[437,727,1387,1439,1515,1806,2141,2149,2150,2375,2600,2882,3103,3325,3441,3503,4030,4106,4803],"_links":{"self":[{"href":"https:\/\/blogs.hoy.es\/loch-lomond\/wp-json\/wp\/v2\/posts\/174"}],"collection":[{"href":"https:\/\/blogs.hoy.es\/loch-lomond\/wp-json\/wp\/v2\/posts"}],"about":[{"href":"https:\/\/blogs.hoy.es\/loch-lomond\/wp-json\/wp\/v2\/types\/post"}],"author":[{"embeddable":true,"href":"https:\/\/blogs.hoy.es\/loch-lomond\/wp-json\/wp\/v2\/users\/14"}],"replies":[{"embeddable":true,"href":"https:\/\/blogs.hoy.es\/loch-lomond\/wp-json\/wp\/v2\/comments?post=174"}],"version-history":[{"count":0,"href":"https:\/\/blogs.hoy.es\/loch-lomond\/wp-json\/wp\/v2\/posts\/174\/revisions"}],"wp:attachment":[{"href":"https:\/\/blogs.hoy.es\/loch-lomond\/wp-json\/wp\/v2\/media?parent=174"}],"wp:term":[{"taxonomy":"category","embeddable":true,"href":"https:\/\/blogs.hoy.es\/loch-lomond\/wp-json\/wp\/v2\/categories?post=174"},{"taxonomy":"post_tag","embeddable":true,"href":"https:\/\/blogs.hoy.es\/loch-lomond\/wp-json\/wp\/v2\/tags?post=174"}],"curies":[{"name":"wp","href":"https:\/\/api.w.org\/{rel}","templated":true}]}}