{"id":179,"date":"2011-02-07T13:14:00","date_gmt":"2011-02-07T12:14:00","guid":{"rendered":"http:\/\/blogs.hoy.es\/loch-lomond\/?p=179"},"modified":"2011-02-07T13:14:00","modified_gmt":"2011-02-07T12:14:00","slug":"que-tendra-tele","status":"publish","type":"post","link":"https:\/\/blogs.hoy.es\/loch-lomond\/2011\/02\/07\/que-tendra-tele\/","title":{"rendered":"\u00a1QUE TENDR\u00c1 LA TELE!"},"content":{"rendered":"<p><img id=img_1 src=\"\/\/ticotica.files.wordpress.com\/2009\/09\/television.jpg\"\/><\/p>\n<p class=MsoNormal style=\"MARGIN: 0cm 0cm 0pt; TEXT-ALIGN: justify\"><span style=\"COLOR: #003366; FONT-FAMILY: Arial\"><font size=3>No recuerdo cuando fue la primera vez que sal\u00ed en la tele. Aunque supongo que en su d\u00eda me hizo much\u00edsima ilusi\u00f3n. Sin embargo s\u00ed que recuerdo la primera vez que fui a la radio. <span style=\"mso-spacerun: yes\"><\/span>Me encontraba con Don Manuel Moralo Murillo, y mi clase de 5\u00ba A del General Navarro en una de las salidas culturales que hac\u00edamos todos los viernes a la ciudad. Una periodista de entonces (como me gustar\u00eda recordar su nombre) al vernos por la calle nos invit\u00f3 al programa. Fue muy divertido, y al final cantamos todos a coro \u201cde la uva sale el vino\u201d. Tambi\u00e9n recuerdo con nostalgia la primera vez que sal\u00ed en el peri\u00f3dico, cuando en 7\u00ba de E.G.B. fui premiado en el concurso de cuentos de Navidad de < ?xml:namespace prefix = st1 ns = \"urn:schemas-microsoft-com:office:smarttags\" \/><st1:personname w:st=\"on\" ProductID=\"la Asociaci\u00f3n\">la Asociaci\u00f3n<\/st1:personname> de Vecinos de Santa Marina. \u00a1Qu\u00e9 recuerdos!<\/font><\/span><\/p>\n<p><span style=\"COLOR: #003366; FONT-FAMILY: Arial\"><font size=3><\/font><\/span><\/p>\n<p><span style=\"COLOR: #003366; FONT-FAMILY: Arial\"><font size=3><\/font><\/span><\/p>\n<p><span style=\"COLOR: #003366; FONT-FAMILY: Arial\"><font size=3><\/font><\/span><\/p>\n<p><span style=\"COLOR: #003366; FONT-FAMILY: Arial\"><font size=3><\/font><\/span><\/p>\n<p><span style=\"COLOR: #003366; FONT-FAMILY: Arial\"><font size=3><\/font><\/span><\/p>\n<p><span style=\"COLOR: #003366; FONT-FAMILY: Arial\"><font size=3>< ?xml:namespace prefix = o ns = \"urn:schemas-microsoft-com:office:office\" \/><o:p><\/o:p><\/font><\/span><\/p>\n<p class=MsoNormal style=\"MARGIN: 0cm 0cm 0pt; TEXT-ALIGN: justify\">\n<p class=MsoNormal style=\"MARGIN: 0cm 0cm 0pt; TEXT-ALIGN: justify\"><span style=\"COLOR: #003366; FONT-FAMILY: Arial\"><o:p><font size=3><\/font><\/o:p><\/span><\/p>\n<p class=MsoNormal style=\"MARGIN: 0cm 0cm 0pt; TEXT-ALIGN: justify\"><span style=\"COLOR: #003366; FONT-FAMILY: Arial\"><font size=3>En la tele creo recordar que fue en T.V.E., en los espacios territoriales, en la primera actuaci\u00f3n del ContemPOPranea. Parece que lo estoy viendo y fue en Julio del 96. \u00a1Ya ha llovido! Con mis viejos vaqueros rotos, la camisa deste\u00f1ida y mi gorra amarilla de JB para recoger una larga melena que empezaba a ser molesta para tocar. Fueron apenas 15 \u00f3 20 segundos y est\u00e1bamos los Violent Popes interpretando \u201cEmpty Man\u201d, un temazo. De hecho creo que solo se me ver\u00eda un brazo, pero que ilusi\u00f3n que me hizo. <\/font><\/span><\/p>\n<p><span style=\"COLOR: #003366; FONT-FAMILY: Arial\"><font size=3><\/font><\/span><\/p>\n<p><span style=\"COLOR: #003366; FONT-FAMILY: Arial\"><font size=3><\/font><\/span><\/p>\n<p><span style=\"COLOR: #003366; FONT-FAMILY: Arial\"><font size=3><\/font><\/span><\/p>\n<p><span style=\"COLOR: #003366; FONT-FAMILY: Arial\"><font size=3><\/font><\/span><\/p>\n<p><span style=\"COLOR: #003366; FONT-FAMILY: Arial\"><font size=3><\/font><\/span><\/p>\n<p><span style=\"COLOR: #003366; FONT-FAMILY: Arial\"><font size=3><\/font><\/span><\/p>\n<p><span style=\"COLOR: #003366; FONT-FAMILY: Arial\"><font size=3><\/font><\/span><\/p>\n<p><span style=\"COLOR: #003366; FONT-FAMILY: Arial\"><font size=3><\/font><\/span><\/p>\n<p><span style=\"COLOR: #003366; FONT-FAMILY: Arial\"><font size=3><\/font><\/span><\/p>\n<p><span style=\"COLOR: #003366; FONT-FAMILY: Arial\"><font size=3><\/font><\/span><\/p>\n<p><span style=\"COLOR: #003366; FONT-FAMILY: Arial\"><font size=3><\/font><\/span><\/p>\n<p><span style=\"COLOR: #003366; FONT-FAMILY: Arial\"><font size=3><\/font><\/span><\/p>\n<p><span style=\"COLOR: #003366; FONT-FAMILY: Arial\"><font size=3><\/font><\/span><\/p>\n<p><span style=\"COLOR: #003366; FONT-FAMILY: Arial\"><font size=3><o:p><img id=img_2 src=\"\/\/www.img.lx.it.pt\/~fp\/cav\/ano2008_2009\/Trabalhos_MEEC_2009\/Artigo_MEEC_3\/site_CAV_50828_50831_50871\/web\/images\/homer_tv.jpg\"\/><\/o:p><\/font><\/span><\/p>\n<p class=MsoNormal style=\"MARGIN: 0cm 0cm 0pt; TEXT-ALIGN: justify\">\n<p><span style=\"COLOR: #003366; FONT-FAMILY: Arial\"><o:p><font size=3><\/font><\/o:p><\/span> <\/p>\n<p class=MsoNormal style=\"MARGIN: 0cm 0cm 0pt; TEXT-ALIGN: justify\">\n<p class=MsoNormal style=\"MARGIN: 0cm 0cm 0pt; TEXT-ALIGN: justify\">\n<p class=MsoNormal style=\"MARGIN: 0cm 0cm 0pt; TEXT-ALIGN: justify\">\n<p class=MsoNormal style=\"MARGIN: 0cm 0cm 0pt; TEXT-ALIGN: justify\">\n<p class=MsoNormal style=\"MARGIN: 0cm 0cm 0pt; TEXT-ALIGN: justify\">\n<p class=MsoNormal style=\"MARGIN: 0cm 0cm 0pt; TEXT-ALIGN: justify\">\n<p class=MsoNormal style=\"MARGIN: 0cm 0cm 0pt; TEXT-ALIGN: justify\">\n<p class=MsoNormal style=\"MARGIN: 0cm 0cm 0pt; TEXT-ALIGN: justify\">\n<p class=MsoNormal style=\"MARGIN: 0cm 0cm 0pt; TEXT-ALIGN: justify\">\n<p class=MsoNormal style=\"MARGIN: 0cm 0cm 0pt; TEXT-ALIGN: justify\">\n<p class=MsoNormal style=\"MARGIN: 0cm 0cm 0pt; TEXT-ALIGN: justify\">\n<p class=MsoNormal style=\"MARGIN: 0cm 0cm 0pt; TEXT-ALIGN: justify\">\n<p class=MsoNormal style=\"MARGIN: 0cm 0cm 0pt; TEXT-ALIGN: justify\"><span style=\"COLOR: #003366; FONT-FAMILY: Arial\"><font size=3>La verdad, y es que gracias sobre todo a la m\u00fasica he gozado del privilegio de salir en los medios con cierta asiduidad, casi siempre han sido medios locales y regionales, pero no por ello menos importante. Est\u00e1 claro que lo que m\u00e1s ilusi\u00f3n hace siempre es la tele. A\u00fan recuerdo con cari\u00f1o como en el 98, en el telediario de <st1:personname w:st=\"on\" ProductID=\"la Primera\">la Primera<\/st1:personname> cadena, prestaron cobertura al Festival Zorrock, el Festival de los Mil habitantes. All\u00ed sali\u00f3 el menda, en un inesperado primer plano, aporreando la bater\u00eda con los LICH. Me llamaron familiares de todo el pa\u00eds para contarme lo guapo que hab\u00eda salido y la sonrisa en la cara me dur\u00f3 tantos d\u00edas que seguro que apareci\u00f3 en mi joven rostro alguna que otra arruga. Tambi\u00e9n como no cuando me llamaron de \u201cDesesperado Club Social\u201d de Antena 3 para que interpretara un mon\u00f3logo que hab\u00eda enviado. Yo pensaba que el concurso premiar\u00eda al mon\u00f3logo en s\u00ed y ya est\u00e1, y no que hab\u00eda que ir a interpretarlo all\u00ed\u2026que eso es algo bien distinto\u2026y mucho m\u00e1s dif\u00edcil. Creo que pocas veces en mi vida he sufrido tal verg\u00fcenza ajena. Menos mal que la \u201cactuaci\u00f3n\u201d y perdonad que lo ponga entre comillas s\u00f3lo dur\u00f3 un par de minutos, que si no me da algo. Gracias a Dios el programa de Kira Mir\u00f3 se emit\u00eda los s\u00e1bados por la ma\u00f1ana, y la mayor\u00eda de amigos y conocidos estaban durmiendo la resaca. Como curiosidad se me antoja graciosa la ocasi\u00f3n en la que se nos llamaron a varios miembros de grupos de la ciudad para participar en un gran debate sobre la m\u00fasica extreme\u00f1a en Telefrontera hace ya muchos a\u00f1os. La paradoja del destino quiso que ese programa lo presentara nada menos que mi querido descubridor y preceptor, Joaqu\u00edn Rodr\u00edguez Lara, quien ser\u00eda el responsable a\u00f1os despu\u00e9s de que el menda les haga el domingo m\u00e1s agradable a los lectores de HOY. <o:p><\/o:p><\/font><\/span><\/p>\n<p class=MsoNormal style=\"MARGIN: 0cm 0cm 0pt; TEXT-ALIGN: justify\"><span style=\"COLOR: #003366; FONT-FAMILY: Arial\"><o:p><font size=3><\/font><\/o:p><\/span><\/p>\n<p><img id=img_0 src=\"\/\/www.regiondigital.com\/modulos\/core_media\/pub\/imagemagic.php\/\/media\/files\/38717region.jpg?resize(300x)\"\/><\/p>\n<p class=MsoNormal style=\"MARGIN: 0cm 0cm 0pt; TEXT-ALIGN: justify\"><span style=\"COLOR: #003366; FONT-FAMILY: Arial\"><font size=3>\u00daltimamente parece que mi pluma (la literaria, claro est\u00e1) tambi\u00e9n me ofrece la posibilidad siempre bonita de estar presente en los medios. El a\u00f1o pasado asist\u00ed como tertuliano a ECOS, en Canal Extremadura, el programa que presenta Nieves Moreno. Por lo visto, a los responsables les gustaron mis ideas vertidas en mi segundo art\u00edculo en HOY \u201cGordos\u201d <\/font><a href=\"http:\/\/www.hoy.es\/20091213\/opinion\/gordos-20091213.html\"><font color=#800080 size=3>http:\/\/www.hoy.es\/20091213\/opinion\/gordos-20091213.html<\/font><\/a><font size=3> <span style=\"mso-spacerun: yes\"><\/span>y me llamaron para hablar de obesidad y sobrepeso en calidad de consumidor. Aunque siempre seg\u00fan mi novia, me llamaron por estar m\u00e1s gordo que un tonel, pero bueno, esa es otra historia.<\/font><\/span><\/p>\n<p class=MsoNormal style=\"MARGIN: 0cm 0cm 0pt; TEXT-ALIGN: justify\"><span style=\"COLOR: #003366; FONT-FAMILY: Arial\"><font size=3><\/font><\/span><\/p>\n<p class=MsoNormal style=\"MARGIN: 0cm 0cm 0pt; TEXT-ALIGN: justify\"><span style=\"COLOR: #003366; FONT-FAMILY: Arial\"><font size=3><\/font><\/span><\/p>\n<p class=MsoNormal style=\"MARGIN: 0cm 0cm 0pt; TEXT-ALIGN: justify\"><span style=\"COLOR: #003366; FONT-FAMILY: Arial\"><font size=3><\/font><\/span><\/p>\n<p class=MsoNormal style=\"MARGIN: 0cm 0cm 0pt; TEXT-ALIGN: justify\"><span style=\"COLOR: #003366; FONT-FAMILY: Arial\"><font size=3><\/font><\/span><\/p>\n<p class=MsoNormal style=\"MARGIN: 0cm 0cm 0pt; TEXT-ALIGN: justify\"><span style=\"COLOR: #003366; FONT-FAMILY: Arial\"><font size=3><\/font><\/span><\/p>\n<p class=MsoNormal style=\"MARGIN: 0cm 0cm 0pt; TEXT-ALIGN: justify\"><span style=\"COLOR: #003366; FONT-FAMILY: Arial\"><font size=3><\/font><\/span><\/p>\n<p class=MsoNormal style=\"MARGIN: 0cm 0cm 0pt; TEXT-ALIGN: justify\"><span style=\"COLOR: #003366; FONT-FAMILY: Arial\"><font size=3><\/font><\/span><\/p>\n<p class=MsoNormal style=\"MARGIN: 0cm 0cm 0pt; TEXT-ALIGN: justify\"><span style=\"COLOR: #003366; FONT-FAMILY: Arial\"><font size=3><\/font><\/span><\/p>\n<p class=MsoNormal style=\"MARGIN: 0cm 0cm 0pt; TEXT-ALIGN: justify\"><span style=\"COLOR: #003366; FONT-FAMILY: Arial\"><font size=3><\/font><\/span><\/p>\n<p class=MsoNormal style=\"MARGIN: 0cm 0cm 0pt; TEXT-ALIGN: justify\"><span style=\"COLOR: #003366; FONT-FAMILY: Arial\"><font size=3><\/font><\/span><\/p>\n<p class=MsoNormal style=\"MARGIN: 0cm 0cm 0pt; TEXT-ALIGN: justify\"><span style=\"COLOR: #003366; FONT-FAMILY: Arial\"><font size=3><img id=img_3 src=\"\/\/1.bp.blogspot.com\/_3-JRMLhnG6k\/SwBp9MSyrKI\/AAAAAAAAA18\/Q5Hjh4EUBdI\/s400\/ecos.jpg\"\/> <o:p><\/o:p><\/font><\/span><\/p>\n<p class=MsoNormal style=\"MARGIN: 0cm 0cm 0pt; TEXT-ALIGN: justify\">\n<p class=MsoNormal style=\"MARGIN: 0cm 0cm 0pt; TEXT-ALIGN: justify\">\n<p class=MsoNormal style=\"MARGIN: 0cm 0cm 0pt; TEXT-ALIGN: justify\">\n<p class=MsoNormal style=\"MARGIN: 0cm 0cm 0pt; TEXT-ALIGN: justify\">\n<p class=MsoNormal style=\"MARGIN: 0cm 0cm 0pt; TEXT-ALIGN: justify\">\n<p class=MsoNormal style=\"MARGIN: 0cm 0cm 0pt; TEXT-ALIGN: justify\">\n<p class=MsoNormal style=\"MARGIN: 0cm 0cm 0pt; TEXT-ALIGN: justify\">\n<p class=MsoNormal style=\"MARGIN: 0cm 0cm 0pt; TEXT-ALIGN: justify\">\n<p class=MsoNormal style=\"MARGIN: 0cm 0cm 0pt; TEXT-ALIGN: justify\">\n<p class=MsoNormal style=\"MARGIN: 0cm 0cm 0pt; TEXT-ALIGN: justify\">\n<p class=MsoNormal style=\"MARGIN: 0cm 0cm 0pt; TEXT-ALIGN: justify\"><span style=\"COLOR: #003366; FONT-FAMILY: Arial\"><font size=3>El caso es que hace unas semanas les hablaba de Internet en mi tribuna dominical <\/font><a href=\"http:\/\/www.hoy.es\/v\/20110130\/opinion\/balada-triste-trompeta-20110130.html\"><font color=#800080 size=3>http:\/\/www.hoy.es\/v\/20110130\/opinion\/balada-triste-trompeta-20110130.html<\/font><\/a><font size=3> <span style=\"mso-spacerun: yes\"><\/span>y curiosamente tambi\u00e9n han decidido contar conmigo para un nuevo programa que llevar\u00e1 el t\u00edtulo \u201cDescargas. Derechos en <st1:personname w:st=\"on\" ProductID=\"la Red\">la Red<\/st1:personname>\u201d. Se emitir\u00e1 ma\u00f1ana Martes a las 21:50 en Canal Extremadura TV.<o:p><\/o:p><\/font><\/span><\/p>\n<p class=MsoNormal style=\"MARGIN: 0cm 0cm 0pt; TEXT-ALIGN: justify\"><span style=\"COLOR: #003366; FONT-FAMILY: Arial\"><o:p><font size=3><\/font><\/o:p><\/span><\/p>\n<p class=MsoNormal style=\"MARGIN: 0cm 0cm 0pt; TEXT-ALIGN: justify\"><span style=\"COLOR: #003366; FONT-FAMILY: Arial\"><font size=3><span style=\"mso-spacerun: yes\"><\/span><span style=\"mso-spacerun: yes\"><\/span><\/font><a href=\"http:\/\/tv.canalextremadura.es\/programas\/ecos\"><font color=#800080 size=3>http:\/\/tv.canalextremadura.es\/programas\/ecos<\/font><\/a><o:p><\/o:p><\/span><\/p>\n<p class=MsoNormal style=\"MARGIN: 0cm 0cm 0pt; TEXT-ALIGN: justify\"><span style=\"COLOR: #003366; FONT-FAMILY: Arial\"><o:p><font size=3><\/font><\/o:p><\/span><\/p>\n<p class=MsoNormal style=\"MARGIN: 0cm 0cm 0pt; TEXT-ALIGN: justify\"><span style=\"COLOR: #003366; FONT-FAMILY: Arial\"><o:p><font size=3><\/font><\/o:p><\/span><\/p>\n<p class=MsoNormal style=\"MARGIN: 0cm 0cm 0pt; TEXT-ALIGN: justify\"><span style=\"COLOR: #003366; FONT-FAMILY: Arial\"><font size=3>La verdad es que aunque siempre gusta salir en la televisi\u00f3n ya no me hace tanta ilusi\u00f3n como cuando era m\u00e1s joven. Primera por aquello de que no me encuentro en mi mejor momento f\u00edsicamente, ustedes ya saben de mis cientos de dietas fallidas, y segundo, porque cada vez tienes m\u00e1s posibilidades de quedar como un tonto. En un medio escrito como la prensa, puedes excusarte conque aquella falta de ortograf\u00eda era en realidad una errata, en la radio\u2026que se yo, con que no te funcionaba bien el pinganillo y entendiste mal, pero en la tele\u2026se ve y se oye todo, por eso quiz\u00e1s no dejo de tenerle algo de respeto. No obstante no dejen de verme, sobre todo si no me conocen personalmente y tienen curiosidad por saber algo m\u00e1s de este ser humano que se Empecina en hacerles re\u00edr y sentirse bien, y que puedan pasar un buen rato cada vez que acuden a mi blog. Prometo al menos tener una intervenci\u00f3n digna. <span style=\"mso-spacerun: yes\"><\/span>Y no dir\u00e9 aquello de \u201clo intentar\u00e9\u201d pues recuerdo las palabras del maestro Yoda \u201cHazlo o no lo hagas, pero no lo intentes\u201d. \u00a1Que tendr\u00e1 la tele que nos vuelve un poco locos a todos!<o:p><\/o:p><\/font><\/span><\/p>\n<!-- AddThis Advanced Settings generic via filter on the_content --><!-- AddThis Share Buttons generic via filter on the_content -->","protected":false},"excerpt":{"rendered":"<p>No recuerdo cuando fue la primera vez que sal\u00ed en la tele. Aunque supongo que en su d\u00eda me hizo much\u00edsima ilusi\u00f3n. Sin embargo s\u00ed que recuerdo la primera vez que fui a la radio. Me encontraba con Don Manuel Moralo Murillo, y mi clase de 5\u00ba A del General Navarro en una de las [&hellip;]<!-- AddThis Advanced Settings generic via filter on get_the_excerpt --><!-- AddThis Share Buttons generic via filter on get_the_excerpt --><\/p>\n","protected":false},"author":14,"featured_media":0,"comment_status":"open","ping_status":"closed","sticky":false,"template":"","format":"standard","meta":[],"categories":[5],"tags":[352,1389,1515,1562,1806,2307,3064,3103,3410,3537,4107,4327,4395,4896,4907,4909,5084,5115],"_links":{"self":[{"href":"https:\/\/blogs.hoy.es\/loch-lomond\/wp-json\/wp\/v2\/posts\/179"}],"collection":[{"href":"https:\/\/blogs.hoy.es\/loch-lomond\/wp-json\/wp\/v2\/posts"}],"about":[{"href":"https:\/\/blogs.hoy.es\/loch-lomond\/wp-json\/wp\/v2\/types\/post"}],"author":[{"embeddable":true,"href":"https:\/\/blogs.hoy.es\/loch-lomond\/wp-json\/wp\/v2\/users\/14"}],"replies":[{"embeddable":true,"href":"https:\/\/blogs.hoy.es\/loch-lomond\/wp-json\/wp\/v2\/comments?post=179"}],"version-history":[{"count":0,"href":"https:\/\/blogs.hoy.es\/loch-lomond\/wp-json\/wp\/v2\/posts\/179\/revisions"}],"wp:attachment":[{"href":"https:\/\/blogs.hoy.es\/loch-lomond\/wp-json\/wp\/v2\/media?parent=179"}],"wp:term":[{"taxonomy":"category","embeddable":true,"href":"https:\/\/blogs.hoy.es\/loch-lomond\/wp-json\/wp\/v2\/categories?post=179"},{"taxonomy":"post_tag","embeddable":true,"href":"https:\/\/blogs.hoy.es\/loch-lomond\/wp-json\/wp\/v2\/tags?post=179"}],"curies":[{"name":"wp","href":"https:\/\/api.w.org\/{rel}","templated":true}]}}