{"id":180,"date":"2011-02-09T01:50:00","date_gmt":"2011-02-09T01:50:00","guid":{"rendered":"http:\/\/blogs.hoy.es\/loch-lomond\/?p=180"},"modified":"2011-02-09T01:50:00","modified_gmt":"2011-02-09T01:50:00","slug":"internet-divino-tesoro","status":"publish","type":"post","link":"https:\/\/blogs.hoy.es\/loch-lomond\/2011\/02\/09\/internet-divino-tesoro\/","title":{"rendered":"INTERNET DIVINO TESORO"},"content":{"rendered":"<p><span lang=\"\">  <\/p>\n<p align=justify><font color=#000099><img id=img_0 src=\"\/\/simpsonitos.files.wordpress.com\/2009\/04\/3401605fabf21fatmanandlittleboy5.jpg\"\/><\/font><\/p>\n<p align=justify><font color=#000099><\/font><\/p>\n<p align=justify><font color=#000099><\/font><\/p>\n<p align=justify><font color=#000099><\/font><\/p>\n<p align=justify><font color=#000099><\/font><\/p>\n<p align=justify><font color=#000099>Como ya conocen la mayor\u00eda de ustedes ayer tuve el honor y el gustazo de participar por segunda vez en el debate televisivo ECOS, en Canal Extremadura TV. El excelente equipo del programa, capitaneado por Nieves Moreno y el insustituible Sergio Su\u00e1rez, fueron de nuevos atent\u00edsimos y muy cari\u00f1osos conmigo. El programa fue ameno y entretenido y se hizo corto, lo que dice mucho a su favor, pero lo curioso fue que se produjo una sensaci\u00f3n extra\u00f1a durante la grabaci\u00f3n del programa:<\/font><\/p>\n<p><font color=#000099><\/font><\/p>\n<p><font color=#000099><\/font><\/p>\n<p><font color=#000099><\/font><\/p>\n<p><font color=#000099><\/font><\/p>\n<p><font color=#000099><\/font><\/p>\n<p><font color=#000099><\/font><\/p>\n<p><font color=#000099><\/font><\/p>\n<p><img id=img_0 src=\"\/\/3.bp.blogspot.com\/_P9ry5ZPQ9do\/SkrwdbtxXdI\/AAAAAAAAATI\/vsjaoopEU38\/s400\/past-present-future-sign1.jpg\"\/><\/p>\n<p align=justify>\n<p align=justify><font color=#000099><\/font><\/p>\n<p align=justify><font color=#000099><\/font> <\/p>\n<p align=justify><font color=#000099><\/font> <\/p>\n<p align=justify><font color=#000099>Aunque debat\u00edamos cuatro personas, con puntos de vista casi opuestos, de hecho existieron momentos en los que parec\u00eda que cada uno trat\u00e1bamos un tema diferente (el factor econ\u00f3mico uno, otro la Ley Sinde, aquel las descargas, que si la SGAE etc) qued\u00f3 constancia de una verdad irreparable de la que los cuatro, sin quiz\u00e1s pretenderlo, dimos muestra de ella: Internet es algo incre\u00edble y muy grande, y tiene a\u00fan mucho que ofrecernos. S\u00f3lo espero que seamos lo suficientemente maduros y responsables como para no permitir que lo extraordinario de su naturaleza caiga irrevocablemente y como una losa sobre nosotros en un futuro no muy lejano. <\/font><\/p>\n<p align=justify><font color=#000099><\/font> <\/p>\n<p align=justify><font color=#000099>&#8220;Internet divino tesoro, no escapes nunca a nuestro alcance, y sigue mostr\u00e1ndote, con Ley Sinde o sin ella, como esa puerta abierta hacia el conocimiento, el ocio, y la cultura, en pos de tantos sue\u00f1os imposibles que a\u00fan est\u00e1n por llegar&#8221;.<\/font><\/p>\n<p><\/span><\/p>\n<!-- AddThis Advanced Settings generic via filter on the_content --><!-- AddThis Share Buttons generic via filter on the_content -->","protected":false},"excerpt":{"rendered":"<p>Como ya conocen la mayor\u00eda de ustedes ayer tuve el honor y el gustazo de participar por segunda vez en el debate televisivo ECOS, en Canal Extremadura TV. El excelente equipo del programa, capitaneado por Nieves Moreno y el insustituible Sergio Su\u00e1rez, fueron de nuevos atent\u00edsimos y muy cari\u00f1osos conmigo. El programa fue ameno y [&hellip;]<!-- AddThis Advanced Settings generic via filter on get_the_excerpt --><!-- AddThis Share Buttons generic via filter on get_the_excerpt --><\/p>\n","protected":false},"author":14,"featured_media":0,"comment_status":"open","ping_status":"closed","sticky":false,"template":"","format":"standard","meta":[],"categories":[7],"tags":[1151,1389,1562,1837,2214,2629,4199,4241,4283,4677,4803,4940],"_links":{"self":[{"href":"https:\/\/blogs.hoy.es\/loch-lomond\/wp-json\/wp\/v2\/posts\/180"}],"collection":[{"href":"https:\/\/blogs.hoy.es\/loch-lomond\/wp-json\/wp\/v2\/posts"}],"about":[{"href":"https:\/\/blogs.hoy.es\/loch-lomond\/wp-json\/wp\/v2\/types\/post"}],"author":[{"embeddable":true,"href":"https:\/\/blogs.hoy.es\/loch-lomond\/wp-json\/wp\/v2\/users\/14"}],"replies":[{"embeddable":true,"href":"https:\/\/blogs.hoy.es\/loch-lomond\/wp-json\/wp\/v2\/comments?post=180"}],"version-history":[{"count":0,"href":"https:\/\/blogs.hoy.es\/loch-lomond\/wp-json\/wp\/v2\/posts\/180\/revisions"}],"wp:attachment":[{"href":"https:\/\/blogs.hoy.es\/loch-lomond\/wp-json\/wp\/v2\/media?parent=180"}],"wp:term":[{"taxonomy":"category","embeddable":true,"href":"https:\/\/blogs.hoy.es\/loch-lomond\/wp-json\/wp\/v2\/categories?post=180"},{"taxonomy":"post_tag","embeddable":true,"href":"https:\/\/blogs.hoy.es\/loch-lomond\/wp-json\/wp\/v2\/tags?post=180"}],"curies":[{"name":"wp","href":"https:\/\/api.w.org\/{rel}","templated":true}]}}