{"id":181,"date":"2011-02-11T00:00:00","date_gmt":"2011-02-11T00:00:00","guid":{"rendered":"http:\/\/blogs.hoy.es\/loch-lomond\/?p=181"},"modified":"2011-02-11T00:00:00","modified_gmt":"2011-02-11T00:00:00","slug":"my-simple-wish","status":"publish","type":"post","link":"https:\/\/blogs.hoy.es\/loch-lomond\/2011\/02\/11\/my-simple-wish\/","title":{"rendered":"The Wish (My Simple Wish)"},"content":{"rendered":"<p><img id=\"img_2\" src=\"\/\/www.platonicamentecorrecto.es\/wp-content\/uploads\/the_wish.jpg\" alt=\"\" \/><\/p>\n<p class=\"MsoNormal\" style=\"margin: 0cm 0cm 0pt; text-align: justify;\"><span style=\"color: #003366; font-family: Arial;\"><span style=\"font-size: small;\">Parece que mis delicadas y precarias infraestructuras me permiten volver a las \u201cJoyas de la Castafiore\u201d, es decir, a los viernes musicales aqu\u00ed, en Don de LOCH LOMOND, para presentarles a un grupo extreme\u00f1o, por el que (no debo mentirles) debo confesar cierta debilidad. \u00a1Que le vamos a hacer! Al igual que me ocurre con otros grupos de la tierra (DarkSound sin ir m\u00e1s lejos, o Los Desahuciados, y muchos que quedan por venir) la amistad que me une con algunos de los miembros de la banda no me permiten ser del todo imparcial.<\/span><\/span><\/p>\n<p class=\"MsoNormal\" style=\"margin: 0cm 0cm 0pt; text-align: justify;\">\u00a0<\/p>\n<p class=\"MsoNormal\" style=\"margin: 0cm 0cm 0pt; text-align: justify;\">\u00a0<\/p>\n<p class=\"MsoNormal\" style=\"margin: 0cm 0cm 0pt; text-align: justify;\"><span style=\"color: #003366; font-family: Arial;\"><span style=\"font-size: small;\">No s\u00e9 que querr\u00e1 decir <span style=\"color: #ff0000;\">Curro<\/span>, vocalista y Guitarra de <span style=\"color: #ff0000;\">The Wish<\/span> con el t\u00edtulo de este fascinante tema que nos ocupa hoy. <span style=\"color: #ff0000;\">My Simple Wish<\/span> podr\u00eda ser algo as\u00ed como &#8220;mi simple deseo&#8221;, o quiz\u00e1s pueda parecer que <span style=\"color: #ff0000;\">Curro<\/span> se defina as\u00ed mismo como un hombre que encuentra la felicidad a trav\u00e9s de los placeres sencillos, como mi menda.<\/span><\/span><\/p>\n<p class=\"MsoNormal\" style=\"margin: 0cm 0cm 0pt; text-align: justify;\">\u00a0<\/p>\n<p class=\"MsoNormal\" style=\"margin: 0cm 0cm 0pt; text-align: justify;\"><span style=\"color: #003366; font-family: Arial;\"><span style=\"font-size: small;\"><img id=\"img_3\" src=\"\/\/mundoextremadura.com\/galeria\/albums\/musica\/the-wish\/grupoTheWish2009.jpg\" alt=\"\" \/><\/span><\/span><\/p>\n<p class=\"MsoNormal\" style=\"margin: 0cm 0cm 0pt; text-align: justify;\">\u00a0<\/p>\n<p class=\"MsoNormal\" style=\"margin: 0cm 0cm 0pt; text-align: justify;\"><span style=\"color: #003366; font-family: Arial;\"><span style=\"font-size: small;\">Me hace gracia recodar que cinco musicazos, de la talla y experiencia como son <span style=\"color: #ff0000;\">Adolfo Campini<\/span> (Bajo) <span style=\"color: #ff0000;\">Alfredo Barroso<\/span> (Bater\u00eda) <span style=\"color: #ff0000;\">Javier L\u00f3pez<\/span> (Guitarra y Coros) <span style=\"color: #ff0000;\">Eugenio Abeng\u00f3zar<\/span> (Teclados) y el propio <span style=\"color: #ff0000;\">Curro<\/span>, fueran declarados como \u201cGrupo Revelaci\u00f3n\u201d del a\u00f1o 2007. Es algo comparable a cuando le otorgan el Goya al actor revelaci\u00f3n a un actor de cincuenta a\u00f1os con una trayectoria impecable en el mundo de la interpretaci\u00f3n, pero bueno, no deja de ser un honor, y un reconocimiento, y <span style=\"color: #ff0000;\">The Wish<\/span> se los merecen todos.<\/span><\/span><\/p>\n<p class=\"MsoNormal\" style=\"margin: 0cm 0cm 0pt; text-align: justify;\">\u00a0<\/p>\n<p class=\"MsoNormal\" style=\"margin: 0cm 0cm 0pt; text-align: justify;\"><span style=\"color: #003366; font-family: Arial;\"><span style=\"font-size: small;\">La primera vez que vi a <span style=\"color: #ff0000;\">Curro<\/span> en directo creo fue en el a\u00f1o 99, en la Venta de San Gabriel. La gente del &#8220;Bar Barbacana&#8221; organiz\u00f3 una especie de fiesta y all\u00ed que fuimosa actuar algunos de los clientes m\u00e1s asiduos del local. &#8220;Terricolas&#8221;, &#8220;Lich&#8221; y &#8220;Left Brothers&#8221; ofrecimos una digna actuaci\u00f3n que goz\u00f3 del benepl\u00e1cito del escaso pero entusiata p\u00fablico que se acerc\u00f3 a divertirse a aquella venta que por un d\u00eda fue improvisado tel\u00f3n de fondo de excelentes formaciones del momento en la capital pacense. <span style=\"color: #ff0000;\">Curro <\/span>era por aquellos tiempos vocalista y \u00fanico guitarra del tr\u00edo &#8220;Terr\u00edcolas&#8221;, y desde los primeros acordes qued\u00f3 claro que era el l\u00edder indiscutible. Siempre me gustaron los tr\u00edos (musicales), de hecho, Los &#8220;Left Brothers&#8221; tambi\u00e9n lo eran, y desde que comenc\u00e9 a tocar tiendo a revalorizar la figura del cantante que adem\u00e1s posee peso instrumental dentro de un grupo. Aquella formaci\u00f3n era <span style=\"color: #ff0000;\">Curro<\/span> en esencia y dos m\u00fasicos m\u00e1s que le segu\u00edan dignamente. Quien le iba a decir a mi amigo y bajista de &#8220;Left Brothers&#8221;, <span style=\"color: #ff0000;\">Adolfo Campini<\/span>, que a\u00f1os despu\u00e9s se sumar\u00eda a la banda de aquel muchacho que escuch\u00e1bamos cantar y tocar con tanto respeto.<\/span><\/span><\/p>\n<p class=\"MsoNormal\" style=\"margin: 0cm 0cm 0pt; text-align: justify;\">\u00a0<\/p>\n<p class=\"MsoNormal\" style=\"margin: 0cm 0cm 0pt; text-align: justify;\"><span style=\"color: #003366; font-family: Arial;\"><span style=\"font-size: small;\">Recuerdo tambi\u00e9n con cari\u00f1o, como ya en la \u00faltima etapa de &#8220;Left Brothers&#8221;, en aquellas giras de la Diversidad que se llamaban, por el a\u00f1o 2003 \u00f3 2004, no recuerdo bien, nos encontramos en Solana de los Barros compartiendo escenario con un grupo que nos encant\u00f3, los &#8220;Bala Perdida&#8221;, con los que conectamos de inmediato. All\u00ed tocaba la bater\u00eda un joven, casi adolescente <span style=\"color: #ff0000;\">Alfredo Barroso<\/span>, cuyas habilidades con las baquetas s\u00f3lo eran comparables a la simpat\u00eda y el buen humor que desprend\u00eda con su sola presencia. De <span style=\"color: #ff0000;\">Alfredo<\/span> lo \u00fanico que puedo a\u00f1adir es que no me ha defraudado y se ha convertido en un gran bater\u00eda, que adem\u00e1s quiere seguir aprendiendo y mejorando. Del grupo poco m\u00e1s puedo decir, pues de mi querido amigo <span style=\"color: #ff0000;\">Adolfo Campini<\/span> he hablado largo y tendido en mi blog y en mis art\u00edculos dominicales, y cualquier a\u00f1adur\u00eda sonar\u00eda a excesivo peloteo. Para adecentar con una nota de humor volver a incidir en que cada vez sus poses se parecen m\u00e1s a las de otro ilustre bajista, Diego Vasallo. No me olvido de <span style=\"color: #ff0000;\">Javier<\/span> y de lo bien que se complementa con <span style=\"color: #ff0000;\">Curro<\/span> en la guitarra, y su gran trabajo en los coros, de los que nunca se escaquea en directo. De <span style=\"color: #ff0000;\">Eugenio<\/span> afirmo lo mismo que le confes\u00e9 a \u00e9l personalmente el d\u00eda que nos conocimos en un concierto de <span style=\"color: #ff0000;\">The Wish<\/span> en la Sala Aftas\u00ed, que me gusta mucho como utiliza los teclados, un instrumento del que siempre he huido (y sobre todo de los teclistas) y que consigue con su trabajo ser fundamental en el sonido <span style=\"color: #ff0000;\">Wish<\/span>.<\/span><\/span><\/p>\n<p class=\"MsoNormal\" style=\"margin: 0cm 0cm 0pt; text-align: justify;\">\u00a0<\/p>\n<p class=\"MsoNormal\" style=\"margin: 0cm 0cm 0pt; text-align: justify;\"><span style=\"color: #003366; font-family: Arial;\"><span style=\"font-size: small;\">No quiero enrollarme m\u00e1s entre otras cosas porque la carrera imparable de <span style=\"color: #ff0000;\">The Wish<\/span> est\u00e1 a\u00fan por escribir. <span style=\"color: #ff0000;\">The Wish<\/span> es un grupo serio y maduro, formado por cinco miembros que saben muy bien lo que quieren. Como dir\u00eda <span style=\"color: #ff0000;\">Curro<\/span>, ellos no pretenden vivir de la m\u00fasica, pues ya viven de las satisfacciones que \u00e9sta les produce.<\/span><\/span><\/p>\n<p class=\"MsoNormal\" style=\"margin: 0cm 0cm 0pt; text-align: justify;\">\u00a0<\/p>\n<p class=\"MsoNormal\" style=\"margin: 0cm 0cm 0pt; text-align: justify;\"><span style=\"color: #003366; font-family: Arial;\"><span style=\"font-size: small;\"><img id=\"img_4\" src=\"\/\/3.bp.blogspot.com\/_ntCZkW8HMKU\/SBuweGZRkwI\/AAAAAAAAACc\/i4VGxjeYn7o\/s400\/The%2BWish1.jpg\" alt=\"\" \/> <\/span><\/span><\/p>\n<p><span style=\"font-size: 12pt; color: #003366; font-family: Arial; mso-fareast-font-family: 'Times New Roman'; mso-fareast-language: ES-TRAD; mso-ansi-language: ES-TRAD; mso-bidi-language: AR-SA;\">El tema elegido para comenzar con buen pie este viernes, el mejor d\u00eda de la semana es <span style=\"color: #ff0000;\">\u201cMy Simple Wish\u201d<\/span> un temazo que particularmente disfruto mucho cuando lo interpretan como apertura en sus conciertos. El enlace les lleva adem\u00e1s a su p\u00e1gina de My Space donde pueden escuchar mucho m\u00e1s material y obtener informaci\u00f3n de este grupo pacense, que como tantos otros, no tiene que envidiarle nada a otras formaciones nacionales. Con todos ustedes <span style=\"color: #ff0000;\">My Simple Wish<\/span> de <span style=\"color: #ff0000;\">The Wish<\/span>.<\/span><\/p>\n<p class=\"MsoNormal\" style=\"margin: 0cm 0cm 0pt;\"><a href=\"http:\/\/www.myspace.com\/thewishrules\/music\/songs\/My-Simple-Wish-46796268\"><span style=\"font-family: Times New Roman; color: #800080;\">http:\/\/www.myspace.com\/thewishrules\/music\/songs\/My-Simple-Wish-46796268<\/span><\/a><\/p>\n<!-- AddThis Advanced Settings generic via filter on the_content --><!-- AddThis Share Buttons generic via filter on the_content -->","protected":false},"excerpt":{"rendered":"<p>Parece que mis delicadas y precarias infraestructuras me permiten volver a las \u201cJoyas de la Castafiore\u201d, es decir, a los viernes musicales aqu\u00ed, en Don de LOCH LOMOND, para presentarles a un grupo extreme\u00f1o, por el que (no debo mentirles) debo confesar cierta debilidad. \u00a1Que le vamos a hacer! Al igual que me ocurre con [&hellip;]<!-- AddThis Advanced Settings generic via filter on get_the_excerpt --><!-- AddThis Share Buttons generic via filter on get_the_excerpt --><\/p>\n","protected":false},"author":14,"featured_media":0,"comment_status":"open","ping_status":"closed","sticky":false,"template":"","format":"standard","meta":[],"categories":[6],"tags":[134,202,448,451,475,505,1131,1200,1297,1315,1395,1515,1806,1945,2143,2336,2360,2689,3005,3064,3103,3142,3606,3845,4892,4933,4964,5093,5195,5297],"_links":{"self":[{"href":"https:\/\/blogs.hoy.es\/loch-lomond\/wp-json\/wp\/v2\/posts\/181"}],"collection":[{"href":"https:\/\/blogs.hoy.es\/loch-lomond\/wp-json\/wp\/v2\/posts"}],"about":[{"href":"https:\/\/blogs.hoy.es\/loch-lomond\/wp-json\/wp\/v2\/types\/post"}],"author":[{"embeddable":true,"href":"https:\/\/blogs.hoy.es\/loch-lomond\/wp-json\/wp\/v2\/users\/14"}],"replies":[{"embeddable":true,"href":"https:\/\/blogs.hoy.es\/loch-lomond\/wp-json\/wp\/v2\/comments?post=181"}],"version-history":[{"count":0,"href":"https:\/\/blogs.hoy.es\/loch-lomond\/wp-json\/wp\/v2\/posts\/181\/revisions"}],"wp:attachment":[{"href":"https:\/\/blogs.hoy.es\/loch-lomond\/wp-json\/wp\/v2\/media?parent=181"}],"wp:term":[{"taxonomy":"category","embeddable":true,"href":"https:\/\/blogs.hoy.es\/loch-lomond\/wp-json\/wp\/v2\/categories?post=181"},{"taxonomy":"post_tag","embeddable":true,"href":"https:\/\/blogs.hoy.es\/loch-lomond\/wp-json\/wp\/v2\/tags?post=181"}],"curies":[{"name":"wp","href":"https:\/\/api.w.org\/{rel}","templated":true}]}}