{"id":183,"date":"2011-02-16T01:51:00","date_gmt":"2011-02-16T01:51:00","guid":{"rendered":"http:\/\/blogs.hoy.es\/loch-lomond\/?p=183"},"modified":"2011-02-16T01:51:00","modified_gmt":"2011-02-16T01:51:00","slug":"hijo-perra-rabiosa","status":"publish","type":"post","link":"https:\/\/blogs.hoy.es\/loch-lomond\/2011\/02\/16\/hijo-perra-rabiosa\/","title":{"rendered":"\u00a1Hijo de perra rabiosa!"},"content":{"rendered":"<div class=\"mceTemp\">\n<div id=\"attachment_1423\" style=\"width: 310px\" class=\"wp-caption aligncenter\"><a href=\"\/loch-lomond\/wp-content\/uploads\/sites\/10\/2011\/02\/Schnauzi.jpg\"><img aria-describedby=\"caption-attachment-1423\" loading=\"lazy\" class=\"size-full wp-image-1423\" title=\"Schnauzi\" src=\"\/loch-lomond\/wp-content\/uploads\/sites\/10\/2011\/02\/Schnauzi.jpg\" alt=\"El pobre Schnauzi fue torturado y asesinado por un intento de ser humano, un ser bastante m\u00e1s animal que \u00e9l mismo. \u00a1Un hijo de perra rabiosa!\" width=\"300\" height=\"278\" \/><\/a><p id=\"caption-attachment-1423\" class=\"wp-caption-text\">El pobre Schnauzi fue torturado y asesinado por un intento de ser humano, un ser bastante m\u00e1s animal que \u00e9l mismo. \u00a1Un hijo de perra rabiosa!<\/p><\/div>\n<\/div>\n<p class=\"MsoNormal\" style=\"margin: 0cm 0cm 0pt; text-align: justify;\"><span style=\"color: #000000; font-family: Arial; font-size: medium;\"><strong>La primera vez que escuch\u00e9 el insulto que reza como t\u00edtulo en el post de hoy me pareci\u00f3 una palabrota realmente grave y malsonante<\/strong>. Tendr\u00eda 6 \u00f3 7 a\u00f1os, y al igual que hoy me encontraba enfermo. En vez de ir a clase me d\u00ed el gustazo de quedarme calentito en mi cama, bebiendo zumos, con <strong><a title=\"Tint\u00edn y los p\u00edcaros\" href=\"https:\/\/blogs.hoy.es\/loch-lomond\/2013\/01\/20\/tintin-y-los-picaros\/\" target=\"_blank\">un c\u00f3mic de Tint\u00edn<\/a><\/strong> como compa\u00f1\u00eda, y nada menos que con uno de los grandes: \u201c<strong><a title=\"El Secreto del Unicornio\" href=\"https:\/\/blogs.hoy.es\/loch-lomond\/2011\/10\/30\/el-secreto-del-unicornio\/\" target=\"_blank\">El Cangrejo de las Pinzas de Oro<\/a><\/strong>\u201d donde descubr\u00ed por primera vez al viejo <strong>Capit\u00e1n Haddock<\/strong>, que aunque no era m\u00e1s que una caricatura del grand\u00edsimo e importante personaje en que se convertir\u00eda posteriormente, presentaba ya esa lista interminable de <a title=\"Bachibozuk\" href=\"http:\/\/www.hoy.es\/v\/20110717\/opinion\/bachibozuk-20110717.html\" target=\"_blank\">insultos<\/a>, tan rimbombantes y divertidos.<\/span><\/p>\n<p class=\"MsoNormal\" style=\"margin: 0cm 0cm 0pt; text-align: justify;\"><span style=\"color: #000000; font-family: Arial; font-size: medium;\">\u00a0<\/span><\/p>\n<p class=\"MsoNormal\" style=\"margin: 0cm 0cm 0pt; text-align: justify;\"><span style=\"color: #000000; font-family: Arial; font-size: medium;\">Como narraba al principio, fue en ese c\u00f3mic donde escuch\u00e9 el insulto \u201c<strong>hijo de perra rabiosa<\/strong>\u201d y se lo escupieron a <strong>Tint\u00edn<\/strong>, que andaba disfrazado de mendigo en las calles de &#8220;<strong>Bagghar<\/strong>&#8221; el gran puerto de la costa marroqu\u00ed. Tint\u00edn intent\u00f3 colarse en el interior de la tapadera donde ten\u00edan retenido al pobre Capit\u00e1n, y al ser descubierto, al tomarlo por un vulgar mendigo, le &#8220;invitaron&#8221; a marcharse dedic\u00e1ndole tan sonoro insulto.<\/span><\/p>\n<p>&nbsp;<\/p>\n<div id=\"attachment_1424\" style=\"width: 310px\" class=\"wp-caption alignleft\"><a href=\"\/loch-lomond\/wp-content\/uploads\/sites\/10\/2011\/02\/Tint\u00edn-y-el-Capit\u00e1n.jpg\"><img aria-describedby=\"caption-attachment-1424\" loading=\"lazy\" class=\"size-medium wp-image-1424\" title=\"Tint\u00edn y el Capit\u00e1n\" src=\"\/loch-lomond\/wp-content\/uploads\/sites\/10\/2011\/02\/Tint\u00edn-y-el-Capit\u00e1n.jpg\" alt=\"Tint\u00edn y el viejo Capit\u00e1n Haddock en problemas en el desierto en su primera aventura juntos: El Cangrejo de las pinzas de oro.\" width=\"300\" height=\"240\" srcset=\"https:\/\/static-blogs.hoy.es\/wp-content\/uploads\/sites\/10\/2011\/02\/Tint\u00edn-y-el-Capit\u00e1n.jpg 1280w, https:\/\/static-blogs.hoy.es\/wp-content\/uploads\/sites\/10\/2011\/02\/Tint\u00edn-y-el-Capit\u00e1n-300x240.jpg 300w, https:\/\/static-blogs.hoy.es\/wp-content\/uploads\/sites\/10\/2011\/02\/Tint\u00edn-y-el-Capit\u00e1n-768x614.jpg 768w, https:\/\/static-blogs.hoy.es\/wp-content\/uploads\/sites\/10\/2011\/02\/Tint\u00edn-y-el-Capit\u00e1n-1024x819.jpg 1024w\" sizes=\"(max-width: 300px) 100vw, 300px\" \/><\/a><p id=\"caption-attachment-1424\" class=\"wp-caption-text\">Tint\u00edn y el viejo Capit\u00e1n Haddock en problemas en el desierto en su primera aventura juntos: El Cangrejo de las pinzas de oro.<\/p><\/div>\n<p>&nbsp;<\/p>\n<p class=\"MsoNormal\" style=\"margin: 0cm 0cm 0pt; text-align: justify;\"><span style=\"color: #000000; font-family: Arial; font-size: medium;\">Este <strong>exabrupto<\/strong> hoy, tant\u00edsimos a\u00f1os despu\u00e9s, <strong>me sabe a poco, y ni siquiera entre todos los del Capit\u00e1n encontrar\u00eda alguno que hiciera justicia al mal nacido que deambula por las calles de nuestra ciudad (Badajoz, supuestamente) torturando perros y colgando videos de las salvajadas a los que los somete en Internet<\/strong>.<\/span><\/p>\n<p class=\"MsoNormal\" style=\"margin: 0cm 0cm 0pt; text-align: justify;\">\n<p class=\"MsoNormal\" style=\"margin: 0cm 0cm 0pt; text-align: justify;\"><span style=\"color: #000000; font-family: Arial; font-size: medium;\">\u00a0<\/span><\/p>\n<p class=\"MsoNormal\" style=\"margin: 0cm 0cm 0pt; text-align: justify;\"><span style=\"color: #000000; font-family: Arial; font-size: medium;\"><strong>&#8220;Hijo de perra rabiosa&#8221;<\/strong> se me antoja tan inocente&#8230; y adem\u00e1s no quiero insultar la memoria del pobre \u201c<strong>Schnauzi<\/strong>\u201d que aunque era de verdad un perro, hijo de una perra, <strong>en sus ojos se encuentran m\u00e1s restos de humanidad que en el maldito cobarde asesino que le arrebat\u00f3 la vida tortur\u00e1ndolo lenta y cruelmente<\/strong>.<\/span><\/p>\n<a href=\"\/loch-lomond\/wp-content\/uploads\/sites\/10\/2011\/02\/naranja_mecanica.jpg\"><img loading=\"lazy\" class=\"size-medium wp-image-1425\" title=\"naranja_mecanica\" src=\"\/loch-lomond\/wp-content\/uploads\/sites\/10\/2011\/02\/naranja_mecanica.jpg\" alt=\"Inolvidable secuencia de \"La naranja mec\u00e1nica\"\" width=\"300\" height=\"179\" srcset=\"https:\/\/static-blogs.hoy.es\/wp-content\/uploads\/sites\/10\/2011\/02\/naranja_mecanica.jpg 500w, https:\/\/static-blogs.hoy.es\/wp-content\/uploads\/sites\/10\/2011\/02\/naranja_mecanica-300x179.jpg 300w\" sizes=\"(max-width: 300px) 100vw, 300px\" \/><\/a>\n<p class=\"MsoNormal\" style=\"margin: 0cm 0cm 0pt; text-align: justify;\"><span style=\"color: #000000; font-family: Arial; font-size: medium;\"><strong>Espero que hallen cuanto antes a esa bestia<\/strong>, a esa <strong>rata de cloaca asesina<\/strong>. A veces pienso &#8220;\u00a1<strong>Como me gustar\u00eda que no fuera precisamente la polic\u00eda quien primero diera con \u00e9<\/strong>l!&#8221;. \u00a1Ustedes ya me entienden! <strong>Pero no quiero parecerme ni en pensamiento a semejante inhumano. <\/strong><\/span><\/p>\n<p class=\"MsoNormal\" style=\"margin: 0cm 0cm 0pt; text-align: justify;\"><span style=\"color: #000000; font-family: Arial; font-size: medium;\"><strong>Ni siquiera he tenido intenci\u00f3n de visionar el video<\/strong> que el maldito loco colg\u00f3 en la red, pues casi no he podido leer siquiera entera la noticia, con esos detalles tan escalofriantes. <\/span><\/p>\n<p class=\"MsoNormal\" style=\"margin: 0cm 0cm 0pt; text-align: justify;\"><span style=\"color: #000000; font-family: Arial; font-size: medium;\">Mas <strong>me gustar\u00eda que donde \u201cSchnauzi\u201d haya derramado sangre brotaran flores<\/strong>, unas flores enormes y vivas, de un color rojo y sangre, <strong>y obligaran al asesino a mirarlas<\/strong>, d\u00eda tras d\u00eda, <strong>en plan \u201cLa Naranja Mec\u00e1nica\u201d<\/strong>, que no pudiera ni parpadear, hasta que se volviera a\u00fan m\u00e1s loco, pues sabr\u00eda que de alguna u otra manera, <strong>esas flores no ser\u00edan m\u00e1s que el \u00faltimo aliento del pobre \u201cSchnauzi\u201d aferr\u00e1ndose con fuerza a la vida.<\/strong><\/span><\/p>\n<!-- AddThis Advanced Settings generic via filter on the_content --><!-- AddThis Share Buttons generic via filter on the_content -->","protected":false},"excerpt":{"rendered":"<p>La primera vez que escuch\u00e9 el insulto que reza como t\u00edtulo en el post de hoy me pareci\u00f3 una palabrota realmente grave y malsonante. Tendr\u00eda 6 \u00f3 7 a\u00f1os, y al igual que hoy me encontraba enfermo. En vez de ir a clase me d\u00ed el gustazo de quedarme calentito en mi cama, bebiendo zumos, [&hellip;]<!-- AddThis Advanced Settings generic via filter on get_the_excerpt --><!-- AddThis Share Buttons generic via filter on get_the_excerpt --><\/p>\n","protected":false},"author":14,"featured_media":0,"comment_status":"open","ping_status":"closed","sticky":false,"template":"","format":"standard","meta":[],"categories":[7],"tags":[271,368,437,442,1030,1087,1515,1600,1797,1806,1964,2430,2588,2616,2617,2894,3103,3866,4601,4986,5050,5051,5231],"_links":{"self":[{"href":"https:\/\/blogs.hoy.es\/loch-lomond\/wp-json\/wp\/v2\/posts\/183"}],"collection":[{"href":"https:\/\/blogs.hoy.es\/loch-lomond\/wp-json\/wp\/v2\/posts"}],"about":[{"href":"https:\/\/blogs.hoy.es\/loch-lomond\/wp-json\/wp\/v2\/types\/post"}],"author":[{"embeddable":true,"href":"https:\/\/blogs.hoy.es\/loch-lomond\/wp-json\/wp\/v2\/users\/14"}],"replies":[{"embeddable":true,"href":"https:\/\/blogs.hoy.es\/loch-lomond\/wp-json\/wp\/v2\/comments?post=183"}],"version-history":[{"count":0,"href":"https:\/\/blogs.hoy.es\/loch-lomond\/wp-json\/wp\/v2\/posts\/183\/revisions"}],"wp:attachment":[{"href":"https:\/\/blogs.hoy.es\/loch-lomond\/wp-json\/wp\/v2\/media?parent=183"}],"wp:term":[{"taxonomy":"category","embeddable":true,"href":"https:\/\/blogs.hoy.es\/loch-lomond\/wp-json\/wp\/v2\/categories?post=183"},{"taxonomy":"post_tag","embeddable":true,"href":"https:\/\/blogs.hoy.es\/loch-lomond\/wp-json\/wp\/v2\/tags?post=183"}],"curies":[{"name":"wp","href":"https:\/\/api.w.org\/{rel}","templated":true}]}}