{"id":187,"date":"2011-02-25T00:00:00","date_gmt":"2011-02-24T23:00:00","guid":{"rendered":"http:\/\/blogs.hoy.es\/loch-lomond\/?p=187"},"modified":"2011-02-25T00:00:00","modified_gmt":"2011-02-24T23:00:00","slug":"violent-popes-empty-man","status":"publish","type":"post","link":"https:\/\/blogs.hoy.es\/loch-lomond\/2011\/02\/25\/violent-popes-empty-man\/","title":{"rendered":"Violent Popes (Empty Man)"},"content":{"rendered":"<div id=\"attachment_1201\" style=\"width: 310px\" class=\"wp-caption aligncenter\"><a href=\"\/loch-lomond\/wp-content\/uploads\/sites\/10\/2011\/02\/violent-popes.jpg\"><img aria-describedby=\"caption-attachment-1201\" loading=\"lazy\" class=\" wp-image-1201\" title=\"violent popes\" src=\"\/loch-lomond\/wp-content\/uploads\/sites\/10\/2011\/02\/violent-popes.jpg\" alt=\"El quinteto pacense VIOLENT POPES (de izquierda a derecha \u00d3scar Vadillo, Nene Rodr\u00edguez, Zaira Arlandi, Mill\u00e1n V\u00e1zquez y Enrique Falc\u00f3, tras su segunda actuaci\u00f3n, en la Sala Tragaluz, el 23 de Marzo de 1996). Desde estas lineas quiero agradecer a la periodista del Diario HOY; Estefan\u00eda Zarallo; por rescatar del archivo tan a\u00f1orados documentos hist\u00f3ricos.\" width=\"300\" height=\"206\" srcset=\"https:\/\/static-blogs.hoy.es\/wp-content\/uploads\/sites\/10\/2011\/02\/violent-popes.jpg 1316w, https:\/\/static-blogs.hoy.es\/wp-content\/uploads\/sites\/10\/2011\/02\/violent-popes-300x207.jpg 300w, https:\/\/static-blogs.hoy.es\/wp-content\/uploads\/sites\/10\/2011\/02\/violent-popes-768x529.jpg 768w, https:\/\/static-blogs.hoy.es\/wp-content\/uploads\/sites\/10\/2011\/02\/violent-popes-1024x705.jpg 1024w\" sizes=\"(max-width: 300px) 100vw, 300px\" \/><\/a><p id=\"caption-attachment-1201\" class=\"wp-caption-text\">El quinteto pacense VIOLENT POPES (de izquierda a derecha \u00d3scar Vadillo, Nene Rodr\u00edguez, Zaira Arlandi, Mill\u00e1n V\u00e1zquez y Enrique Falc\u00f3, tras su segunda actuaci\u00f3n, en la Sala Tragaluz, el 23 de Marzo de 1996). Desde estas lineas quiero agradecer a la periodista del Diario HOY; Estefan\u00eda Zarallo; por rescatar del archivo tan a\u00f1orados documentos hist\u00f3ricos.<\/p><\/div>\n<p class=\"MsoNormal\" style=\"text-align: justify; margin: 0cm 0cm 0pt;\"><span style=\"color: #000000; font-family: Arial; font-size: medium;\">\u00a0\u00a0\u00a0\u00a0 <\/span><\/p>\n<p class=\"MsoNormal\" style=\"text-align: justify; margin: 0cm 0cm 0pt;\"><span style=\"color: #000000; font-family: Arial; font-size: medium;\">\u00a0\u00a0\u00a0\u00a0 Mentir\u00eda si no reconociera que el grupo que hoy protagoniza mis <a title=\"Las joyas de la Castafiore\" href=\"https:\/\/blogs.hoy.es\/loch-lomond\/category\/las-joyas-la-castafiore\/\" target=\"_blank\"><span style=\"color: #000000;\">viernes musicales<\/span><\/a>, en \u00e9ste, su Blog, <strong>Don de LOCH LOMOND<\/strong>, merece protagonizar dicho post por reconocimiento y derecho propio, y que nada tiene que ver el hecho, que el menda, o sea, quien suscribe, <a title=\"Bater\u00eda Falc\u00f3\" href=\"http:\/\/cronicasdelpaseomaritimo.blogspot.com\/2011\/06\/bateria-falco.html\" target=\"_blank\"><span style=\"color: #000000;\">Enrique Falc\u00f3<\/span><\/a>, haya sido el <strong>bater\u00eda<\/strong> de la banda desde casi su formaci\u00f3n.<\/span><\/p>\n<p class=\"MsoNormal\" style=\"text-align: justify; margin: 0cm 0cm 0pt;\">\n<p class=\"MsoNormal\" style=\"text-align: justify; margin: 0cm 0cm 0pt;\">\n<p class=\"MsoNormal\" style=\"text-align: justify; margin: 0cm 0cm 0pt;\"><span style=\"color: #000000; font-family: Arial; font-size: medium;\"><strong>\u00a0\u00a0\u00a0\u00a0 Los comienzos<\/strong> de <a title=\"VIOLENT POPES\" href=\"http:\/\/cantarranacorps.blogspot.com\/2010\/08\/violent-popes.html\" target=\"_blank\"><span style=\"color: #000000;\">Violent Popes<\/span><\/a> se remontan al <strong>tr\u00edo Delicatessen<\/strong>, de claro corte ac\u00fastico. La verdad es que este tr\u00edo se limitaba a acompa\u00f1ar la espl\u00e9ndida voz de su vocalista <strong>Zaira<\/strong> con un par de guitarras, interpretando canciones que ven\u00edan como anillo al dedo (Temas de <strong>Cranberries<\/strong> como \u201c<strong>Ode to my family<\/strong>\u201d por poner un ejemplo).<\/span><\/p>\n<p class=\"MsoNormal\" style=\"text-align: justify; margin: 0cm 0cm 0pt;\">\n<p class=\"MsoNormal\" style=\"text-align: justify; margin: 0cm 0cm 0pt;\"><span style=\"color: #000000; font-family: Arial; font-size: medium;\">\u00a0<\/span><\/p>\n<p class=\"MsoNormal\" style=\"text-align: justify; margin: 0cm 0cm 0pt;\"><span style=\"color: #000000; font-family: Arial; font-size: medium;\">\u00a0\u00a0\u00a0\u00a0 A\u00fan recuerdo la primera ocasi\u00f3n en la que presenci\u00e9 un \u201c<strong>concierto<\/strong>\u201d del tr\u00edo. Se hablaba mucho de ellos en el <strong><a title=\"REGRESO AL ZURBAR\u00c1N\" href=\"https:\/\/blogs.hoy.es\/loch-lomond\/2012\/10\/24\/regreso-al-zurbaran\/\" target=\"_blank\">Instituto<\/a><\/strong> (<a title=\"Adi\u00f3s Muchachos\" href=\"https:\/\/blogs.hoy.es\/loch-lomond\/2011\/04\/07\/adios-muchachos\/\" target=\"_blank\"><span style=\"color: #000000;\">Zurbar\u00e1n<\/span><\/a>) y yo ten\u00eda el gusto de conocer a <strong>Zaira Arlandi<\/strong> (Guitarra\u00a0y voz) y a <strong>Mill\u00e1n V\u00e1zquez<\/strong> (Guitarra, aunque casi siempre interpretando las l\u00edneas de bajo). A quien no conoc\u00eda era a <strong><a title=\"\u00d3scar Vadillo\" href=\"https:\/\/blogs.hoy.es\/loch-lomond\/2011\/06\/10\/oscar-vadillo\/\" target=\"_blank\"><span style=\"color: #000000;\">\u00d3scar Vadillo<\/span><\/a> <\/strong>(Guitarra principal) que por lo visto estudiaba en el <strong>Instituto\u00a0Castelar<\/strong>.<\/span><\/p>\n<p class=\"MsoNormal\" style=\"text-align: justify; margin: 0cm 0cm 0pt;\">\n<p class=\"MsoNormal\" style=\"text-align: justify; margin: 0cm 0cm 0pt;\"><span style=\"color: #000000; font-family: Arial; font-size: medium;\">\u00a0<\/span><\/p>\n<p class=\"MsoNormal\" style=\"text-align: justify; margin: 0cm 0cm 0pt;\"><span style=\"color: #000000; font-family: Arial; font-size: medium;\">\u00a0\u00a0\u00a0\u00a0 Ya dije que no iba a mentirles. <strong>No me gustaron nada<\/strong>. Me parec\u00eda que ten\u00edan un morro enorme. Instrumentalmente, a pesar de lo b\u00e1sico de su formaci\u00f3n eran especialmente flojos. Yo, que entonces militaba en un grupo digamos \u201cserio\u201d aquello me pareci\u00f3 una tomadura de pelo. Adem\u00e1s <strong>\u00d3scar<\/strong> me cay\u00f3 bastante mal, a m\u00ed y a todos mis amigos, por lo que jam\u00e1s siquiera se me pas\u00f3 por la cabeza pertenecer a tal <strong>engendro musical<\/strong>.<\/span><\/p>\n<p class=\"MsoNormal\" style=\"text-align: justify; margin: 0cm 0cm 0pt;\">\n<p class=\"MsoNormal\" style=\"text-align: justify; margin: 0cm 0cm 0pt;\"><span style=\"color: #000000; font-family: Arial; font-size: medium;\">\u00a0<\/span><\/p>\n<p class=\"MsoNormal\" style=\"text-align: justify; margin: 0cm 0cm 0pt;\"><span style=\"color: #000000; font-family: Arial; font-size: medium;\">\u00a0\u00a0\u00a0\u00a0 \u00a1Lo que son las cosas! Poco despu\u00e9s <strong>Nene Rodr\u00edguez<\/strong>, otro compa\u00f1ero del <strong>Zurbar\u00e1n<\/strong> se uni\u00f3 a la banda, que ya hab\u00eda experimentado una <strong>radical metamorfosis<\/strong>. <strong>Mill\u00e1n y \u00d3scar<\/strong> hab\u00edan sustituido sus <strong>guitarras ac\u00fasticas<\/strong> por un <strong>bajo el\u00e9ctrico<\/strong> y una <strong>guitarra el\u00e9ctrica<\/strong> respectivamente. Su equipo era m\u00e1s que decente, si tenemos en cuenta que apenas contaban con 17 a\u00f1os por entonces. Nene se uni\u00f3 en calidad de segundo guitarra y con la ayuda de algunos bater\u00edas y percusionistas de la ciudad, como por ejemplo <strong>Israel Marcelo<\/strong> (por aquel entonces bater\u00eda de <a title=\"LICH\" href=\"https:\/\/blogs.hoy.es\/loch-lomond\/2011\/07\/01\/la-casa-colores\/\" target=\"_blank\"><span style=\"color: #000000;\">LICH<\/span><\/a>) ofrecieron unos cuantos conciertos.<\/span><\/p>\n<p>&nbsp;<\/p>\n<p>&nbsp;<\/p>\n<div id=\"attachment_1202\" style=\"width: 224px\" class=\"wp-caption alignleft\"><a href=\"\/loch-lomond\/wp-content\/uploads\/sites\/10\/2011\/02\/Zaira-Violent-Popes.jpg\"><img aria-describedby=\"caption-attachment-1202\" loading=\"lazy\" class=\"size-medium wp-image-1202\" title=\"Zaira Violent Popes\" src=\"\/loch-lomond\/wp-content\/uploads\/sites\/10\/2011\/02\/Zaira-Violent-Popes.jpg\" alt=\"Zaira d\u00e1ndolo todo en el Groove pop Festival de Olivenza, el 10 de agosto del 96, donde los Violent Popes brillaron con luz propia junto a Penelope Trip, Killer Barbies, Nosotrash, Erospoli, Lich y Manta Ray.\" width=\"214\" height=\"300\" srcset=\"https:\/\/static-blogs.hoy.es\/wp-content\/uploads\/sites\/10\/2011\/02\/Zaira-Violent-Popes.jpg 709w, https:\/\/static-blogs.hoy.es\/wp-content\/uploads\/sites\/10\/2011\/02\/Zaira-Violent-Popes-214x300.jpg 214w\" sizes=\"(max-width: 214px) 100vw, 214px\" \/><\/a><p id=\"caption-attachment-1202\" class=\"wp-caption-text\">Zaira d\u00e1ndolo todo en el Groove pop Festival de Olivenza, el 10 de agosto del 96, donde los Violent Popes brillaron con luz propia junto a Penelope Trip, Killer Barbies, Nosotrash, Erospoli, Lich y Manta Ray.<\/p><\/div>\n<div class=\"mceTemp\"><\/div>\n<p><span style=\"color: #000000; font-family: Arial; font-size: medium;\">\u00a0\u00a0\u00a0\u00a0 Mi grupo, <a title=\"Cuarto Menguante\" href=\"http:\/\/cantarranacorps.blogspot.com\/2011\/07\/cuarto-menguante.html\" target=\"_blank\"><span style=\"color: #000000;\">Cuarto Menguante<\/span><\/a>, pr\u00e1cticamente ya no exist\u00eda, y tras colaborar con alguna formaci\u00f3n de la ciudad de manera espor\u00e1dica, me estaba planteando unirme a un grupo serio, que me ofreciera un proyecto atractivo, y sobre todo conciertos. <\/span><\/p>\n<p>&nbsp;<\/p>\n<p><span style=\"color: #000000; font-family: Arial; font-size: medium;\">\u00a0\u00a0\u00a0\u00a0 Ni que decir tiene que tanto Nene como Zaira me propusieron varias veces que me uniera a ellos, algo a lo que me negu\u00e9 en rotundo (a\u00fan recordaba las \u201cactuaciones\u201d de los Delicatessen y lo gordo que me ca\u00eda \u00d3scar (lo que son las cosas, con quien fundar\u00eda un a\u00f1o m\u00e1s tarde <strong><a title=\"LEFT BROTHERS\" href=\"http:\/\/cantarranacorps.blogspot.com\/2010\/09\/left-brothers.html\" target=\"_blank\"><span style=\"color: #000000;\">LEFT BROTHERS<\/span><\/a> <\/strong>y con quien tambi\u00e9n militar\u00eda en<strong> LICH<\/strong>). <\/span><\/p>\n<p>&nbsp;<\/p>\n<p><span style=\"color: #000000; font-family: Arial; font-size: medium;\">\u00a0\u00a0\u00a0\u00a0 Pero mira por donde, una tarde acompa\u00f1\u00e9 a Nene a un ensayo. Compart\u00edan local con <strong>LICH<\/strong>, grupo curiosamente, del que yo tambi\u00e9n ser\u00eda <strong>bater\u00eda<\/strong> pocos a\u00f1os despu\u00e9s, y all\u00ed estaba la vieja bater\u00eda azul con la que ensayaban. Ni que decir tiene que era inevitable que me ofrecieran sentarme para improvisar con ellos, y la verdad es que me divert\u00ed. Poco despu\u00e9s Nene me coment\u00f3 que hab\u00edan conseguido un bolo en &#8220;<strong>El Duende<\/strong>&#8221; (ahora <a title=\"Callej\u00f3n de la Plazuela\" href=\"http:\/\/www.elcallejondelaplazuela.com\/\" target=\"_blank\"><span style=\"color: #000000;\">Callej\u00f3n de la Plazuela<\/span><\/a>)\u00a0y en la <strong>Sala Tragaluz<\/strong>, y me ofreci\u00f3 tocar con ellos s\u00f3lo como colaboraci\u00f3n. <\/span><\/p>\n<p>&nbsp;<\/p>\n<p>&nbsp;<\/p>\n<p><span style=\"color: #000000; font-family: Arial; font-size: medium;\">\u00a0\u00a0\u00a0\u00a0 Tras <strong>el primer ensayo<\/strong> qued\u00e9 convencido de que <strong>me unir\u00eda al grupo<\/strong> y permanecer\u00eda en \u00e9l para siempre. A pesar de la falta de orden y de experiencia, aquello me maravillaba y lo que era m\u00e1s importante, <strong>me divert\u00eda tocando como un loco<\/strong>.<\/span><\/p>\n<p>&nbsp;<\/p>\n<p><span style=\"color: #000000; font-family: Arial; font-size: medium;\">\u00a0\u00a0\u00a0\u00a0 \u00a0Parecer\u00e1 una tonter\u00eda pero <strong>tras la primera actuaci\u00f3n no paramos de tocar<\/strong> y nuestra popularidad iba en aumento. <strong>Mill\u00e1n<\/strong>, que adem\u00e1s de <strong>bajista<\/strong> cumpl\u00eda con las funciones de <strong>manager<\/strong>, se mov\u00eda incre\u00edblemente bien y nos organiz\u00f3 <strong>un verano repleto de conciertos<\/strong> (a destacar una actuaci\u00f3n en <strong>Oliva de la Frontera<\/strong>\u00a0donde taloneamos a <strong>&#8220;Los Ronaldos&#8221;<\/strong> y jugamos un partidillo de f\u00fatbol con ellos donde lesionamos al teclista \u00a1Qu\u00e9 recuerdos!). <\/span><\/p>\n<p>&nbsp;<\/p>\n<p><span style=\"color: #000000; font-family: Arial; font-size: medium;\">\u00a0\u00a0\u00a0\u00a0 Como guinda final ganamos sorpresivamente el <strong>Festival Oink Rock<\/strong> ante una serie de importantes grupos de la regi\u00f3n (<strong>LICH, Erospoli, Juego Oculto<\/strong>\u2026 entre otros. El premio consist\u00eda en <strong>100.000 mil pesetas<\/strong> de la \u00e9poca, que por cierto, a pesar de gastarnos 10.000 en celebrarlo con los amigos, nunca cobramos, pero nos proporcion\u00f3 el empuje moral que nos hac\u00eda falta para decidirnos a grabar nuestra <strong>primera maqueta<\/strong> en <strong>Jammin<\/strong> (M\u00e9rida) maqueta \u00e9sta que nos abri\u00f3 todav\u00eda m\u00e1s puertas. <\/span><\/p>\n<p>&nbsp;<\/p>\n<p><span style=\"color: #000000; font-family: Arial; font-size: medium;\">\u00a0\u00a0\u00a0\u00a0 Despu\u00e9s llegaron <strong>m\u00e1s conciertos<\/strong>, <strong>m\u00e1s premios y grabaciones<\/strong>, salidas a <strong>Sevilla, Madrid, Festivales<\/strong> etc, hasta que nuestros estudios, trabajos y obligaciones pusieron fin a una banda que, adem\u00e1s de dejar un pu\u00f1ado importante de <strong>canciones para la historia de la m\u00fasica extreme\u00f1a<\/strong>, forj\u00f3 una amistad y un cari\u00f1o entre cinco conocidos a los que pr\u00e1cticamente convirti\u00f3 en hermanos para toda la eternidad.<\/span><\/p>\n<p>&nbsp;<\/p>\n<p><span style=\"color: #000000; font-size: medium;\">\u00a0\u00a0\u00a0\u00a0 Podr\u00eda haber elegido alguno de los \u00faltimos temas, como \u201c<strong><a title=\"Mag Dogs\" href=\"http:\/\/cantarranacorps.blogspot.com\/2010\/08\/violent-popes-maqueta-1999.html\" target=\"_blank\"><span style=\"color: #000000;\">Mag dogs<\/span><\/a>\u201d <\/strong>o \u201c<strong><a title=\"Fever\" href=\"http:\/\/cantarranacorps.blogspot.com\/2010\/08\/violent-popes-maqueta-1999.html\" target=\"_blank\"><span style=\"color: #000000;\">Fever<\/span><\/a>\u201d <\/strong>que suenan de f\u00e1bula, pero sin embargo hoy, me he decantado por <strong><a title=\"Empty Man\" href=\"http:\/\/www.goear.com\/listen\/fbf6306\/empty-man-violent-popes\" target=\"_blank\"><span style=\"color: #000000;\">Empty Man<\/span><\/a>, <\/strong>que a pesar de ser de <a title=\"Primera maqueta de VIOLENT POPES\" href=\"http:\/\/cantarranacorps.blogspot.com\/2010\/08\/violent-popes-violent-popes.html\" target=\"_blank\"><span style=\"color: #000000;\">la primera maqueta<\/span><\/a>, con todos sus fallos e imperfecciones, re\u00fane la esencia y <strong>la especial magia de aquellos 5 j\u00f3venes pacenses<\/strong>, que con apenas <strong>18 a\u00f1os<\/strong>, revolucionaron el <strong>panorama musical de nuestra regi\u00f3n<\/strong>. Disfruten con <strong><a title=\"Empty Man (VIOLENT POPES)\" href=\"http:\/\/www.goear.com\/listen\/fbf6306\/empty-man-violent-popes\" target=\"_blank\">Empty Man<\/a><\/strong> y d\u00e9jense seducir por la <strong>magia<\/strong> y la especial <strong>fuerza<\/strong> y <strong>buenas vibraciones<\/strong> de este <strong>grupo irrepetible<\/strong>, tanto en calidad musical, como en calidad humana.<\/span><\/p>\n<!-- AddThis Advanced Settings generic via filter on the_content --><!-- AddThis Share Buttons generic via filter on the_content -->","protected":false},"excerpt":{"rendered":"<p>\u00a0\u00a0\u00a0\u00a0 \u00a0\u00a0\u00a0\u00a0 Mentir\u00eda si no reconociera que el grupo que hoy protagoniza mis viernes musicales, en \u00e9ste, su Blog, Don de LOCH LOMOND, merece protagonizar dicho post por reconocimiento y derecho propio, y que nada tiene que ver el hecho, que el menda, o sea, quien suscribe, Enrique Falc\u00f3, haya sido el bater\u00eda de la [&hellip;]<!-- AddThis Advanced Settings generic via filter on get_the_excerpt --><!-- AddThis Share Buttons generic via filter on get_the_excerpt --><\/p>\n","protected":false},"author":14,"featured_media":0,"comment_status":"open","ping_status":"closed","sticky":false,"template":"","format":"standard","meta":[],"categories":[6],"tags":[114,241,437,448,464,505,720,806,1131,1150,1345,1515,1631,1778,1806,1817,1848,1917,1934,2082,2083,2085,2360,2405,2496,2668,3064,3100,3103,3172,3233,3312,3496,3653,3710,3784,3830,5273,5290,5360],"_links":{"self":[{"href":"https:\/\/blogs.hoy.es\/loch-lomond\/wp-json\/wp\/v2\/posts\/187"}],"collection":[{"href":"https:\/\/blogs.hoy.es\/loch-lomond\/wp-json\/wp\/v2\/posts"}],"about":[{"href":"https:\/\/blogs.hoy.es\/loch-lomond\/wp-json\/wp\/v2\/types\/post"}],"author":[{"embeddable":true,"href":"https:\/\/blogs.hoy.es\/loch-lomond\/wp-json\/wp\/v2\/users\/14"}],"replies":[{"embeddable":true,"href":"https:\/\/blogs.hoy.es\/loch-lomond\/wp-json\/wp\/v2\/comments?post=187"}],"version-history":[{"count":0,"href":"https:\/\/blogs.hoy.es\/loch-lomond\/wp-json\/wp\/v2\/posts\/187\/revisions"}],"wp:attachment":[{"href":"https:\/\/blogs.hoy.es\/loch-lomond\/wp-json\/wp\/v2\/media?parent=187"}],"wp:term":[{"taxonomy":"category","embeddable":true,"href":"https:\/\/blogs.hoy.es\/loch-lomond\/wp-json\/wp\/v2\/categories?post=187"},{"taxonomy":"post_tag","embeddable":true,"href":"https:\/\/blogs.hoy.es\/loch-lomond\/wp-json\/wp\/v2\/tags?post=187"}],"curies":[{"name":"wp","href":"https:\/\/api.w.org\/{rel}","templated":true}]}}