{"id":193,"date":"2011-03-13T02:32:00","date_gmt":"2011-03-13T02:32:00","guid":{"rendered":"http:\/\/blogs.hoy.es\/loch-lomond\/?p=193"},"modified":"2011-03-13T02:32:00","modified_gmt":"2011-03-13T02:32:00","slug":"don-ramon","status":"publish","type":"post","link":"https:\/\/blogs.hoy.es\/loch-lomond\/2011\/03\/13\/don-ramon\/","title":{"rendered":"Don Ram\u00f3n"},"content":{"rendered":"<p><img id=\"img_0\" src=\"\/\/dibujos.net\/images\/painted2\/201043\/0a8f7d6ce8c0e09c51ceab9978bb5f29.png\" alt=\"\" \/><\/p>\n<p class=\"MsoNormal\" style=\"margin: 0cm 0cm 0pt; text-align: justify;\"><span style=\"color: navy; font-family: Arial;\"><span style=\"font-size: small;\">Hoy domingo, 13 de Marzo, en mi Tribuna de Opini\u00f3n del Diario HOY, me he acordado de mi viejo profesor de religi\u00f3n, don Ram\u00f3n Tamudo. Tal y como cuento en el art\u00edculo, todo surgi\u00f3 una noche cenando con mi amigo Javi (ya saben, \u00edntimo m\u00edo y de la gula, como quien suscribe) en nuestra fonda predilecta, el Marchivirito. Habl\u00e1bamos de si podr\u00eda ser conveniente o no, que los ni\u00f1os, recibieran clases de historia de la religi\u00f3n, no de religi\u00f3n, que eso supongo que ser\u00e1 decisi\u00f3n de sus padres. La verdad es que uno considera que el saber no ocupa lugar, y aunque desde estas l\u00edneas ya haya reconocido ser ateo, gracias a Dios, siempre me parecieron muy entretenidas las clases de religi\u00f3n del colegio. Sobre todo las par\u00e1bolas (la del hijo pr\u00f3digo me encanta). Es como lo de leer la Biblia. Hay que conocerla, y leerla, al menos por parajes, pues independientemente de las ideas de cada cual, no deja de ser muy entretenido, adem\u00e1s de una parte importante de la historia del hombre. Todo esto me hizo recordar al bueno de don Ram\u00f3n y he tenido a bien dedicarle mi art\u00edculo. Ya digo que don Ram\u00f3n ten\u00eda sus cosas, pero siempre se ha preocupado por los ni\u00f1os, y a\u00fanhoy se desvive por ellos.<\/span><\/span><\/p>\n<p>&nbsp;<\/p>\n<p>&nbsp;<\/p>\n<p>&nbsp;<\/p>\n<p>&nbsp;<\/p>\n<p>&nbsp;<\/p>\n<p>&nbsp;<\/p>\n<p>&nbsp;<\/p>\n<p>&nbsp;<\/p>\n<p>&nbsp;<\/p>\n<p>&nbsp;<\/p>\n<p>&nbsp;<\/p>\n<p>&nbsp;<\/p>\n<p>&nbsp;<\/p>\n<p>&nbsp;<\/p>\n<p>&nbsp;<\/p>\n<p>&nbsp;<\/p>\n<p>&nbsp;<\/p>\n<p>&nbsp;<\/p>\n<p class=\"MsoNormal\" style=\"margin: 0cm 0cm 0pt; text-align: justify;\">\u00a0<\/p>\n<p class=\"MsoNormal\" style=\"margin: 0cm 0cm 0pt; text-align: justify;\">\u00a0<\/p>\n<p class=\"MsoNormal\" style=\"margin: 0cm 0cm 0pt; text-align: justify;\">\u00a0<\/p>\n<p class=\"MsoNormal\" style=\"margin: 0cm 0cm 0pt; text-align: justify;\">\u00a0<\/p>\n<p class=\"MsoNormal\" style=\"margin: 0cm 0cm 0pt; text-align: justify;\">\u00a0<\/p>\n<p class=\"MsoNormal\" style=\"margin: 0cm 0cm 0pt; text-align: justify;\">\u00a0<\/p>\n<p class=\"MsoNormal\" style=\"margin: 0cm 0cm 0pt; text-align: justify;\">\u00a0<\/p>\n<p class=\"MsoNormal\" style=\"margin: 0cm 0cm 0pt; text-align: justify;\">\u00a0<\/p>\n<p class=\"MsoNormal\" style=\"margin: 0cm 0cm 0pt; text-align: justify;\"><span style=\"color: navy; font-family: Arial;\"><span style=\"font-size: small;\">Es un debate complicado el que sugiero, pero necesario. Al final lo importante es que los educadores se preocupen por la educaci\u00f3n de nuestros hijos, y que se recupere el antiguo respeto que exist\u00eda antes entre alumno y profesor. Como bien digo, don Ram\u00f3n ten\u00eda sus cosas, por supuesto, y podr\u00edamos no estar de acuerdo en muchas de ellas, pero a la hora de la verdad no fue m\u00e1s que un profesor que se desviv\u00eda por nosotros. Y eso es lo que yo quiero en un futuro para mis hijos. Que sus profesores se preocupen por su futuro y su educaci\u00f3n, y ayuden en la dif\u00edcil tarea de convertirlos en buenas personas. Que les guste mi art\u00edculo de hoy amigos: <\/span><\/span><\/p>\n<p class=\"MsoNormal\" style=\"margin: 0cm 0cm 0pt; text-align: justify;\">\u00a0<\/p>\n<p class=\"MsoNormal\" style=\"margin: 0cm 0cm 0pt; text-align: justify;\">\u00a0<\/p>\n<p class=\"MsoNormal\" style=\"margin: 0cm 0cm 0pt; text-align: justify;\">\u00a0<\/p>\n<p class=\"MsoNormal\" style=\"margin: 0cm 0cm 0pt; text-align: justify;\">\u00a0<\/p>\n<p class=\"MsoNormal\" style=\"margin: 0cm 0cm 0pt; text-align: justify;\"><span style=\"color: navy; font-family: Arial;\"><span style=\"font-size: small;\"><a href=\"http:\/\/www.hoy.es\/v\/20110313\/opinion\/ramon-20110313.html\">http:\/\/www.hoy.es\/v\/20110313\/opinion\/ramon-20110313.html<\/a><\/span><\/span><\/p>\n<!-- AddThis Advanced Settings generic via filter on the_content --><!-- AddThis Share Buttons generic via filter on the_content -->","protected":false},"excerpt":{"rendered":"<p>Hoy domingo, 13 de Marzo, en mi Tribuna de Opini\u00f3n del Diario HOY, me he acordado de mi viejo profesor de religi\u00f3n, don Ram\u00f3n Tamudo. Tal y como cuento en el art\u00edculo, todo surgi\u00f3 una noche cenando con mi amigo Javi (ya saben, \u00edntimo m\u00edo y de la gula, como quien suscribe) en nuestra fonda [&hellip;]<!-- AddThis Advanced Settings generic via filter on get_the_excerpt --><!-- AddThis Share Buttons generic via filter on get_the_excerpt --><\/p>\n","protected":false},"author":14,"featured_media":0,"comment_status":"open","ping_status":"closed","sticky":false,"template":"","format":"standard","meta":[],"categories":[8],"tags":[214,543,1063,1515,1578,1806,2431,2444,3103,3325,3856,4240,4345,4422],"_links":{"self":[{"href":"https:\/\/blogs.hoy.es\/loch-lomond\/wp-json\/wp\/v2\/posts\/193"}],"collection":[{"href":"https:\/\/blogs.hoy.es\/loch-lomond\/wp-json\/wp\/v2\/posts"}],"about":[{"href":"https:\/\/blogs.hoy.es\/loch-lomond\/wp-json\/wp\/v2\/types\/post"}],"author":[{"embeddable":true,"href":"https:\/\/blogs.hoy.es\/loch-lomond\/wp-json\/wp\/v2\/users\/14"}],"replies":[{"embeddable":true,"href":"https:\/\/blogs.hoy.es\/loch-lomond\/wp-json\/wp\/v2\/comments?post=193"}],"version-history":[{"count":0,"href":"https:\/\/blogs.hoy.es\/loch-lomond\/wp-json\/wp\/v2\/posts\/193\/revisions"}],"wp:attachment":[{"href":"https:\/\/blogs.hoy.es\/loch-lomond\/wp-json\/wp\/v2\/media?parent=193"}],"wp:term":[{"taxonomy":"category","embeddable":true,"href":"https:\/\/blogs.hoy.es\/loch-lomond\/wp-json\/wp\/v2\/categories?post=193"},{"taxonomy":"post_tag","embeddable":true,"href":"https:\/\/blogs.hoy.es\/loch-lomond\/wp-json\/wp\/v2\/tags?post=193"}],"curies":[{"name":"wp","href":"https:\/\/api.w.org\/{rel}","templated":true}]}}