{"id":195,"date":"2011-03-17T01:24:00","date_gmt":"2011-03-17T00:24:00","guid":{"rendered":"http:\/\/blogs.hoy.es\/loch-lomond\/?p=195"},"modified":"2011-03-17T01:24:00","modified_gmt":"2011-03-17T00:24:00","slug":"pa-loca-tu-sosa","status":"publish","type":"post","link":"https:\/\/blogs.hoy.es\/loch-lomond\/2011\/03\/17\/pa-loca-tu-sosa\/","title":{"rendered":"\u00a1Pa loca t\u00fa, Sosa!"},"content":{"rendered":"<p><img id=img_0 src=\"\/\/www.badajozdirecto.com\/imagenes\/noticias\/noticia_8141.jpg\"\/><\/p>\n<p class=MsoNormal style=\"MARGIN: 0cm 0cm 0pt; TEXT-ALIGN: justify\"><span style=\"COLOR: navy; FONT-FAMILY: Arial\"><font size=3>Esto empieza a parecer de cachondeo. Y por ello, no nos queda m\u00e1s remedio que tom\u00e1rnoslo con sentido del humor. No ten\u00edamos bastante con <a id=link_1 title=https:\/\/blogs.hoy.es\/loch-lomond\/2011\/3\/1\/el-alcalde-chochea href=\"https:\/\/blogs.hoy.es\/loch-lomond\/2011\/3\/1\/el-alcalde-chochea\">los palomos cojos del alcalde<\/a> que ahora nos sale Manuel Sosa con sus locas de turno. La verdad es que las palabras del l\u00edder de Izquierda Unida me recuerdan demasiado a aquella historieta de Mafalda, cuando el popular personaje creado por Quino le echa en cara a su amiga Susanita que es un poco racista \u201c\u00bfRacista yo? &#8211; Contesta su tremenda amiga indignada &#8211; \u00bfCu\u00e1ndo he dicho yo algo en contra de esos cochinos negros eh, cuando?<\/font><\/span><\/p>\n<p><span style=\"COLOR: navy; FONT-FAMILY: Arial\"><font size=3><\/font><\/span><\/p>\n<p><span style=\"COLOR: navy; FONT-FAMILY: Arial\"><font size=3><\/font><\/span><\/p>\n<p><span style=\"COLOR: navy; FONT-FAMILY: Arial\"><font size=3><\/font><\/span><\/p>\n<p><span style=\"COLOR: navy; FONT-FAMILY: Arial\"><font size=3><\/font><\/span><\/p>\n<p><span style=\"COLOR: navy; FONT-FAMILY: Arial\"><font size=3><\/font><\/span><\/p>\n<p><span style=\"COLOR: navy; FONT-FAMILY: Arial\"><font size=3><\/font><\/span><\/p>\n<p><span style=\"COLOR: navy; FONT-FAMILY: Arial\"><font size=3><\/font><\/span><\/p>\n<p><span style=\"COLOR: navy; FONT-FAMILY: Arial\"><font size=3>< ?xml:namespace prefix = o ns = \"urn:schemas-microsoft-com:office:office\" \/><o:p><img id=img_1 src=\"\/\/deadhomersociety.files.wordpress.com\/2010\/07\/homersphobia3_thumb.png?w=512&#038;h=384\"\/><\/o:p><\/font><\/span><\/p>\n<p class=MsoNormal style=\"MARGIN: 0cm 0cm 0pt; TEXT-ALIGN: justify\">\n<p class=MsoNormal style=\"MARGIN: 0cm 0cm 0pt; TEXT-ALIGN: justify\"><span style=\"COLOR: navy; FONT-FAMILY: Arial\"><o:p><font size=3><\/font><\/o:p><\/span><\/p>\n<p class=MsoNormal style=\"MARGIN: 0cm 0cm 0pt; TEXT-ALIGN: justify\"><span style=\"COLOR: navy; FONT-FAMILY: Arial\"><font size=3>Cuando le\u00ed la <a id=link_0 title=http:\/\/www.hoy.es\/v\/20110316\/badajoz\/palabras-sosa-sobre-caranava-20110316.html href=\"http:\/\/www.hoy.es\/v\/20110316\/badajoz\/palabras-sosa-sobre-caranava-20110316.html\"><font size=3>noticia en HOY <\/font><font size=3> <\/font><\/a><\/font><font size=3>me hart\u00e9 de re\u00edr, pues me acord\u00e9 tambi\u00e9n de uno de mis cap\u00edtulos favoritos de los Simpsons \u201c< ?xml:namespace prefix = st1 ns = \"urn:schemas-microsoft-com:office:smarttags\" \/><st1:personname ProductID=\"La Fobia\" w:st=\"on\">La Fobia<\/st1:personname> de Homer\u201d en el que Homer, creyendo que su hijo Bart pueda estar volvi\u00e9ndose gay, lo lleva a una sider\u00fargica para que vea como trabajan hombres rudos americanos. La sider\u00fargica en s\u00ed resulta ser toda ella gay. Homer, nervioso y desesperado, exclama dirigi\u00e9ndose a los trabajadores \u201cDios m\u00edo todo el mundo se ha vuelto gay! \u00a1Est\u00e1is todos locos!\u201d &#8211; a lo que una desternillante voz amanerada responde divertidamente <a id=link_2 title=http:\/\/www.youtube.com\/watch?v=CSVWwgUr2js&#038;feature=related href=\"http:\/\/www.youtube.com\/watch?v=CSVWwgUr2js&#038;feature=related\">\u201c\u00a1Pa loca t\u00fa, calva!\u201d<\/a>. No se pierdan este enlace y ver\u00e1n como disfrutan.<\/font><\/span><\/p>\n<p><span style=\"COLOR: navy; FONT-FAMILY: Arial\"><font size=3><\/font><\/span><\/p>\n<p><span style=\"COLOR: navy; FONT-FAMILY: Arial\"><font size=3><o:p><\/o:p><\/font><\/span><\/p>\n<p class=MsoNormal style=\"MARGIN: 0cm 0cm 0pt; TEXT-ALIGN: justify\">\n<p class=MsoNormal style=\"MARGIN: 0cm 0cm 0pt; TEXT-ALIGN: justify\"><span style=\"COLOR: navy; FONT-FAMILY: Arial\"><o:p><font size=3><\/font><\/o:p><\/span><\/p>\n<p class=MsoNormal style=\"MARGIN: 0cm 0cm 0pt; TEXT-ALIGN: justify\">\n<p><span style=\"COLOR: navy; FONT-FAMILY: Arial\"><\/span><\/p>\n<p><span style=\"COLOR: navy; FONT-FAMILY: Arial\"><\/span><\/p>\n<p><span style=\"COLOR: navy; FONT-FAMILY: Arial\"><o:p><\/o:p><\/span><\/p>\n<p class=MsoNormal style=\"MARGIN: 0cm 0cm 0pt; TEXT-ALIGN: justify\">\n<p class=MsoNormal style=\"MARGIN: 0cm 0cm 0pt; TEXT-ALIGN: justify\"><span style=\"COLOR: navy; FONT-FAMILY: Arial\"><o:p><font size=3><\/font><\/o:p><\/span><\/p>\n<p><span style=\"COLOR: navy; FONT-FAMILY: Arial\"><o:p><font size=3><\/font><\/o:p><\/span> <\/p>\n<p class=MsoNormal style=\"MARGIN: 0cm 0cm 0pt; TEXT-ALIGN: justify\">\n<p><span style=\"FONT-SIZE: 12pt; COLOR: navy; FONT-FAMILY: Arial; mso-ansi-language: ES-TRAD; mso-fareast-font-family: 'Times New Roman'; mso-fareast-language: ES-TRAD; mso-bidi-language: AR-SA\"><span style=\"mso-spacerun: yes\"><\/span>Esto mismo, o algo parecido, es lo que le hubiera tenido que ocurrir ayer a <span style=\"mso-spacerun: yes\"><\/span>don Manuel Sosa. Que una persona de condici\u00f3n homosexual, de tantas que se encontraban presentes, le hubiera respondido de tal guisa. Recon\u00f3zcanme que hubiera sido un punto la verdad, y muy divertido. Adem\u00e1s, la palabra calva, ya que el pol\u00edtico tiene una mata considerable de pelo, la hubiera podido sustituir por su apellido, y gritarle con todas las letras bien alto: \u201cPa loca t\u00fa, Sosa\u201d<\/span><\/p>\n<p class=MsoNormal style=\"MARGIN: 0cm 0cm 0pt; TEXT-ALIGN: justify\"><span style=\"FONT-SIZE: 12pt; COLOR: navy; FONT-FAMILY: Arial; mso-ansi-language: ES-TRAD; mso-fareast-font-family: 'Times New Roman'; mso-fareast-language: ES-TRAD; mso-bidi-language: AR-SA\">Querido Sosa, &#8220;en bocas cerradas no entran moscas&#8221;. Yo a\u00fan dir\u00eda m\u00e1s, mi querido Hern\u00e1ndez &#8220;en moscas cerradas no entran bocas&#8221;. Esta es mi opini\u00f3n, y yo la comparto.<\/span><\/p>\n<!-- AddThis Advanced Settings generic via filter on the_content --><!-- AddThis Share Buttons generic via filter on the_content -->","protected":false},"excerpt":{"rendered":"<p>Esto empieza a parecer de cachondeo. Y por ello, no nos queda m\u00e1s remedio que tom\u00e1rnoslo con sentido del humor. No ten\u00edamos bastante con los palomos cojos del alcalde que ahora nos sale Manuel Sosa con sus locas de turno. La verdad es que las palabras del l\u00edder de Izquierda Unida me recuerdan demasiado a [&hellip;]<!-- AddThis Advanced Settings generic via filter on get_the_excerpt --><!-- AddThis Share Buttons generic via filter on get_the_excerpt --><\/p>\n","protected":false},"author":14,"featured_media":0,"comment_status":"open","ping_status":"closed","sticky":false,"template":"","format":"standard","meta":[],"categories":[5],"tags":[498,1515,1806,2252,2463,2468,2496,2650,3101,3103,3231,3308,4318,4837],"_links":{"self":[{"href":"https:\/\/blogs.hoy.es\/loch-lomond\/wp-json\/wp\/v2\/posts\/195"}],"collection":[{"href":"https:\/\/blogs.hoy.es\/loch-lomond\/wp-json\/wp\/v2\/posts"}],"about":[{"href":"https:\/\/blogs.hoy.es\/loch-lomond\/wp-json\/wp\/v2\/types\/post"}],"author":[{"embeddable":true,"href":"https:\/\/blogs.hoy.es\/loch-lomond\/wp-json\/wp\/v2\/users\/14"}],"replies":[{"embeddable":true,"href":"https:\/\/blogs.hoy.es\/loch-lomond\/wp-json\/wp\/v2\/comments?post=195"}],"version-history":[{"count":0,"href":"https:\/\/blogs.hoy.es\/loch-lomond\/wp-json\/wp\/v2\/posts\/195\/revisions"}],"wp:attachment":[{"href":"https:\/\/blogs.hoy.es\/loch-lomond\/wp-json\/wp\/v2\/media?parent=195"}],"wp:term":[{"taxonomy":"category","embeddable":true,"href":"https:\/\/blogs.hoy.es\/loch-lomond\/wp-json\/wp\/v2\/categories?post=195"},{"taxonomy":"post_tag","embeddable":true,"href":"https:\/\/blogs.hoy.es\/loch-lomond\/wp-json\/wp\/v2\/tags?post=195"}],"curies":[{"name":"wp","href":"https:\/\/api.w.org\/{rel}","templated":true}]}}