{"id":197,"date":"2011-03-24T02:29:00","date_gmt":"2011-03-24T02:29:00","guid":{"rendered":"http:\/\/blogs.hoy.es\/loch-lomond\/?p=197"},"modified":"2011-03-24T02:29:00","modified_gmt":"2011-03-24T02:29:00","slug":"los-cunapas","status":"publish","type":"post","link":"https:\/\/blogs.hoy.es\/loch-lomond\/2011\/03\/24\/los-cunapas\/","title":{"rendered":"Los &#8220;Cu\u00f1apas&#8221;"},"content":{"rendered":"<p><img id=\"img_0\" src=\"\/\/3.bp.blogspot.com\/_ZksCrc7D5UU\/S87NcLoa8RI\/AAAAAAAAAOo\/SmUqqN68Opc\/s1600\/RISITAS.jpg\" alt=\"\" \/><\/p>\n<p class=\"MsoNormal\" style=\"margin: 0cm 0cm 0pt; text-align: justify;\"><span style=\"color: navy; font-family: Arial; font-size: medium;\"><span>Estoy \u201creventao\u201d, y perdonen la licencia, pero es que eso de reventado me suena a cursi y se me hace dif\u00edcil de leer y escuchar. Es que me he pegado toda la tarde con mi \u201ccu\u00f1ao\u201d Jes\u00fas (cu\u00f1ado tambi\u00e9n me suena mal) montando un mueble enorme del IKEA. Hay que aprovechar el tiempo, ya que dispongo de unos d\u00edas de vacaciones, y a pesar de llevar tres meses instalado <a title=\"Siempre al Oeste (Enrique Falc\u00f3)\" href=\"https:\/\/blogs.hoy.es\/loch-lomond\/2010\/12\/07\/siempre-al-oeste\/\" target=\"_blank\">en mi nuevo hogar<\/a>, a\u00fan quedan trastos por colocar y muebles en sus cajas por montar en la denominada \u201chabitaci\u00f3n de la mierda\u201d, que es esa ubicaci\u00f3n que existe en mi hogar, donde el primer d\u00eda mi novia y yo empezamos a meter de cualquier forma todo lo que de alguna u otra manera no sab\u00edamos donde colocar o sobraba de principio. Y hablando de principio, la verdad es que al principio estaba digamos ordenadita. Imag\u00ednense. Un mont\u00f3n de cajas bien apiladas por tama\u00f1os, unas encimas de otras, separadas las de libros, las de cds, la de ropa o utensilios de cocina. Poco a poco, buscando por ah\u00ed y por all\u00ed, ahora no hay ni siquiera quien se atreva a entrar. Hace poco m\u00e1s de un mes, mi \u201ccu\u00f1ao\u201d Jes\u00fas iba a colocarme esas barritas del IKEA para la cocina, para colgar cosas que son tan pr\u00e1cticas (utensilios de cocina como cucharones o espumaderas), y no aparec\u00edan. Sab\u00edamos que estaban all\u00ed pero no hab\u00eda quien se atreviera a entrar. Menos mal que en esas lleg\u00f3 mi \u201ccu\u00f1\u00e1\u201d Lara, la hermana de mi novia, novia de Jes\u00fas, y la encontr\u00f3 entre tanta porquer\u00eda \u201carrejunt\u00e1\u201d por los rincones.<\/span><\/span><\/p>\n<p>&nbsp;<\/p>\n<p><span style=\"color: navy; font-family: Arial; font-size: medium;\"><span><img id=\"img_1\" src=\"\/\/www.blogygrana.com\/wp-content\/uploads\/2009\/11\/MANOS-A-LA-OBRA-4.jpg\" alt=\"\" \/><\/span><\/span><\/p>\n<p class=\"MsoNormal\" style=\"margin: 0cm 0cm 0pt; text-align: justify;\"><span style=\"color: navy; font-family: Arial; font-size: medium;\"><span>El caso es que hoy hemos aprovechado para montar el \u00faltimo armario, y qu\u00e9 quieren que les diga, aqu\u00ed me encuentro relaj\u00e1ndome ante el ordenata con un copazo de LOCH LOMOND. Aunque la verdad es que ahora pienso que si yo estoy tan cansado como estar\u00e1 el pobre Jes\u00fas, que ha sido quien realmente ha montado el mueble mientras mi menda lo \u00fanico que pod\u00eda hacer era pasarle tal o cual martillo, sujetarle aquella o esta tabla, darle conversaci\u00f3n o prepararle una merendola (qu\u00e9 menos). La verdad es que existen dichos que me encantan, uno de ellos es el de \u201cpa eso est\u00e1 la familia\u201d que es muy grande y cierto. La verdad es que ya he comentado en alguna ocasi\u00f3n que he tenido una suerte enorme con mis cu\u00f1ados, ya sean por parte de mis hermanas como los novios de las hermanas de mi novia (y su hermano). No son cu\u00f1ados ni familiares, ante todo son amigos, grandes amigos, casi como hermanos, y he de reconocer que tengo una suerte b\u00e1rbara de poder contar con su amistad y complicidad, y no s\u00f3lo para este tipo de tareas, sino para cualquier problema que me surja en la vida. <\/span><\/span><\/p>\n<p class=\"MsoNormal\" style=\"margin: 0cm 0cm 0pt; text-align: justify;\"><span style=\"color: navy; font-family: Arial; font-size: medium;\"><span>\u00daltimamente a Jes\u00fas y Lara los apodo cari\u00f1osamente los \u201ccu\u00f1apas\u201d por aquello de que adem\u00e1s de cu\u00f1ados se est\u00e1n encargando de montarme muebles, colocar enchufes, utensilios, l\u00e1mparas, adornos, radiadores\u2026 Qu\u00e9 quieren que les diga, ya s\u00e9 que estar\u00e1n pensando que tengo unas pelotas que me las piso o m\u00e1s cara que espalda, pero les aseguro que no se trata de morro o comodidad, es que uno no vale para estas cosas. De la misma manera que el menda te escribe de cualquier cosa en cualquier momento, o se marca sin problema el &#8220;<a title=\"Sunday, bloody sunday (Enrique Falc\u00f3)\" href=\"https:\/\/blogs.hoy.es\/loch-lomond\/2010\/07\/09\/sunday-bloody-sunday\/\" target=\"_blank\">Sunday Bloody Sunday<\/a>&#8221; de U2 a la bater\u00eda, te recita de memoria &#8220;<a title=\"Tesoros de papel (Enrique Falc\u00f3)\" href=\"http:\/\/www.hoy.es\/prensa\/20100606\/opinion\/tesoros-papel-20100606.html\" target=\"_blank\">La Venganza de don Mendo<\/a>&#8220;, o se pasa el juego del &#8220;<a title=\"Internet y regresi\u00f3n (Enrique Falc\u00f3)\" href=\"https:\/\/blogs.hoy.es\/loch-lomond\/2010\/08\/18\/internet-y-regresion\/\" target=\"_blank\">s\u00faper pang<\/a>&#8221; casi sin mirar, las chapuzas no se me dan bien, igual que las matem\u00e1ticas o los trabajos manuales, o por ejemplo, cambiar neum\u00e1ticos.<\/span><\/span><\/p>\n<p>&nbsp;<\/p>\n<p><span style=\"color: navy; font-family: Arial; font-size: medium;\"><span><img id=\"img_2\" src=\"\/\/4.bp.blogspot.com\/_qRiaND-9yDg\/Sp_VHjIAYsI\/AAAAAAAAA-Y\/nuT7zz0Jobo\/s400\/9+Inventor.jpg\" alt=\"\" \/><\/span><\/span><\/p>\n<p><span style=\"color: navy; font-family: Arial; font-size: medium; mso-fareast-font-family: 'Times New Roman'; mso-fareast-language: ES-TRAD; mso-ansi-language: ES-TRAD; mso-bidi-language: AR-SA;\">Con todo mi coraz\u00f3n, sirvan estas l\u00edneas como humilde homenaje muy especial a todos los \u201ccu\u00f1apas\u201d, a los m\u00edos y a los de todos ustedes, que seguro que tienen muchas historias que contar de ellos, las cuales estar\u00e9 encantado de leer en mis comentarios. Para muchos la palabra &#8220;cu\u00f1ado&#8221; suena a famila pol\u00edtica, risa, cachondeo, o familiares de segunda, para quien suscribe s\u00f3lo tiene connotaciones y denotaciones de verdadera familia, amistad, simpat\u00eda, compa\u00f1\u00eda, ayuda, alegr\u00eda, buen rollo, y sobre todo&#8230; de gratitud.<\/span><\/p>\n<!-- AddThis Advanced Settings generic via filter on the_content --><!-- AddThis Share Buttons generic via filter on the_content -->","protected":false},"excerpt":{"rendered":"<p>Estoy \u201creventao\u201d, y perdonen la licencia, pero es que eso de reventado me suena a cursi y se me hace dif\u00edcil de leer y escuchar. Es que me he pegado toda la tarde con mi \u201ccu\u00f1ao\u201d Jes\u00fas (cu\u00f1ado tambi\u00e9n me suena mal) montando un mueble enorme del IKEA. Hay que aprovechar el tiempo, ya que [&hellip;]<!-- AddThis Advanced Settings generic via filter on get_the_excerpt --><!-- AddThis Share Buttons generic via filter on get_the_excerpt --><\/p>\n","protected":false},"author":14,"featured_media":0,"comment_status":"open","ping_status":"closed","sticky":false,"template":"","format":"standard","meta":[],"categories":[4],"tags":[184,241,421,848,924,1108,1284,1286,1287,1289,2015,2329,2454,2535,2707,2951,3628,3658,4706,5119],"_links":{"self":[{"href":"https:\/\/blogs.hoy.es\/loch-lomond\/wp-json\/wp\/v2\/posts\/197"}],"collection":[{"href":"https:\/\/blogs.hoy.es\/loch-lomond\/wp-json\/wp\/v2\/posts"}],"about":[{"href":"https:\/\/blogs.hoy.es\/loch-lomond\/wp-json\/wp\/v2\/types\/post"}],"author":[{"embeddable":true,"href":"https:\/\/blogs.hoy.es\/loch-lomond\/wp-json\/wp\/v2\/users\/14"}],"replies":[{"embeddable":true,"href":"https:\/\/blogs.hoy.es\/loch-lomond\/wp-json\/wp\/v2\/comments?post=197"}],"version-history":[{"count":0,"href":"https:\/\/blogs.hoy.es\/loch-lomond\/wp-json\/wp\/v2\/posts\/197\/revisions"}],"wp:attachment":[{"href":"https:\/\/blogs.hoy.es\/loch-lomond\/wp-json\/wp\/v2\/media?parent=197"}],"wp:term":[{"taxonomy":"category","embeddable":true,"href":"https:\/\/blogs.hoy.es\/loch-lomond\/wp-json\/wp\/v2\/categories?post=197"},{"taxonomy":"post_tag","embeddable":true,"href":"https:\/\/blogs.hoy.es\/loch-lomond\/wp-json\/wp\/v2\/tags?post=197"}],"curies":[{"name":"wp","href":"https:\/\/api.w.org\/{rel}","templated":true}]}}