{"id":200,"date":"2011-03-31T16:37:00","date_gmt":"2011-03-31T16:37:00","guid":{"rendered":"http:\/\/blogs.hoy.es\/loch-lomond\/?p=200"},"modified":"2011-03-31T16:37:00","modified_gmt":"2011-03-31T16:37:00","slug":"la-caravana","status":"publish","type":"post","link":"https:\/\/blogs.hoy.es\/loch-lomond\/2011\/03\/31\/la-caravana\/","title":{"rendered":"La Caravana"},"content":{"rendered":"<p><img id=img_0 src=\"\/\/www.myimagehosting.com\/u\/9426\/8372\/76898.jpg\"\/><\/p>\n<p><span style=\"FONT-SIZE: 12pt; COLOR: navy; FONT-FAMILY: Arial; mso-fareast-font-family: 'Times New Roman'; mso-fareast-language: ES-TRAD; mso-ansi-language: ES-TRAD; mso-bidi-language: AR-SA\"><font color=#ff0000> <\/p>\n<blockquote><p><span style=\"FONT-SIZE: 12pt; COLOR: navy; FONT-FAMILY: Arial; mso-fareast-font-family: 'Times New Roman'; mso-fareast-language: ES-TRAD; mso-ansi-language: ES-TRAD; mso-bidi-language: AR-SA\"><font color=#ff0000>\u201cUna fuerza irresistible empujaba a los habitantes del Este de los Estados Unidos hacia las tierras recientemente conquistadas del Oeste. Algunos part\u00edan para encontrar oro, otros buscaban la libertad de los grandes espacios v\u00edrgenes. Muchos por fin, pensaban que cuanto m\u00e1s lejana est\u00e1 la pradera, m\u00e1s verde es su hierba. Para hacer la larga y peligrosa traves\u00eda de un pa\u00eds, salvaje a\u00fan, los pioneros se reun\u00edan y formaban caravanas de carros, que llamaban \u201cvagones cubiertos\u201d.<\/font><\/span><\/p>\n<\/blockquote>\n<p><\/font><\/span><span style=\"FONT-SIZE: 12pt; COLOR: navy; FONT-FAMILY: Arial; mso-fareast-font-family: 'Times New Roman'; mso-fareast-language: ES-TRAD; mso-ansi-language: ES-TRAD; mso-bidi-language: AR-SA\"><font color=#ff0000><\/font><\/span><\/p>\n<p><span style=\"FONT-SIZE: 12pt; COLOR: navy; FONT-FAMILY: Arial; mso-fareast-font-family: 'Times New Roman'; mso-fareast-language: ES-TRAD; mso-ansi-language: ES-TRAD; mso-bidi-language: AR-SA\"><font color=#ff0000><\/font><\/span><\/p>\n<p><span style=\"FONT-SIZE: 12pt; COLOR: navy; FONT-FAMILY: Arial; mso-fareast-font-family: 'Times New Roman'; mso-fareast-language: ES-TRAD; mso-ansi-language: ES-TRAD; mso-bidi-language: AR-SA\"><font color=#ff0000><\/font><\/span><\/p>\n<p><span style=\"FONT-SIZE: 12pt; COLOR: navy; FONT-FAMILY: Arial; mso-fareast-font-family: 'Times New Roman'; mso-fareast-language: ES-TRAD; mso-ansi-language: ES-TRAD; mso-bidi-language: AR-SA\"><font color=#ff0000> <\/p>\n<p class=MsoNormal style=\"MARGIN: 0cm 0cm 0pt; TEXT-ALIGN: justify\"><span style=\"COLOR: navy; FONT-FAMILY: Arial\">As\u00ed empieza \u201c< ?xml:namespace prefix = st1 ns = \"urn:schemas-microsoft-com:office:smarttags\" \/><st1:personname w:st=\"on\" ProductID=\"La Caravana\">La Caravana<\/st1:personname>\u201d uno de mis c\u00f3mics favoritos de Lucky Luke. Por supuesto con gui\u00f3n de Goscinny, que sin lugar a dudas son los mejores de la colecci\u00f3n. Gracias a que cuando era peque\u00f1o le\u00eda estos c\u00f3mics, mi menda aprend\u00eda entre otras cosas, como se fue forjando un pa\u00eds como Estados Unidos, al igual que tant\u00edsimas materias que me ense\u00f1aron de historia y tantas otras los libros de \u00c1st\u00e9rix o Tint\u00edn. Ya he comentado en cientos de ocasiones que no comprendo como amigos y compa\u00f1eros de generaci\u00f3n se han perdido (se siguen perdiendo) tales joyas de entretenimiento y cultura. Gracias a \u201c<st1:personname w:st=\"on\" ProductID=\"La Caravana\">La Caravana<\/st1:personname>\u201d,<span style=\"mso-spacerun: yes\"> <\/span>quien suscribe, siempre imagin\u00f3 este conglomerado de carros y vagones como algo digno de no poca importancia, y entre unas cosas y otras ya hay muchos que se est\u00e1n encargando de destrozar el mito a base de dar la tabarra d\u00eda s\u00ed y otro tambi\u00e9n.<\/span><\/p>\n<p class=MsoNormal style=\"MARGIN: 0cm 0cm 0pt; TEXT-ALIGN: justify\"><span style=\"COLOR: navy; FONT-FAMILY: Arial\">< ?xml:namespace prefix = o ns = \"urn:schemas-microsoft-com:office:office\" \/><o:p><\/o:p><\/span><\/p>\n<p class=MsoNormal style=\"MARGIN: 0cm 0cm 0pt; TEXT-ALIGN: justify\"><span style=\"COLOR: navy; FONT-FAMILY: Arial\"><o:p><\/o:p><\/span><br \/>\n<span style=\"COLOR: navy; FONT-FAMILY: Arial\">Por mi horario nunca puedo ver El Intermedio, el Programa de Wyoming (hace ya mucho tiempo que para m\u00ed no es gran, sino Wyoming a secas) en <st1:personname w:st=\"on\" ProductID=\"La Sexta\">La Sexta<\/st1:personname>, pero tras unos d\u00edas de vacaciones me he dado cuenta de que est\u00e1n abusando del tema de manera desproporcionada. No nos enga\u00f1emos, todo esto asunto no tiene otra finalidad que proporcionar propaganda electoral a base de mala prensa. A <st1:personname w:st=\"on\" ProductID=\"La Sexta\">la Sexta<\/st1:personname> se lo han puesto en bandeja, un alcalde del PP, en <st1:personname w:st=\"on\" ProductID=\"la COPE\">la COPE<\/st1:personname>, despreciando y ninguneando a los homosexuales, y claro, a explotarlo a m\u00e1s no poder, aunque para ello el nombre de Badajoz se ensucie y desprestigie un poco m\u00e1s en cada programa. Ahora claro, de las palabras de Manuel Sosa, poco, nada o casi nada se ha dicho, no interesa meterse con un partido de izquierdas. Todo esto me da un poquito de \u201casquete\u201d, y no ser\u00e9 yo quien vaya a lamerles el culo asistiendo a su est\u00fapida <a id=link_2 title=http:\/\/www.hoy.es\/v\/20110331\/badajoz\/caravana-palomos-cojos-sera-20110331.html href=\"http:\/\/www.hoy.es\/v\/20110331\/badajoz\/caravana-palomos-cojos-sera-20110331.html\">Caravana de Palomos Cojos <\/a>para que se r\u00edan de nosotros en nuestra pu\u00f1etera cara. Las Caravanas siempre han despertado en m\u00ed, sentimientos muy serios, como para tener que tragar con semejante gilipollez. Encima, la actuaci\u00f3n estelar correr\u00e1 a cargo de Falete, artista cuyo talento y arte est\u00e1n fuera de toda sospecha, pero lamentablemente sus \u00faltimas apariciones en radio y televisi\u00f3n corren por derroteros distintos y enfrentados al de la m\u00fasica y el cante.<\/span>  <\/p>\n<p class=MsoNormal style=\"MARGIN: 0cm 0cm 0pt; TEXT-ALIGN: justify\">\n<p class=MsoNormal style=\"MARGIN: 0cm 0cm 0pt; TEXT-ALIGN: justify\">\n<p class=MsoNormal style=\"MARGIN: 0cm 0cm 0pt; TEXT-ALIGN: justify\">\n<p class=MsoNormal style=\"MARGIN: 0cm 0cm 0pt; TEXT-ALIGN: justify\">\n<p class=MsoNormal style=\"MARGIN: 0cm 0cm 0pt; TEXT-ALIGN: justify\">\n<p class=MsoNormal style=\"MARGIN: 0cm 0cm 0pt; TEXT-ALIGN: justify\">\n<p class=MsoNormal style=\"MARGIN: 0cm 0cm 0pt; TEXT-ALIGN: justify\"><span style=\"COLOR: navy; FONT-FAMILY: Arial\"><\/span><\/p>\n<p> <span style=\"COLOR: navy; FONT-FAMILY: Arial\"><\/span> <\/p>\n<p class=MsoNormal style=\"MARGIN: 0cm 0cm 0pt; TEXT-ALIGN: justify\">\n<p class=MsoNormal style=\"MARGIN: 0cm 0cm 0pt; TEXT-ALIGN: justify\"><span style=\"COLOR: navy; FONT-FAMILY: Arial\"><o:p><img id=img_1 src=\"\/\/quemedices.diezminutos.es\/var\/qmd\/storage\/images\/noticias_famosos\/falete_inmenso\/falete01\/64192-1-esl-ES\/falete01_galeria_portrait.jpg\"\/><\/o:p><\/span><\/p>\n<p><span style=\"COLOR: navy; FONT-FAMILY: Arial\"><o:p><\/o:p><\/span> <\/p>\n<p class=MsoNormal style=\"MARGIN: 0cm 0cm 0pt; TEXT-ALIGN: justify\">\n<p class=MsoNormal style=\"MARGIN: 0cm 0cm 0pt; TEXT-ALIGN: justify\">\n<p class=MsoNormal style=\"MARGIN: 0cm 0cm 0pt; TEXT-ALIGN: justify\">\n<p class=MsoNormal style=\"MARGIN: 0cm 0cm 0pt; TEXT-ALIGN: justify\">\n<span style=\"FONT-SIZE: 12pt; COLOR: navy; FONT-FAMILY: Arial; mso-fareast-font-family: 'Times New Roman'; mso-fareast-language: ES-TRAD; mso-ansi-language: ES-TRAD; mso-bidi-language: AR-SA\">Yo fui el primero en <a id=link_1 title=https:\/\/blogs.hoy.es\/loch-lomond\/2011\/3\/1\/el-alcalde-chochea href=\"https:\/\/blogs.hoy.es\/loch-lomond\/2011\/3\/1\/el-alcalde-chochea\">criticar al alcalde<\/a>, y poco despu\u00e9s ya a modo de cachondeo, por las circunstancias, a <a id=link_0 title=https:\/\/blogs.hoy.es\/loch-lomond\/2011\/3\/17\/pa-loca-tu-sosa href=\"https:\/\/blogs.hoy.es\/loch-lomond\/2011\/3\/17\/pa-loca-tu-sosa\">Manuel Sosa<\/a>, pero hace ya alg\u00fan tiempo que todo este feo asunto habr\u00eda tenido que dejar de ser noticia, justo cuando Miguel Celdr\u00e1n pidi\u00f3 disculpas por sus palabras. Mis padres me ense\u00f1aron desde peque\u00f1o que de bien nacidos era perdonar y dar segundas oportunidades a las personas, pero me dejaron bien claro que una vez que perdonas a alguien por algo, no puedes estar reprob\u00e1ndoselo toda su vida. Si el colectivo gay acept\u00f3 las disculpas del alcalde que se desmarque de esta patra\u00f1a pol\u00edtica donde desvirt\u00faan cada d\u00eda un poco m\u00e1s el buen nombre de Badajoz. Esta Caravana de desprop\u00f3sitos no le hace ning\u00fan favor a nadie, pues desgraciadamente en la actualidad, nuestra ciudad no re\u00fane los requisitos ni proyecta la idea del \u201csue\u00f1o\u201d de la antigua y dorada California, ni los metepatas y demagogos de <st1:personname w:st=\"on\" ProductID=\"La Sexta\">La Sexta<\/st1:personname> y compa\u00f1\u00eda gozan del fervor popular de los pioneros de anta\u00f1o. Espero que la maldita caravana de palomos, se convierta en la caravana del pitorreo y de la verguenza ajena, cuando a los responsables les golpee en la cara la indiferencia de nuestra ciudad con toda su crudeza, y no hagan m\u00e1s que el rid\u00edculo. Entonces ser\u00e1 el menda quien brindar\u00e1 con su mejor LOCH LOMOND, dese\u00e1ndoles un feliz regreso a su pu\u00f1etera casa, donde podr\u00e1n hacer el imb\u00e9cil cuanto quieran, y que les aproveche&#8230;no, mejor a\u00fan, \u00a1que se les atragante!<\/span><\/p>\n<p><\/font><\/span><\/p>\n<p><span style=\"FONT-SIZE: 12pt; COLOR: navy; FONT-FAMILY: Arial; mso-fareast-font-family: 'Times New Roman'; mso-fareast-language: ES-TRAD; mso-ansi-language: ES-TRAD; mso-bidi-language: AR-SA\"><\/span><\/p>\n<!-- AddThis Advanced Settings generic via filter on the_content --><!-- AddThis Share Buttons generic via filter on the_content -->","protected":false},"excerpt":{"rendered":"<p>\u201cUna fuerza irresistible empujaba a los habitantes del Este de los Estados Unidos hacia las tierras recientemente conquistadas del Oeste. Algunos part\u00edan para encontrar oro, otros buscaban la libertad de los grandes espacios v\u00edrgenes. Muchos por fin, pensaban que cuanto m\u00e1s lejana est\u00e1 la pradera, m\u00e1s verde es su hierba. Para hacer la larga y [&hellip;]<!-- AddThis Advanced Settings generic via filter on get_the_excerpt --><!-- AddThis Share Buttons generic via filter on get_the_excerpt --><\/p>\n","protected":false},"author":14,"featured_media":0,"comment_status":"open","ping_status":"closed","sticky":false,"template":"","format":"standard","meta":[],"categories":[7],"tags":[178,239,375,437,712,797,840,1106,1181,1281,1350,1351,1480,1828,2006,2252,2257,2310,2444,2469,3453,3511,4000,4059,4074,4169,4475,4986,5159,5328],"_links":{"self":[{"href":"https:\/\/blogs.hoy.es\/loch-lomond\/wp-json\/wp\/v2\/posts\/200"}],"collection":[{"href":"https:\/\/blogs.hoy.es\/loch-lomond\/wp-json\/wp\/v2\/posts"}],"about":[{"href":"https:\/\/blogs.hoy.es\/loch-lomond\/wp-json\/wp\/v2\/types\/post"}],"author":[{"embeddable":true,"href":"https:\/\/blogs.hoy.es\/loch-lomond\/wp-json\/wp\/v2\/users\/14"}],"replies":[{"embeddable":true,"href":"https:\/\/blogs.hoy.es\/loch-lomond\/wp-json\/wp\/v2\/comments?post=200"}],"version-history":[{"count":0,"href":"https:\/\/blogs.hoy.es\/loch-lomond\/wp-json\/wp\/v2\/posts\/200\/revisions"}],"wp:attachment":[{"href":"https:\/\/blogs.hoy.es\/loch-lomond\/wp-json\/wp\/v2\/media?parent=200"}],"wp:term":[{"taxonomy":"category","embeddable":true,"href":"https:\/\/blogs.hoy.es\/loch-lomond\/wp-json\/wp\/v2\/categories?post=200"},{"taxonomy":"post_tag","embeddable":true,"href":"https:\/\/blogs.hoy.es\/loch-lomond\/wp-json\/wp\/v2\/tags?post=200"}],"curies":[{"name":"wp","href":"https:\/\/api.w.org\/{rel}","templated":true}]}}