{"id":208,"date":"2011-04-21T04:42:00","date_gmt":"2011-04-21T04:42:00","guid":{"rendered":"http:\/\/blogs.hoy.es\/loch-lomond\/?p=208"},"modified":"2011-04-21T04:42:00","modified_gmt":"2011-04-21T04:42:00","slug":"que-nos-quiten-bailao","status":"publish","type":"post","link":"https:\/\/blogs.hoy.es\/loch-lomond\/2011\/04\/21\/que-nos-quiten-bailao\/","title":{"rendered":"\u00a1Que nos quiten lo &#8220;bailao&#8221;!"},"content":{"rendered":"<p><img id=img_0 src=\"\/\/estaticos04.marca.com\/albumes\/2011\/04\/21\/extasis_blanco\/1303340415_extras_albumes_1.jpg\"\/><\/p>\n<p class=firma>Foto: RAFA CASAL | MARCA<\/p>\n<p class=MsoNormal style=\"MARGIN: 0cm 0cm 0pt; TEXT-ALIGN: justify\"><span style=\"COLOR: navy; FONT-FAMILY: Arial\"><font size=3>Ayer probablemente disfrutamos de uno de los <a id=link_1 title=http:\/\/www.suite101.net\/content\/real-madrid---fc-barcelona-la-cuenta-atras-a49041 href=\"http:\/\/www.suite101.net\/content\/real-madrid---fc-barcelona-la-cuenta-atras-a49041\">m\u00e1s placenteros espect\u00e1culos <\/a>que otorga el otrora veces r\u00e1cano mundo del f\u00fatbol. Todos los jugadores que ayer disputaron minutos sobre el campo demostraron su clase y profesionalidad, y a la postre por qu\u00e9 pertenecen a los dos mejores equipos del mundo.<\/font><\/span><\/p>\n<p class=MsoNormal style=\"MARGIN: 0cm 0cm 0pt; TEXT-ALIGN: justify\"><span style=\"COLOR: navy; FONT-FAMILY: Arial\"><font size=3><\/font><\/span><\/p>\n<p class=MsoNormal style=\"MARGIN: 0cm 0cm 0pt; TEXT-ALIGN: justify\"><span style=\"COLOR: navy; FONT-FAMILY: Arial\"><font size=3><\/font><\/span><\/p>\n<p class=MsoNormal style=\"MARGIN: 0cm 0cm 0pt; TEXT-ALIGN: justify\"><span style=\"COLOR: navy; FONT-FAMILY: Arial\"><font size=3><\/font><\/span><\/p>\n<p class=MsoNormal style=\"MARGIN: 0cm 0cm 0pt; TEXT-ALIGN: justify\"><span style=\"COLOR: navy; FONT-FAMILY: Arial\"><font size=3><\/font><\/span><\/p>\n<p class=MsoNormal style=\"MARGIN: 0cm 0cm 0pt; TEXT-ALIGN: justify\"><span style=\"COLOR: navy; FONT-FAMILY: Arial\"><font size=3><\/font><\/span><\/p>\n<p class=MsoNormal style=\"MARGIN: 0cm 0cm 0pt; TEXT-ALIGN: justify\"><span style=\"COLOR: navy; FONT-FAMILY: Arial\"><font size=3>< ?xml:namespace prefix = o ns = \"urn:schemas-microsoft-com:office:office\" \/><o:p><\/o:p><\/font><\/span><\/p>\n<p class=MsoNormal style=\"MARGIN: 0cm 0cm 0pt; TEXT-ALIGN: justify\"><span style=\"COLOR: navy; FONT-FAMILY: Arial\"><o:p><font size=3><\/font><\/o:p><\/span><\/p>\n<p class=MsoNormal style=\"MARGIN: 0cm 0cm 0pt; TEXT-ALIGN: justify\"><span style=\"COLOR: navy; FONT-FAMILY: Arial\"><font size=3>Est\u00e1 claro que <a id=link_0 title=http:\/\/www.suite101.net\/content\/mourinho-espera-una-final--de-copa-equilibrada-a49526 href=\"http:\/\/www.suite101.net\/content\/mourinho-espera-una-final--de-copa-equilibrada-a49526\">Mourinho<\/a> es un gran entrenador, y que no tropieza dos veces con la misma piedra. Una vez contra el Barsa le metieron 5-0 pero aprendi\u00f3 la lecci\u00f3n. No comprendo las voces en contra del planteamiento de su juego que ha conseguido derrotar al mejor equipo del mundo. Algunos quieren compararlo con el desplegado por la selecci\u00f3n holandesa en la final del pasado mundial contra Espa\u00f1a, pero ni punto de comparaci\u00f3n. <\/font><\/span><\/p>\n<p class=MsoNormal style=\"MARGIN: 0cm 0cm 0pt; TEXT-ALIGN: justify\"><span style=\"COLOR: navy; FONT-FAMILY: Arial\"><font size=3><\/font><\/span><\/p>\n<p class=MsoNormal style=\"MARGIN: 0cm 0cm 0pt; TEXT-ALIGN: justify\"><span style=\"COLOR: navy; FONT-FAMILY: Arial\"><font size=3><\/font><\/span><\/p>\n<p class=MsoNormal style=\"MARGIN: 0cm 0cm 0pt; TEXT-ALIGN: justify\"><span style=\"COLOR: navy; FONT-FAMILY: Arial\"><font size=3><\/font><\/span><\/p>\n<p class=MsoNormal style=\"MARGIN: 0cm 0cm 0pt; TEXT-ALIGN: justify\"><span style=\"COLOR: navy; FONT-FAMILY: Arial\"><font size=3><\/font><\/span><\/p>\n<p class=MsoNormal style=\"MARGIN: 0cm 0cm 0pt; TEXT-ALIGN: justify\"><span style=\"COLOR: navy; FONT-FAMILY: Arial\"><font size=3><\/font><\/span><\/p>\n<p class=MsoNormal style=\"MARGIN: 0cm 0cm 0pt; TEXT-ALIGN: justify\"><span style=\"COLOR: navy; FONT-FAMILY: Arial\"><font size=3><\/font><\/span><\/p>\n<p><span style=\"COLOR: navy; FONT-FAMILY: Arial\"><font size=3><\/font><\/span> <\/p>\n<p class=MsoNormal style=\"MARGIN: 0cm 0cm 0pt; TEXT-ALIGN: justify\">\n<p class=MsoNormal style=\"MARGIN: 0cm 0cm 0pt; TEXT-ALIGN: justify\">\n<p class=MsoNormal style=\"MARGIN: 0cm 0cm 0pt; TEXT-ALIGN: justify\">\n<p class=MsoNormal style=\"MARGIN: 0cm 0cm 0pt; TEXT-ALIGN: justify\">\n<p class=MsoNormal style=\"MARGIN: 0cm 0cm 0pt; TEXT-ALIGN: justify\">\n<p class=MsoNormal style=\"MARGIN: 0cm 0cm 0pt; TEXT-ALIGN: justify\">\n<p class=MsoNormal style=\"MARGIN: 0cm 0cm 0pt; TEXT-ALIGN: justify\">\n<p class=MsoNormal style=\"MARGIN: 0cm 0cm 0pt; TEXT-ALIGN: justify\">\n<p class=MsoNormal style=\"MARGIN: 0cm 0cm 0pt; TEXT-ALIGN: justify\">\n<p class=MsoNormal style=\"MARGIN: 0cm 0cm 0pt; TEXT-ALIGN: justify\"><span style=\"COLOR: navy; FONT-FAMILY: Arial\"><font size=3><o:p><img id=img_1 src=\"\/\/estaticos04.marca.com\/albumes\/2011\/04\/21\/extasis_blanco\/1303340083_extras_albumes_1.jpg\"\/><\/o:p><\/font><\/span><\/p>\n<p><span style=\"COLOR: navy; FONT-FAMILY: Arial\"><o:p><font size=3><\/font><\/o:p><\/span><\/p>\n<p class=MsoNormal style=\"MARGIN: 0cm 0cm 0pt; TEXT-ALIGN: justify\">\n<p class=MsoNormal style=\"MARGIN: 0cm 0cm 0pt; TEXT-ALIGN: justify\">\n<p class=MsoNormal style=\"MARGIN: 0cm 0cm 0pt; TEXT-ALIGN: justify\">\n<p class=MsoNormal style=\"MARGIN: 0cm 0cm 0pt; TEXT-ALIGN: justify\">\n<p class=MsoNormal style=\"MARGIN: 0cm 0cm 0pt; TEXT-ALIGN: justify\">\n<p class=MsoNormal style=\"MARGIN: 0cm 0cm 0pt; TEXT-ALIGN: justify\">\n<p class=MsoNormal style=\"MARGIN: 0cm 0cm 0pt; TEXT-ALIGN: justify\">\n<p class=MsoNormal style=\"MARGIN: 0cm 0cm 0pt; TEXT-ALIGN: justify\">\n<p class=MsoNormal style=\"MARGIN: 0cm 0cm 0pt; TEXT-ALIGN: justify\">\n<p class=MsoNormal style=\"MARGIN: 0cm 0cm 0pt; TEXT-ALIGN: justify\">\n<p class=MsoNormal style=\"MARGIN: 0cm 0cm 0pt; TEXT-ALIGN: justify\">\n<p class=MsoNormal style=\"MARGIN: 0cm 0cm 0pt; TEXT-ALIGN: justify\">\n<p class=MsoNormal style=\"MARGIN: 0cm 0cm 0pt; TEXT-ALIGN: justify\"><span style=\"COLOR: navy; FONT-FAMILY: Arial\"><font size=3>Aunque Pepe ya ha jugado en puestos m\u00e1s ofensivos con su selecci\u00f3n ha sido un acierto adelantarlo al centro del campo para ayudar a contener al innegable talento de los medios del Barsa, y otro acierto sin duda ha sido la invenci\u00f3n de utilizar a Ozil como falso 9. Quiz\u00e1s el extraordinario medio alem\u00e1n no tuvo su mejor noche, pero es que no resultaba tarea f\u00e1cil resistir el intenso y duro esfuerzo f\u00edsico que supuso tan re\u00f1ida final.<\/font><\/span><\/p>\n<p><span style=\"COLOR: navy; FONT-FAMILY: Arial\"><font size=3><\/font><\/span><\/p>\n<p><span style=\"COLOR: navy; FONT-FAMILY: Arial\"><font size=3><\/font><\/span><\/p>\n<p><span style=\"COLOR: navy; FONT-FAMILY: Arial\"><font size=3><\/font><\/span><\/p>\n<p><span style=\"COLOR: navy; FONT-FAMILY: Arial\"><font size=3><\/font><\/span><\/p>\n<p><span style=\"COLOR: navy; FONT-FAMILY: Arial\"><font size=3><\/font><\/span><\/p>\n<p><span style=\"COLOR: navy; FONT-FAMILY: Arial\"><font size=3><\/font><\/span><\/p>\n<p><span style=\"COLOR: navy; FONT-FAMILY: Arial\"><font size=3><o:p><\/o:p><\/font><\/span><\/p>\n<p class=MsoNormal style=\"MARGIN: 0cm 0cm 0pt; TEXT-ALIGN: justify\">\n<p class=MsoNormal style=\"MARGIN: 0cm 0cm 0pt; TEXT-ALIGN: justify\"><span style=\"COLOR: navy; FONT-FAMILY: Arial\"><o:p><font size=3><\/font><\/o:p><\/span><\/p>\n<p class=MsoNormal style=\"MARGIN: 0cm 0cm 0pt; TEXT-ALIGN: justify\"><span style=\"COLOR: navy; FONT-FAMILY: Arial\"><font size=3>La primera parte perteneci\u00f3 por completo a un Real Madrid que perdon\u00f3 hasta tres ocasiones claras de gol. Los primeros 25 minutos de la segunda, tras el l\u00f3gico baj\u00f3n de intensidad en la presi\u00f3n en el centro del campo fueron del F.C. Barcelona, quien si no hubiera sido por Casillas seguramente se hubiera adelantado en el marcador.<span style=\"mso-spacerun: yes\"> <\/span>A partir de entonces el partido se convirti\u00f3 en un intercambio de ocasiones, en las que un Real Madrid, que quiz\u00e1s pudo tomar algo de aire en los minutos de dominio del Barsa, parec\u00eda contar con m\u00e1s fuerzas de las que en un principio se le supon\u00edan.<\/font><\/span><\/p>\n<p><span style=\"COLOR: navy; FONT-FAMILY: Arial\"><font size=3><\/font><\/span><\/p>\n<p><span style=\"COLOR: navy; FONT-FAMILY: Arial\"><font size=3><\/font><\/span><\/p>\n<p><span style=\"COLOR: navy; FONT-FAMILY: Arial\"><font size=3><\/font><\/span><\/p>\n<p><span style=\"COLOR: navy; FONT-FAMILY: Arial\"><font size=3><\/font><\/span><\/p>\n<p><span style=\"COLOR: navy; FONT-FAMILY: Arial\"><font size=3><\/font><\/span><\/p>\n<p><span style=\"COLOR: navy; FONT-FAMILY: Arial\"><font size=3><\/font><\/span><\/p>\n<p><span style=\"COLOR: navy; FONT-FAMILY: Arial\"><font size=3><\/font><\/span><\/p>\n<p><span style=\"COLOR: navy; FONT-FAMILY: Arial\"><font size=3><o:p><img id=img_2 src=\"\/\/estaticos04.marca.com\/albumes\/2011\/04\/21\/extasis_blanco\/1303339995_extras_albumes_0.jpg\"\/><\/o:p><\/font><\/span><\/p>\n<p class=MsoNormal style=\"MARGIN: 0cm 0cm 0pt; TEXT-ALIGN: justify\">Foto: VICENTE RODRIGUEZ | MARCA<\/p>\n<p><span style=\"COLOR: navy; FONT-FAMILY: Arial\"><o:p><font size=3><\/font><\/o:p><\/span> <\/p>\n<p class=MsoNormal style=\"MARGIN: 0cm 0cm 0pt; TEXT-ALIGN: justify\">\n<p class=MsoNormal style=\"MARGIN: 0cm 0cm 0pt; TEXT-ALIGN: justify\">\n<p class=MsoNormal style=\"MARGIN: 0cm 0cm 0pt; TEXT-ALIGN: justify\">\n<p class=MsoNormal style=\"MARGIN: 0cm 0cm 0pt; TEXT-ALIGN: justify\">\n<p class=MsoNormal style=\"MARGIN: 0cm 0cm 0pt; TEXT-ALIGN: justify\">\n<p class=MsoNormal style=\"MARGIN: 0cm 0cm 0pt; TEXT-ALIGN: justify\"><span style=\"COLOR: navy; FONT-FAMILY: Arial\"><font size=3>Poco antes de llegar al descanso de la primera parte de la pr\u00f3rroga, Marcelo y Di Mar\u00eda sorprendieron con una jugada formidable, que culmin\u00f3 Crisitiano con gran testarazo, y en la que Pinto, inmenso en todo el partido, poco pudo hacer.<\/font><\/span><\/p>\n<p><span style=\"COLOR: navy; FONT-FAMILY: Arial\"><font size=3><\/font><\/span><\/p>\n<p><span style=\"COLOR: navy; FONT-FAMILY: Arial\"><font size=3><\/font><\/span><\/p>\n<p><span style=\"COLOR: navy; FONT-FAMILY: Arial\"><font size=3><\/font><\/span><\/p>\n<p><span style=\"COLOR: navy; FONT-FAMILY: Arial\"><font size=3><\/font><\/span><\/p>\n<p><span style=\"COLOR: navy; FONT-FAMILY: Arial\"><font size=3><\/font><\/span><\/p>\n<p><span style=\"COLOR: navy; FONT-FAMILY: Arial\"><font size=3><\/font><\/span><\/p>\n<p><span style=\"COLOR: navy; FONT-FAMILY: Arial\"><font size=3><\/font><\/span><\/p>\n<p><span style=\"COLOR: navy; FONT-FAMILY: Arial\"><font size=3><\/font><\/span><\/p>\n<p><span style=\"COLOR: navy; FONT-FAMILY: Arial\"><font size=3><o:p><\/o:p><\/font><\/span><\/p>\n<p class=MsoNormal style=\"MARGIN: 0cm 0cm 0pt; TEXT-ALIGN: justify\">\n<p class=MsoNormal style=\"MARGIN: 0cm 0cm 0pt; TEXT-ALIGN: justify\"><span style=\"COLOR: navy; FONT-FAMILY: Arial\"><o:p><font size=3><\/font><\/o:p><\/span><\/p>\n<p class=MsoNormal style=\"MARGIN: 0cm 0cm 0pt; TEXT-ALIGN: justify\"><span style=\"COLOR: navy; FONT-FAMILY: Arial\"><font size=3>De coraz\u00f3n pienso que ayer gan\u00f3 el mejor equipo, y ojal\u00e1 me equivoque pero es probable que tal mazazo pueda ayudar a despertar a un <a id=link_2 title=http:\/\/www.suite101.net\/content\/guardiola-no-se-fia-a48338 href=\"http:\/\/www.suite101.net\/content\/guardiola-no-se-fia-a48338\">Barcelona<\/a> para la semifinal de < ?xml:namespace prefix = st1 ns = \"urn:schemas-microsoft-com:office:smarttags\" \/><st1:personname ProductID=\"la Champion\" w:st=\"on\">la Champion<\/st1:personname>, en la que por otra parte es probable que ya no se vea tan favorito ni se muestre tan confiado como hace unas semanas. No obstante el Madrid cuenta con una moral envidiable para afrontar el partido de ida en su estadio, y si <a id=link_3 title=https:\/\/blogs.hoy.es\/loch-lomond\/2011\/4\/19\/guardiola-enfria-final href=\"https:\/\/blogs.hoy.es\/loch-lomond\/2011\/4\/19\/guardiola-enfria-final\">Guardiola<\/a> no mueve ficha es muy probable que nos encontremos un encuentro muy parecido al de ayer.<\/font><\/span><\/p>\n<p><span style=\"COLOR: navy; FONT-FAMILY: Arial\"><font size=3><\/font><\/span> <\/p>\n<p class=MsoNormal style=\"MARGIN: 0cm 0cm 0pt; TEXT-ALIGN: justify\">\n<p><span style=\"COLOR: navy; FONT-FAMILY: Arial\"><font size=3><\/font><\/span><\/p>\n<p><span style=\"COLOR: navy; FONT-FAMILY: Arial\"><font size=3><\/font><\/span><\/p>\n<p><span style=\"COLOR: navy; FONT-FAMILY: Arial\"><font size=3><\/font><\/span><\/p>\n<p><span style=\"COLOR: navy; FONT-FAMILY: Arial\"><font size=3><\/font><\/span><\/p>\n<p><span style=\"COLOR: navy; FONT-FAMILY: Arial\"><font size=3><\/font><\/span><\/p>\n<p><span style=\"COLOR: navy; FONT-FAMILY: Arial\"><font size=3><\/font><\/span><\/p>\n<p><span style=\"COLOR: navy; FONT-FAMILY: Arial\"><font size=3><\/font><\/span><\/p>\n<p><span style=\"COLOR: navy; FONT-FAMILY: Arial\"><font size=3><\/font><\/span><\/p>\n<p><span style=\"COLOR: navy; FONT-FAMILY: Arial\"><font size=3><\/font><\/span><\/p>\n<p><span style=\"COLOR: navy; FONT-FAMILY: Arial\"><font size=3><o:p><img id=img_3 src=\"\/\/estaticos04.marca.com\/albumes\/2011\/04\/21\/extasis_blanco\/1303338838_extras_albumes_0.jpg\"\/><\/o:p><\/font><\/span><\/p>\n<p class=firma>Foto: JOSE ANTONIO SANZ | MARCA<\/p>\n<p class=MsoNormal style=\"MARGIN: 0cm 0cm 0pt; TEXT-ALIGN: justify\">\n<p class=MsoNormal style=\"MARGIN: 0cm 0cm 0pt; TEXT-ALIGN: justify\"><span style=\"COLOR: navy; FONT-FAMILY: Arial\"><o:p><font size=3><\/font><\/o:p><\/span><\/p>\n<p><span style=\"FONT-SIZE: 12pt; COLOR: navy; FONT-FAMILY: Arial; mso-fareast-font-family: 'Times New Roman'; mso-fareast-language: ES-TRAD; mso-ansi-language: ES-TRAD; mso-bidi-language: AR-SA\">Excelente espect\u00e1culo el de ayer, en el que todos ganamos, muy especialmente los aficionados al buen f\u00fatbol, pero la verdad, por mucho que pueda doler, es que lo cierto es que quien ayer gan\u00f3 fue irremediablemente el mejor, y por ello brindo con mi mejor LOCH LOMOND. A\u00fan faltan dos partidos que prometen ser tan incre\u00edbles y emocionantes como el de ayer, pero pase lo que pase, gane quien gane, a los madridistas que nos quiten lo \u201cbailao\u201d.<\/span><\/p>\n<!-- AddThis Advanced Settings generic via filter on the_content --><!-- AddThis Share Buttons generic via filter on the_content -->","protected":false},"excerpt":{"rendered":"<p>Foto: RAFA CASAL | MARCA Ayer probablemente disfrutamos de uno de los m\u00e1s placenteros espect\u00e1culos que otorga el otrora veces r\u00e1cano mundo del f\u00fatbol. Todos los jugadores que ayer disputaron minutos sobre el campo demostraron su clase y profesionalidad, y a la postre por qu\u00e9 pertenecen a los dos mejores equipos del mundo. < ?xml:namespace [&hellip;]<!-- AddThis Advanced Settings generic via filter on get_the_excerpt --><!-- AddThis Share Buttons generic via filter on get_the_excerpt --><\/p>\n","protected":false},"author":14,"featured_media":0,"comment_status":"open","ping_status":"closed","sticky":false,"template":"","format":"standard","meta":[],"categories":[2],"tags":[496,856,918,1176,1825,2346,2574,3067,3224,3324,3567,3837,3985,4055],"_links":{"self":[{"href":"https:\/\/blogs.hoy.es\/loch-lomond\/wp-json\/wp\/v2\/posts\/208"}],"collection":[{"href":"https:\/\/blogs.hoy.es\/loch-lomond\/wp-json\/wp\/v2\/posts"}],"about":[{"href":"https:\/\/blogs.hoy.es\/loch-lomond\/wp-json\/wp\/v2\/types\/post"}],"author":[{"embeddable":true,"href":"https:\/\/blogs.hoy.es\/loch-lomond\/wp-json\/wp\/v2\/users\/14"}],"replies":[{"embeddable":true,"href":"https:\/\/blogs.hoy.es\/loch-lomond\/wp-json\/wp\/v2\/comments?post=208"}],"version-history":[{"count":0,"href":"https:\/\/blogs.hoy.es\/loch-lomond\/wp-json\/wp\/v2\/posts\/208\/revisions"}],"wp:attachment":[{"href":"https:\/\/blogs.hoy.es\/loch-lomond\/wp-json\/wp\/v2\/media?parent=208"}],"wp:term":[{"taxonomy":"category","embeddable":true,"href":"https:\/\/blogs.hoy.es\/loch-lomond\/wp-json\/wp\/v2\/categories?post=208"},{"taxonomy":"post_tag","embeddable":true,"href":"https:\/\/blogs.hoy.es\/loch-lomond\/wp-json\/wp\/v2\/tags?post=208"}],"curies":[{"name":"wp","href":"https:\/\/api.w.org\/{rel}","templated":true}]}}