{"id":209,"date":"2011-04-24T06:05:00","date_gmt":"2011-04-24T06:05:00","guid":{"rendered":"http:\/\/blogs.hoy.es\/loch-lomond\/?p=209"},"modified":"2011-04-24T06:05:00","modified_gmt":"2011-04-24T06:05:00","slug":"yo-soy-periodista","status":"publish","type":"post","link":"https:\/\/blogs.hoy.es\/loch-lomond\/2011\/04\/24\/yo-soy-periodista\/","title":{"rendered":"Yo no soy periodista"},"content":{"rendered":"<p><img id=\"img_0\" src=\"\/\/4.bp.blogspot.com\/_nVI-Jhwu_3s\/TDRdwPAxLUI\/AAAAAAAAA7Q\/nYT0yjLe_ak\/s1600\/periodista.jpg\" alt=\"\" \/><\/p>\n<p class=\"MsoNormal\" style=\"margin: 0cm 0cm 0pt; text-align: justify;\"><span style=\"color: navy; font-family: Arial;\"><span style=\"font-size: small;\">Nunca trat\u00e9 de enga\u00f1arles amigos, y ya lo saben a ciencia cierta. <a id=\"link_0\" title=\"http:\/\/www.hoy.es\/v\/20110424\/opinion\/periodista-20110424.html\" href=\"http:\/\/www.hoy.es\/v\/20110424\/opinion\/periodista-20110424.html\">Yo no soy periodista<\/a>. Aunque tampoco niego que algo haya de llevar en la sangre, pues <a id=\"link_0\" title=\"http:\/\/www.hoy.es\/v\/20100801\/opinion\/periodico-papa-20100801.html\" href=\"http:\/\/www.hoy.es\/v\/20100801\/opinion\/periodico-papa-20100801.html\">soy hijo y nieto de grandes maestros de la profesi\u00f3n <\/a>(le pese a quien le pese).<\/span><\/span><\/p>\n<p class=\"MsoNormal\" style=\"margin: 0cm 0cm 0pt; text-align: justify;\">\u00a0<\/p>\n<p class=\"MsoNormal\" style=\"margin: 0cm 0cm 0pt; text-align: justify;\"><span style=\"color: navy; font-family: Arial;\"><span style=\"font-size: small;\"><img id=\"img_1\" src=\"\/\/www.20minutos.es\/data\/img\/2007\/01\/09\/547679.jpg\" alt=\"\" \/><\/span><\/span><\/p>\n<p class=\"MsoNormal\" style=\"margin: 0cm 0cm 0pt; text-align: justify;\">\u00a0<\/p>\n<p class=\"MsoNormal\" style=\"margin: 0cm 0cm 0pt; text-align: justify;\"><span style=\"color: navy; font-family: Arial;\"><span style=\"font-size: small;\">En un tanto por ciento muy elevado, este Blog, como as\u00ed mis art\u00edculos dominicales en la Tribuna del Diario HOY, no son m\u00e1s que un ejercicio de entretenimiento para ustedes. Para hacerles pasar un buen rato, divertirles y entretenerles, que de eso se ha tratado siempre. De dejarles con un buen sabor de boca. Algo menor quiz\u00e1s son las ocasiones en las que trato de obligarles a pensar o ejercer un severo juicio de cr\u00edtica hacia cualquier cuesti\u00f3n. La practicidad informativa, aunque presente tambi\u00e9n de alguna u otra manera, es de escas\u00edsima medida y en muy contadas ocasiones. Siempre, desde <a id=\"link_1\" title=\"https:\/\/blogs.hoy.es\/loch-lomond\/2010\/8\/18\/internet-y-regresion\" href=\"https:\/\/blogs.hoy.es\/loch-lomond\/2010\/8\/18\/internet-y-regresion\">mi primer art\u00edculo en HOY<\/a>, que data ya desde Diciembre de 2009, tuve claro que ya exist\u00edan articulistas, columnistas y periodistas muchos m\u00e1s doctos y preparados en diferentes materias que mi menda (pol\u00edtica, sociolog\u00eda, econom\u00eda, deporte\u2026) y que mi misi\u00f3n no era otra que ofrecerles algo que no destacaba en especial en las p\u00e1ginas de HOY.<\/span><\/span><\/p>\n<p><span style=\"color: navy; font-family: Arial;\"><span style=\"font-size: small;\"><img id=\"img_2\" src=\"\/\/1.bp.blogspot.com\/_tpWAmfPJ3WE\/TSO4iP7buEI\/AAAAAAAAHTY\/NDcb4rtIuOc\/s1600\/tintin-sapristi.jpg\" alt=\"\" \/><\/span><\/span><\/p>\n<p class=\"MsoNormal\" style=\"margin: 0cm 0cm 0pt; text-align: justify;\">\u00a0<\/p>\n<p class=\"MsoNormal\" style=\"margin: 0cm 0cm 0pt; text-align: justify;\"><span style=\"color: navy; font-family: Arial;\"><span style=\"font-size: small;\"><a id=\"link_1\" title=\"http:\/\/www.hoy.es\/v\/20110424\/opinion\/periodista-20110424.html\" href=\"http:\/\/www.hoy.es\/v\/20110424\/opinion\/periodista-20110424.html\"><span style=\"color: navy; font-family: Arial;\"><span style=\"font-size: small;\">En mi art\u00edculo de hoy <\/span><\/span><\/a>no es otro mi prop\u00f3sito que mostrarles a algunos lectores que no han de enfadarse, y ni mucho menos dejar de leerme cuando no comulguen plenamente con mis pensamientos, as\u00ed como a mis mayores detractores hacerles ver que en algunas ocasiones es muy posible que estemos m\u00e1s de acuerdo de lo que piensan. Una opini\u00f3n nunca dejar\u00e1 de ser eso mismo, una opini\u00f3n, una idea sobre algo, que afortunadamente, no quita que pueda ser cambiada con el tiempo. Aprendan a divertirse enfad\u00e1ndose conmigo, y sean de vez en cuando c\u00f3mplices silenciosos de alguna u otra obviedad, pero por favor, no me priven del indescriptible placer de escribir para ustedes porque ya me he acostumbrado, para bien o para mal, a formar parte de una millon\u00e9sima mol\u00e9cula de los mejores momentos de sus vidas.<\/span><\/span><\/p>\n<!-- AddThis Advanced Settings generic via filter on the_content --><!-- AddThis Share Buttons generic via filter on the_content -->","protected":false},"excerpt":{"rendered":"<p>Nunca trat\u00e9 de enga\u00f1arles amigos, y ya lo saben a ciencia cierta. Yo no soy periodista. Aunque tampoco niego que algo haya de llevar en la sangre, pues soy hijo y nieto de grandes maestros de la profesi\u00f3n (le pese a quien le pese). \u00a0 \u00a0 En un tanto por ciento muy elevado, este Blog, [&hellip;]<!-- AddThis Advanced Settings generic via filter on get_the_excerpt --><!-- AddThis Share Buttons generic via filter on get_the_excerpt --><\/p>\n","protected":false},"author":14,"featured_media":0,"comment_status":"open","ping_status":"closed","sticky":false,"template":"","format":"standard","meta":[],"categories":[8],"tags":[346,348,349,354,580,1072,1112,1117,1439,1492,1515,1806,1828,2496,2632,3103,3462,3797,4009,4591,4986,5084,5086,5347],"_links":{"self":[{"href":"https:\/\/blogs.hoy.es\/loch-lomond\/wp-json\/wp\/v2\/posts\/209"}],"collection":[{"href":"https:\/\/blogs.hoy.es\/loch-lomond\/wp-json\/wp\/v2\/posts"}],"about":[{"href":"https:\/\/blogs.hoy.es\/loch-lomond\/wp-json\/wp\/v2\/types\/post"}],"author":[{"embeddable":true,"href":"https:\/\/blogs.hoy.es\/loch-lomond\/wp-json\/wp\/v2\/users\/14"}],"replies":[{"embeddable":true,"href":"https:\/\/blogs.hoy.es\/loch-lomond\/wp-json\/wp\/v2\/comments?post=209"}],"version-history":[{"count":0,"href":"https:\/\/blogs.hoy.es\/loch-lomond\/wp-json\/wp\/v2\/posts\/209\/revisions"}],"wp:attachment":[{"href":"https:\/\/blogs.hoy.es\/loch-lomond\/wp-json\/wp\/v2\/media?parent=209"}],"wp:term":[{"taxonomy":"category","embeddable":true,"href":"https:\/\/blogs.hoy.es\/loch-lomond\/wp-json\/wp\/v2\/categories?post=209"},{"taxonomy":"post_tag","embeddable":true,"href":"https:\/\/blogs.hoy.es\/loch-lomond\/wp-json\/wp\/v2\/tags?post=209"}],"curies":[{"name":"wp","href":"https:\/\/api.w.org\/{rel}","templated":true}]}}