{"id":210,"date":"2011-04-27T11:31:00","date_gmt":"2011-04-27T11:31:00","guid":{"rendered":"http:\/\/blogs.hoy.es\/loch-lomond\/?p=210"},"modified":"2011-04-27T11:31:00","modified_gmt":"2011-04-27T11:31:00","slug":"img-id-img-0-src","status":"publish","type":"post","link":"https:\/\/blogs.hoy.es\/loch-lomond\/2011\/04\/27\/img-id-img-0-src\/","title":{"rendered":"Auf wiedersehen"},"content":{"rendered":"<p><img id=img_0 src=\"\/\/carnavales2011.badajozcity.es\/modulos\/kernel\/image.aspx?filename=\/userfiles\/00053527c5a7cd53f3a848dfc264e8091f74.jpg&#038;width=540\"\/><\/p>\n<p class=MsoNormal style=\"MARGIN: 0cm 0cm 0pt; TEXT-ALIGN: justify\"><span style=\"COLOR: navy; FONT-FAMILY: Arial\"><font size=3>Estos pasados Carnavales disfrut\u00e9 especialmente con el <a id=link_0 title=https:\/\/blogs.hoy.es\/loch-lomond\/2011\/3\/3\/mi-final-del-concurso-murgas href=\"https:\/\/blogs.hoy.es\/loch-lomond\/2011\/3\/3\/mi-final-del-concurso-murgas\">concurso de Murgas <\/a>del <a id=link_1 title=http:\/\/www.hoy.es\/v\/20110306\/opinion\/fuerza-carnaval-20110306.html href=\"http:\/\/www.hoy.es\/v\/20110306\/opinion\/fuerza-carnaval-20110306.html\">Carnaval de Badajoz<\/a>. Junto a Los Ni\u00f1os y 3W, hubo una formaci\u00f3n que me agrad\u00f3 especialmente, \u201cLos Murallitas\u201d. No ya por la gracia y desparpajo que demostraron sobre el escenario del L\u00f3pez de Ayala, sino por la cantidad de grandes verdades que soltaron por la boca consiguiendo arrancar la sonrisa del p\u00fablico, a pesar de lo dram\u00e1tico del mensaje. \u00c9sa es en mi humilde opini\u00f3n la forma correcta de tratar los temas en una murga, recurrir a la risa. Hay veces, en la cotidianidad de mi vida, que cuando me surge alg\u00fan problema, me da la risa floja, y que quieren que les diga, digo yo que ser\u00e1 mejor re\u00edr que llorar, por lo menos eso que te llevas para el cuerpo. Re\u00edr ayuda mucho, y la risa depura el alma y la filtra de part\u00edculas negativas y mala leche. \u201cF\u00edjate si est\u00e1 la cosa mal en Espa\u00f1a que hasta <a id=link_0 title=https:\/\/blogs.hoy.es\/loch-lomond\/2011\/3\/10\/raul-y-campo-los-suenos href=\"https:\/\/blogs.hoy.es\/loch-lomond\/2011\/3\/10\/raul-y-campo-los-suenos\">Ra\u00fal <\/a>se ha tenido que ir a jugar a Alemania\u201d. Gran frase de \u201cLos Murallitas\u201d pero cargada de iron\u00eda y lamentable verdad. Y si no observen lo que est\u00e1 pasando con muchos de nuestros j\u00f3venes. Dentro de 15 \u00f3 20 a\u00f1os, alg\u00fan joven director espa\u00f1ol rodar\u00e1 un remake de \u201cVente a Alemania Pepe\u201d pero se llamar\u00e1 Jotanan, Mark, o Kevin Ram\u00f3n. Por aquello de las horteradas actuales de los nombre de ahora. <\/font><\/span><\/p>\n<p><span style=\"COLOR: navy; FONT-FAMILY: Arial\"><font size=3><\/font><\/span><\/p>\n<p><span style=\"COLOR: navy; FONT-FAMILY: Arial\"><font size=3><\/font><\/span><\/p>\n<p><span style=\"COLOR: navy; FONT-FAMILY: Arial\"><font size=3><\/font><\/span><\/p>\n<p><span style=\"COLOR: navy; FONT-FAMILY: Arial\"><font size=3><\/font><\/span><\/p>\n<p><span style=\"COLOR: navy; FONT-FAMILY: Arial\"><font size=3><\/font><\/span><\/p>\n<p><span style=\"COLOR: navy; FONT-FAMILY: Arial\"><font size=3><\/font><\/span><\/p>\n<p><span style=\"COLOR: navy; FONT-FAMILY: Arial\"><font size=3><\/font><\/span><\/p>\n<p><span style=\"COLOR: navy; FONT-FAMILY: Arial\"><font size=3><\/font><\/span><\/p>\n<p><span style=\"COLOR: navy; FONT-FAMILY: Arial\"><font size=3><\/font><\/span><\/p>\n<p><span style=\"COLOR: navy; FONT-FAMILY: Arial\"><font size=3><\/font><\/span><\/p>\n<p><span style=\"COLOR: navy; FONT-FAMILY: Arial\"><font size=3>< ?xml:namespace prefix = o ns = \"urn:schemas-microsoft-com:office:office\" \/><o:p><img id=img_1 src=\"\/\/4.bp.blogspot.com\/_O93yMdVfrPQ\/TUV53GRXDjI\/AAAAAAAAD-o\/LQ-VBNZ5-js\/s1600\/vente-a-alemania-pepe-movie-poster-1020509547.jpg\"\/><\/o:p><\/font><\/span><\/p>\n<p class=MsoNormal style=\"MARGIN: 0cm 0cm 0pt; TEXT-ALIGN: justify\">\n<p class=MsoNormal style=\"MARGIN: 0cm 0cm 0pt; TEXT-ALIGN: justify\"><span style=\"COLOR: navy; FONT-FAMILY: Arial\"><o:p><font size=3><\/font><\/o:p><\/span><\/p>\n<p class=MsoNormal style=\"MARGIN: 0cm 0cm 0pt; TEXT-ALIGN: justify\"><span style=\"COLOR: navy; FONT-FAMILY: Arial\"><font size=3>Hubo otra frase de <a id=link_2 title=https:\/\/blogs.hoy.es\/loch-lomond\/2011\/3\/3\/mi-final-del-concurso-murgas href=\"https:\/\/blogs.hoy.es\/loch-lomond\/2011\/3\/3\/mi-final-del-concurso-murgas\">\u201cLos Murallitas\u201d<\/a> que me gust\u00f3 especialmente \u201cQue pa\u00eds m\u00e1s raro, los ancianos currando y los j\u00f3venes en paro\u201d. La frasecita, genial por otra parte, es dura de narices y tras las primeras carcajadas consigue hacerte reflexionar y borrar toda sonrisa interior. Ya circula un chiste parecido por ah\u00ed, de una abuelita cualquiera que le dice a su nietecito \u201chijo m\u00edo, yo a tu edad ya estaba trabajando\u201d, a lo que el nieto en plan pasota contesta \u201cno te preocupes abuela, que yo a la tuya a este paso tambi\u00e9n\u201d.<\/font><\/span><\/p>\n<p><span style=\"COLOR: navy; FONT-FAMILY: Arial\"><font size=3><\/font><\/span><\/p>\n<p><span style=\"COLOR: navy; FONT-FAMILY: Arial\"><font size=3><\/font><\/span><\/p>\n<p><span style=\"COLOR: navy; FONT-FAMILY: Arial\"><font size=3><\/font><\/span><\/p>\n<p><span style=\"COLOR: navy; FONT-FAMILY: Arial\"><font size=3><\/font><\/span><\/p>\n<p><span style=\"COLOR: navy; FONT-FAMILY: Arial\"><font size=3><\/font><\/span><\/p>\n<p><span style=\"COLOR: navy; FONT-FAMILY: Arial\"><font size=3><\/font><\/span><\/p>\n<p><span style=\"COLOR: navy; FONT-FAMILY: Arial\"><font size=3><\/font><\/span><\/p>\n<p><span style=\"COLOR: navy; FONT-FAMILY: Arial\"><font size=3><\/font><\/span><\/p>\n<p><span style=\"COLOR: navy; FONT-FAMILY: Arial\"><font size=3><o:p><img id=img_2 src=\"\/\/www.resultados-futbol.com\/raul-schalke-04-celebra-gol-contra-st-pauli-partido-futbol-bundesliga-alemana-gelsenkirchen-rf_284094.jpg\"\/><\/o:p><\/font><\/span><\/p>\n<p class=MsoNormal style=\"MARGIN: 0cm 0cm 0pt; TEXT-ALIGN: justify\">\n<p><span style=\"COLOR: navy; FONT-FAMILY: Arial\"><o:p><font size=3><\/font><\/o:p><\/span> <\/p>\n<p class=MsoNormal style=\"MARGIN: 0cm 0cm 0pt; TEXT-ALIGN: justify\">\n<p class=MsoNormal style=\"MARGIN: 0cm 0cm 0pt; TEXT-ALIGN: justify\">\n<p class=MsoNormal style=\"MARGIN: 0cm 0cm 0pt; TEXT-ALIGN: justify\">\n<p class=MsoNormal style=\"MARGIN: 0cm 0cm 0pt; TEXT-ALIGN: justify\">\n<p class=MsoNormal style=\"MARGIN: 0cm 0cm 0pt; TEXT-ALIGN: justify\">\n<p class=MsoNormal style=\"MARGIN: 0cm 0cm 0pt; TEXT-ALIGN: justify\">\n<p class=MsoNormal style=\"MARGIN: 0cm 0cm 0pt; TEXT-ALIGN: justify\">\n<p class=MsoNormal style=\"MARGIN: 0cm 0cm 0pt; TEXT-ALIGN: justify\">\n<p class=MsoNormal style=\"MARGIN: 0cm 0cm 0pt; TEXT-ALIGN: justify\"><span style=\"COLOR: navy; FONT-FAMILY: Arial\"><font size=3>Todo esto de la crisis le ha venido muy bien a muchos empresarios para acogerse a ERES y despedir a todo el que se ponga por delante por dos duros. Luego, al resto de trabajadores se les amedrenta con eso de que la cosa est\u00e1 muy mal y se les explota vilmente reduci\u00e9ndoles la jornada, la jornada oficial claro, para cobrar menos, que luego hay que echar 10 \u00f3 12 horas y si no a la puta calle, que hay mil t\u00edos esperando para ocupar tu puesto. No s\u00e9, no s\u00e9, lo de ser emigrante, a\u00fan con excelentes condiciones, no deja de ser duro. Estar lejos de tu tierra, de tus costumbres, de los tuyos sin ir m\u00e1s lejos. Pero luego te acuerdas de cosas como \u00e9sta y qu\u00e9 quieren que les diga: \u201c<span style=\"mso-bidi-font-weight: bold\">Auf wiedersehen pa\u00eds de mierda, que ya ir\u00e9 al pueblo por vacaciones\u201d. Como pueden observar, mi menda, por si acaso, ya est\u00e1 aprendiendo alem\u00e1n.<\/span><\/font><o:p><\/o:p><\/span><\/p>\n<!-- AddThis Advanced Settings generic via filter on the_content --><!-- AddThis Share Buttons generic via filter on the_content -->","protected":false},"excerpt":{"rendered":"<p>Estos pasados Carnavales disfrut\u00e9 especialmente con el concurso de Murgas del Carnaval de Badajoz. Junto a Los Ni\u00f1os y 3W, hubo una formaci\u00f3n que me agrad\u00f3 especialmente, \u201cLos Murallitas\u201d. No ya por la gracia y desparpajo que demostraron sobre el escenario del L\u00f3pez de Ayala, sino por la cantidad de grandes verdades que soltaron por [&hellip;]<!-- AddThis Advanced Settings generic via filter on get_the_excerpt --><!-- AddThis Share Buttons generic via filter on get_the_excerpt --><\/p>\n","protected":false},"author":14,"featured_media":0,"comment_status":"open","ping_status":"closed","sticky":false,"template":"","format":"standard","meta":[],"categories":[7],"tags":[822,1232,1775,1838,4355],"_links":{"self":[{"href":"https:\/\/blogs.hoy.es\/loch-lomond\/wp-json\/wp\/v2\/posts\/210"}],"collection":[{"href":"https:\/\/blogs.hoy.es\/loch-lomond\/wp-json\/wp\/v2\/posts"}],"about":[{"href":"https:\/\/blogs.hoy.es\/loch-lomond\/wp-json\/wp\/v2\/types\/post"}],"author":[{"embeddable":true,"href":"https:\/\/blogs.hoy.es\/loch-lomond\/wp-json\/wp\/v2\/users\/14"}],"replies":[{"embeddable":true,"href":"https:\/\/blogs.hoy.es\/loch-lomond\/wp-json\/wp\/v2\/comments?post=210"}],"version-history":[{"count":0,"href":"https:\/\/blogs.hoy.es\/loch-lomond\/wp-json\/wp\/v2\/posts\/210\/revisions"}],"wp:attachment":[{"href":"https:\/\/blogs.hoy.es\/loch-lomond\/wp-json\/wp\/v2\/media?parent=210"}],"wp:term":[{"taxonomy":"category","embeddable":true,"href":"https:\/\/blogs.hoy.es\/loch-lomond\/wp-json\/wp\/v2\/categories?post=210"},{"taxonomy":"post_tag","embeddable":true,"href":"https:\/\/blogs.hoy.es\/loch-lomond\/wp-json\/wp\/v2\/tags?post=210"}],"curies":[{"name":"wp","href":"https:\/\/api.w.org\/{rel}","templated":true}]}}