{"id":211,"date":"2011-04-29T16:51:00","date_gmt":"2011-04-29T15:51:00","guid":{"rendered":"http:\/\/blogs.hoy.es\/loch-lomond\/?p=211"},"modified":"2011-04-29T16:51:00","modified_gmt":"2011-04-29T15:51:00","slug":"enemigos-intimos","status":"publish","type":"post","link":"https:\/\/blogs.hoy.es\/loch-lomond\/2011\/04\/29\/enemigos-intimos\/","title":{"rendered":"Enemigos \u00cdntimos"},"content":{"rendered":"<p><img id=\"img_0\" src=\"\/\/flogfotos.miarroba.st\/4\/1\/6\/3094416\/8.jpg\" alt=\"\" \/><\/p>\n<p class=\"MsoNormal\" style=\"margin: 0cm 0cm 0pt; text-align: justify;\">\n<p class=\"MsoNormal\" style=\"margin: 0cm 0cm 0pt; text-align: justify;\"><span style=\"color: navy; font-family: Arial; font-size: medium;\">Aunque no se lo crean quien suscribe <a title=\"F\u00e9lix Barroso y la desverg\u00fcenza ajena\" href=\"https:\/\/blogs.hoy.es\/loch-lomond\/2012\/08\/29\/felix-barroso-y-la-desverguenza-ajena\/\" target=\"_blank\">no le cae bien a todo el mundo<\/a>, faltar\u00eda m\u00e1s, y gracias a Dios, pues maldita la gracia que tiene el menda de caerle bien y tener relaci\u00f3n con seg\u00fan qu\u00e9 determinada gentuza. Hay algunos, a los que por el hecho de tener que re\u00edrles las gracias por obligaci\u00f3n y educaci\u00f3n, se piensan que ya gozan de mis simpat\u00edas y se creen mejores que yo. Hay cretinos en el planeta Tierra que se creen muy listos y no son m\u00e1s que una panda de horteras y \u201cpayasetes\u201d pat\u00e9ticos. Uno, que no es de piedra, y aunque cachondo y bonach\u00f3n, no siempre puede permanecer imperito, cuando llega el momento y env\u00eda a zurrir mierdas con un l\u00e1tigo a saber a quien, \u00e9stos siempre recurren al insulto m\u00e1s f\u00e1cil y poco ocurrente que se les pasa por la desmenuzada sesera. Es decir me insultan (evidentemente nunca a la cara, no hay huevos, que dir\u00eda Trillo) haciendo eco de que estoy un pel\u00edn m\u00e1s <a id=\"link_2\" title=\"http:\/\/www.hoy.es\/20091213\/opinion\/gordos-20091213.html\" href=\"http:\/\/www.hoy.es\/20091213\/opinion\/gordos-20091213.html\">gordo<\/a> de lo que debiera\u2026apenas 50 \u00f2 60 kilillos de m\u00e1s.<\/span><\/p>\n<p class=\"MsoNormal\" style=\"margin: 0cm 0cm 0pt; text-align: justify;\">\n<div id=\"attachment_470\" style=\"width: 294px\" class=\"wp-caption alignnone\"><a href=\"\/loch-lomond\/wp-content\/uploads\/sites\/10\/2011\/04\/Homer-un-pel\u00edn-sobrado-de-peso.jpg\"><img aria-describedby=\"caption-attachment-470\" loading=\"lazy\" class=\"size-full wp-image-470\" title=\"Homer un pel\u00edn sobrado de peso\" src=\"\/loch-lomond\/wp-content\/uploads\/sites\/10\/2011\/04\/Homer-un-pel\u00edn-sobrado-de-peso.jpg\" alt=\"\"Arranca, frena y claxon...Claxon, claxon GOLPE!\"\" width=\"284\" height=\"379\" srcset=\"https:\/\/static-blogs.hoy.es\/wp-content\/uploads\/sites\/10\/2011\/04\/Homer-un-pel\u00edn-sobrado-de-peso.jpg 284w, https:\/\/static-blogs.hoy.es\/wp-content\/uploads\/sites\/10\/2011\/04\/Homer-un-pel\u00edn-sobrado-de-peso-225x300.jpg 225w\" sizes=\"(max-width: 284px) 100vw, 284px\" \/><\/a><p id=\"caption-attachment-470\" class=\"wp-caption-text\"><\/span><\/p><\/div>\n<p class=\"MsoNormal\" style=\"margin: 0cm 0cm 0pt; text-align: justify;\">\n<p class=\"MsoNormal\" style=\"margin: 0cm 0cm 0pt; text-align: justify;\"><span style=\"color: navy; font-family: Arial; font-size: medium;\">M\u00e1s lamentable incluso es el hecho de quienes buscan una desesperada explicaci\u00f3n a que mi novia goce de una esbelta lozan\u00eda, gran belleza y cierta \u201cbuenez\u201d inexplicable para tan indigno acompa\u00f1ante. Lo de siempre, como uno es gordo no puede tener una novia guapa y delgada. Qu\u00e9 curioso, cuando era m\u00e1s joven y pesaba sesenta kilos al insultarme me dedicaban frases como \u201cese se lo tiene muy cre\u00eddo\u201d &#8211; \u00bfEl qu\u00e9? &#8211; Me preguntaba yo. Vamos, que de una manera u otra pensaban que era guapo, o que estaba bien. <\/span><\/p>\n<p class=\"MsoNormal\" style=\"margin: 0cm 0cm 0pt; text-align: justify;\">\n<p class=\"MsoNormal\" style=\"margin: 0cm 0cm 0pt; text-align: justify;\"><span style=\"color: navy; font-family: Arial; font-size: medium;\">Siempre con la superficialidad de por medio. \u00a1Que feo es, valga la redundancia, insultar haciendo hincapi\u00e9 en defectos f\u00edsicos de los que nadie tiene la culpa! (aunque bueno, en mi caso quiz\u00e1s s\u00ed algo, bueno no un poco, bueno no casi todo). Aquellos que recurren a la mofa f\u00edsica, habr\u00eda que advertirles que no todos tienen la autoestima tan sobrada como quien les habla y a muchos puede afectarles seriamente. En especial tales muestras de desafecto tornan a repugnantes cuando el insulto va dedicado a una mujer que no goza de los c\u00e1nones de belleza actuales. Y yo me pregunto \u00bfEs que los gordos, los pati-cortos, los m\u00e1s bajos, los que tienen m\u00e1s granos o la nariz m\u00e1s grande u orejas, o los dientes m\u00e1s descolocados, no tienen derecho a ser felices? \u00bfA disfrutar de la vida? \u00bfA amar y ser amados?<\/span><\/p>\n<p class=\"MsoNormal\" style=\"margin: 0cm 0cm 0pt; text-align: justify;\">\n<p class=\"MsoNormal\" style=\"margin: 0cm 0cm 0pt; text-align: justify;\"><span style=\"color: navy; font-family: Arial; font-size: medium;\"><img id=\"img_2\" src=\"\/\/www.objetivofamosos.com\/wp-content\/uploads\/2009\/08\/salma-hayek-barbuda.jpg\" alt=\"\" \/><\/span><\/p>\n<p class=\"MsoNormal\" style=\"margin: 0cm 0cm 0pt; text-align: justify;\">\n<p class=\"MsoNormal\" style=\"margin: 0cm 0cm 0pt; text-align: justify;\"><span style=\"font-size: medium;\"><span style=\"color: navy; font-family: Arial;\">Como dir\u00eda mi gran amigo el Poeta murciano-extreme\u00f1o <a id=\"link_0\" title=\"http:\/\/ruadosanjospretos.wordpress.com\/\" href=\"http:\/\/ruadosanjospretos.wordpress.com\/\">\u00c1ngel Manuel G\u00f3mez Espada<\/a> en su \u201cAmo a la mujer Barbuda del Circo\u201d es muy probable que hayan olvidado qu\u00e9 es aquello de amar sin compromiso. Les dejo aqu\u00ed el poema para su disfrute, y para ver si m\u00e1s de un cretino se entera de una vez.<\/span><\/span><\/p>\n<p>&nbsp;<\/p>\n<p><span style=\"font-size: medium; text-decoration: underline;\"><strong>Amo a la mujer barbuda del circo<\/strong><\/span><\/p>\n<p align=\"left\"><em><span style=\"color: #ff0000; font-size: medium;\">&#8220;Amo a la mujer<\/span><\/em><\/p>\n<p align=\"left\"><em><span style=\"color: #ff0000; font-size: medium;\">barbuda del circo.<\/span>\u00a0<\/em><\/p>\n<p align=\"left\"><em><span style=\"color: #ff0000; font-size: medium;\">Y ella, a su manera,<\/span><\/em><\/p>\n<p align=\"left\"><em><span style=\"color: #ff0000; font-size: medium;\">me corresponde.<\/span><\/em><\/p>\n<p align=\"left\"><em><\/em><\/p>\n<p align=\"left\"><em><span style=\"color: #ff0000; font-size: medium;\">Como muestra de amor,<\/span><\/em><\/p>\n<p><em>\u00a0<span style=\"color: #ff0000; font-size: medium;\">lava mis pies cansados<\/span><\/em><\/p>\n<p align=\"left\"><em><span style=\"color: #ff0000; font-size: medium;\">y yo, con mi navaja, la afeito.<\/span><\/em><\/p>\n<p>&nbsp;<\/p>\n<p align=\"left\"><em><span style=\"color: #ff0000; font-size: medium;\">No nos importa<\/span><\/em><\/p>\n<p align=\"left\"><em><span style=\"color: #ff0000; font-size: medium;\">que el circo se marche<\/span><\/em><\/p>\n<p align=\"left\"><em><span style=\"color: #ff0000; font-size: medium;\">ma\u00f1ana y no vuelva.<\/span><\/em><\/p>\n<p align=\"left\"><em><\/em><\/p>\n<p align=\"left\"><em><span style=\"color: #ff0000; font-size: medium;\">Yo le regalo rosas<\/span><\/em><\/p>\n<p><em>\u00a0<span style=\"color: #ff0000; font-size: medium;\">y maquinillas de doble hoja.<\/span><\/em><\/p>\n<p align=\"left\"><em><span style=\"color: #ff0000; font-size: medium;\">Ella me dice que nadie<\/span><\/em><\/p>\n<p align=\"left\"><em><span style=\"color: #ff0000; font-size: medium;\">m\u00e1s le atusar\u00e1 la barba.<\/span>\u00a0<\/em><\/p>\n<p align=\"left\"><em><span style=\"color: #ff0000; font-size: medium;\">Yo le prometo<\/span><\/em><\/p>\n<p align=\"left\"><em><span style=\"color: #ff0000; font-size: medium;\">aprender funambulismo.<\/span><\/em><\/p>\n<p>&nbsp;<\/p>\n<p align=\"left\"><em><span style=\"color: #ff0000; font-size: medium;\">En casa, mis hermanas<\/span><\/em><\/p>\n<p align=\"left\"><em><span style=\"color: #ff0000; font-size: medium;\">se r\u00eden, y mis padres<\/span><\/em><\/p>\n<p align=\"left\"><em><span style=\"color: #ff0000; font-size: medium;\">no me hablan. Hace a\u00f1os<\/span><\/em><\/p>\n<p align=\"left\"><em><span style=\"color: #ff0000; font-size: medium;\">que olvidaron qu\u00e9 cosa es<\/span><\/em><\/p>\n<p><em><span style=\"color: #ff0000; font-size: medium;\">amar sin compromisos.&#8221;<\/span><\/em><\/p>\n<p><em><\/em><\/p>\n<p><span style=\"font-size: medium; text-decoration: underline;\"><span style=\"color: #000000; text-decoration: underline;\">\u00c1ngel Manuel G\u00f3mez Espada<\/span><\/span><\/p>\n<p>&nbsp;<\/p>\n<!-- AddThis Advanced Settings generic via filter on the_content --><!-- AddThis Share Buttons generic via filter on the_content -->","protected":false},"excerpt":{"rendered":"<p>Aunque no se lo crean quien suscribe no le cae bien a todo el mundo, faltar\u00eda m\u00e1s, y gracias a Dios, pues maldita la gracia que tiene el menda de caerle bien y tener relaci\u00f3n con seg\u00fan qu\u00e9 determinada gentuza. Hay algunos, a los que por el hecho de tener que re\u00edrles las gracias por [&hellip;]<!-- AddThis Advanced Settings generic via filter on get_the_excerpt --><!-- AddThis Share Buttons generic via filter on get_the_excerpt --><\/p>\n","protected":false},"author":14,"featured_media":0,"comment_status":"open","ping_status":"closed","sticky":false,"template":"","format":"standard","meta":[],"categories":[7],"tags":[242,264,342,530,651,772,869,1226,1340,1515,1698,1795,1806,2270,2304,2307,2485,2617,3103,3186,4115,4118,4820],"_links":{"self":[{"href":"https:\/\/blogs.hoy.es\/loch-lomond\/wp-json\/wp\/v2\/posts\/211"}],"collection":[{"href":"https:\/\/blogs.hoy.es\/loch-lomond\/wp-json\/wp\/v2\/posts"}],"about":[{"href":"https:\/\/blogs.hoy.es\/loch-lomond\/wp-json\/wp\/v2\/types\/post"}],"author":[{"embeddable":true,"href":"https:\/\/blogs.hoy.es\/loch-lomond\/wp-json\/wp\/v2\/users\/14"}],"replies":[{"embeddable":true,"href":"https:\/\/blogs.hoy.es\/loch-lomond\/wp-json\/wp\/v2\/comments?post=211"}],"version-history":[{"count":0,"href":"https:\/\/blogs.hoy.es\/loch-lomond\/wp-json\/wp\/v2\/posts\/211\/revisions"}],"wp:attachment":[{"href":"https:\/\/blogs.hoy.es\/loch-lomond\/wp-json\/wp\/v2\/media?parent=211"}],"wp:term":[{"taxonomy":"category","embeddable":true,"href":"https:\/\/blogs.hoy.es\/loch-lomond\/wp-json\/wp\/v2\/categories?post=211"},{"taxonomy":"post_tag","embeddable":true,"href":"https:\/\/blogs.hoy.es\/loch-lomond\/wp-json\/wp\/v2\/tags?post=211"}],"curies":[{"name":"wp","href":"https:\/\/api.w.org\/{rel}","templated":true}]}}