{"id":219,"date":"2011-05-25T13:27:00","date_gmt":"2011-05-25T12:27:00","guid":{"rendered":"http:\/\/blogs.hoy.es\/loch-lomond\/?p=219"},"modified":"2011-05-25T13:27:00","modified_gmt":"2011-05-25T12:27:00","slug":"creo-soy-friki","status":"publish","type":"post","link":"https:\/\/blogs.hoy.es\/loch-lomond\/2011\/05\/25\/creo-soy-friki\/","title":{"rendered":"Creo que soy friki"},"content":{"rendered":"<div id=\"attachment_1473\" style=\"width: 460px\" class=\"wp-caption aligncenter\"><a href=\"\/loch-lomond\/wp-content\/uploads\/sites\/10\/2011\/05\/D\u00eda-del-orgullo-friki.jpg\"><img aria-describedby=\"caption-attachment-1473\" loading=\"lazy\" class=\"size-full wp-image-1473\" src=\"\/loch-lomond\/wp-content\/uploads\/sites\/10\/2011\/05\/D\u00eda-del-orgullo-friki.jpg\" alt=\"Creo que soy un poco friki\" width=\"450\" height=\"699\" srcset=\"https:\/\/static-blogs.hoy.es\/wp-content\/uploads\/sites\/10\/2011\/05\/D\u00eda-del-orgullo-friki.jpg 450w, https:\/\/static-blogs.hoy.es\/wp-content\/uploads\/sites\/10\/2011\/05\/D\u00eda-del-orgullo-friki-193x300.jpg 193w\" sizes=\"(max-width: 450px) 100vw, 450px\" \/><\/a><p id=\"caption-attachment-1473\" class=\"wp-caption-text\">Creo que soy un poco friki<\/p><\/div>\n<p class=\"MsoNormal\" style=\"margin: 0cm 0cm 0pt; text-align: justify;\">\n<p class=\"MsoNormal\" style=\"margin: 0cm 0cm 0pt; text-align: justify;\">\n<p class=\"MsoNormal\" style=\"margin: 0cm 0cm 0pt; text-align: justify;\">\n<p class=\"MsoNormal\" style=\"margin: 0cm 0cm 0pt; text-align: justify;\"><span style=\"color: #000000; font-family: Arial; font-size: medium;\"><span>El problema que tienen las palabras, es que <strong>si uno las empleas de cualquier manera<\/strong>, con desconocimiento y profunda ignorancia, <strong>van perdiendo su sentido<\/strong>, y lo que es peor, <strong>trasmitiendo un significado falso al resto de interlocutores<\/strong>.<\/span><\/span><\/p>\n<p class=\"MsoNormal\" style=\"margin: 0cm 0cm 0pt; text-align: justify;\">\n<p class=\"MsoNormal\" style=\"margin: 0cm 0cm 0pt; text-align: justify;\">\n<p class=\"MsoNormal\" style=\"margin: 0cm 0cm 0pt; text-align: justify;\">\n<p class=\"MsoNormal\" style=\"margin: 0cm 0cm 0pt; text-align: justify;\"><span style=\"color: #000000; font-family: Arial; font-size: medium;\"><span>\u00a0<\/span><\/span><\/p>\n<p class=\"MsoNormal\" style=\"margin: 0cm 0cm 0pt; text-align: justify;\"><span style=\"color: #000000; font-family: Arial; font-size: medium;\"><span>Eso es <strong>m\u00e1s o menos lo que viene ocurriendo con el t\u00e9rmino friki<\/strong>. <strong>Hoy, 25 de mayo<\/strong>, es <a id=\"link_2\" title=\"http:\/\/es.wikipedia.org\/wiki\/D%C3%ADa_del_Orgullo_Friki\" href=\"http:\/\/es.wikipedia.org\/wiki\/D%C3%ADa_del_Orgullo_Friki\"><span style=\"color: #000000;\">el d\u00eda del orgullo friki<\/span><\/a>. Pero\u2026 \u00bf<strong>Qu\u00e9 significa exactamente ser un<\/strong> <a id=\"link_1\" title=\"http:\/\/es.wikipedia.org\/wiki\/Friki\" href=\"http:\/\/es.wikipedia.org\/wiki\/Friki\"><span style=\"color: #000000;\">friki<\/span><\/a>?<\/span><\/span><\/p>\n<p class=\"MsoNormal\" style=\"margin: 0cm 0cm 0pt; text-align: justify;\">\n<p class=\"MsoNormal\" style=\"margin: 0cm 0cm 0pt; text-align: justify;\">\n<p class=\"MsoNormal\" style=\"margin: 0cm 0cm 0pt; text-align: justify;\">\n<p class=\"MsoNormal\" style=\"margin: 0cm 0cm 0pt; text-align: justify;\">\n<div id=\"attachment_1475\" style=\"width: 310px\" class=\"wp-caption alignleft\"><a href=\"\/loch-lomond\/wp-content\/uploads\/sites\/10\/2011\/05\/creo-que-soy-friki.jpg\"><img aria-describedby=\"caption-attachment-1475\" loading=\"lazy\" class=\"size-medium wp-image-1475\" src=\"\/loch-lomond\/wp-content\/uploads\/sites\/10\/2011\/05\/creo-que-soy-friki.jpg\" alt=\"Si todas las frikis fueran as\u00ed...\" width=\"300\" height=\"225\" srcset=\"https:\/\/static-blogs.hoy.es\/wp-content\/uploads\/sites\/10\/2011\/05\/creo-que-soy-friki.jpg 806w, https:\/\/static-blogs.hoy.es\/wp-content\/uploads\/sites\/10\/2011\/05\/creo-que-soy-friki-300x226.jpg 300w, https:\/\/static-blogs.hoy.es\/wp-content\/uploads\/sites\/10\/2011\/05\/creo-que-soy-friki-768x577.jpg 768w\" sizes=\"(max-width: 300px) 100vw, 300px\" \/><\/a><p id=\"caption-attachment-1475\" class=\"wp-caption-text\">Si todas las frikis fueran as\u00ed...<\/p><\/div>\n<p class=\"MsoNormal\" style=\"margin: 0cm 0cm 0pt; text-align: justify;\"><span style=\"color: #000000; font-family: Arial; font-size: medium;\"><span>A d\u00eda de hoy <strong>muchos a\u00fan no lo tenemos claro<\/strong>. Yo mismo, <strong>la primera vez que escuch\u00e9 dicho t\u00e9rmino me son\u00f3 a insulto<\/strong>, es decir, a clara connotaci\u00f3n negativa. No s\u00e9 si ser\u00eda en una pel\u00edcula, en alguna serie o en la vida real, pero para m\u00ed, <strong>un friki era algo as\u00ed como el t\u00edpico pringao antisocial de la clase que estaba m\u00e1s pendiente de su vida virtual<\/strong> (Internet, c\u00f3mics) <strong>que de la propia<\/strong>.<\/span><\/span><\/p>\n<p class=\"MsoNormal\" style=\"margin: 0cm 0cm 0pt; text-align: justify;\">\n<p class=\"MsoNormal\" style=\"margin: 0cm 0cm 0pt; text-align: justify;\">\n<p class=\"MsoNormal\" style=\"margin: 0cm 0cm 0pt; text-align: justify;\"><span style=\"color: #000000; font-family: Arial; font-size: medium;\"><span>A\u00f1os despu\u00e9s, <strong>con la aparici\u00f3n en Espa\u00f1a de personajes como Leonardo Dant\u00e9s, Tamara, Toni Genil, Paco Porras, Loli, Carmen de Mairena<\/strong>, etc, tal significado evolucion\u00f3, y <strong>fueron personajes de esta \u00edndole los que empezaron a recibir dicha definici\u00f3n<\/strong>.<\/span><\/span><\/p>\n<p class=\"MsoNormal\" style=\"margin: 0cm 0cm 0pt; text-align: justify;\">\n<p class=\"MsoNormal\" style=\"margin: 0cm 0cm 0pt; text-align: justify;\">\n<p class=\"MsoNormal\" style=\"margin: 0cm 0cm 0pt; text-align: justify;\">\n<p class=\"MsoNormal\" style=\"margin: 0cm 0cm 0pt; text-align: justify;\">\n<p class=\"MsoNormal\" style=\"margin: 0cm 0cm 0pt; text-align: justify;\"><span style=\"color: #000000; font-family: Arial; font-size: medium;\"><span>\u00a0<\/span><\/span><\/p>\n<p class=\"MsoNormal\" style=\"margin: 0cm 0cm 0pt; text-align: justify;\"><span style=\"color: #000000; font-family: Arial; font-size: medium;\"><span>Desde hace pocos a\u00f1os, <strong>la negatividad impl\u00edcita en la palabra friki parece que va tornando a aspectos m\u00e1s positivos<\/strong>, y as\u00ed, de un modo u otro, resulta que <strong>todos somos un poco frikis<\/strong>.<\/span><\/span><\/p>\n<p class=\"MsoNormal\" style=\"margin: 0cm 0cm 0pt; text-align: justify;\">\n<p class=\"MsoNormal\" style=\"margin: 0cm 0cm 0pt; text-align: justify;\">\n<p class=\"MsoNormal\" style=\"margin: 0cm 0cm 0pt; text-align: justify;\"><span style=\"color: #000000; font-family: Arial; font-size: medium;\"><span>\u00a0<\/span><\/span><\/p>\n<p class=\"MsoNormal\" style=\"margin: 0cm 0cm 0pt; text-align: justify;\"><span style=\"color: #000000; font-family: Arial; font-size: medium;\"><span><a id=\"link_3\" title=\"https:\/\/blogs.hoy.es\/loch-lomond\/2011\/5\/10\/confesiones-inconfesables\" href=\"https:\/\/blogs.hoy.es\/loch-lomond\/2011\/5\/10\/confesiones-inconfesables\"><span style=\"color: #000000;\">Yo mismo<\/span><\/a>, si nos ponemos as\u00ed <strong>tengo algo de friki<\/strong>. Me encantan las <strong>pelis de Star Wars<\/strong> por supuesto, o las de <strong><a id=\"link_1\" title=\"https:\/\/blogs.hoy.es\/loch-lomond\/2010\/8\/9\/el-condensador-fluzo\" href=\"https:\/\/blogs.hoy.es\/loch-lomond\/2010\/8\/9\/el-condensador-fluzo\"><span style=\"color: #000000;\">Regreso al Futuro<\/span><\/a>, El Se\u00f1or de los Anillos<\/strong>, etc. <strong>Me privan las series de cuando era peque\u00f1o, y sobre todo los dibujos animados<\/strong>. Cada vez que existe posibilidad de volver a jugar a un juego <a id=\"link_4\" title=\"https:\/\/blogs.hoy.es\/loch-lomond\/2010\/9\/21\/internet-y-regresion-2\" href=\"https:\/\/blogs.hoy.es\/loch-lomond\/2010\/9\/21\/internet-y-regresion-2\"><span style=\"color: #000000;\">\u201cochentero\u201d<\/span><\/a> de mi \u00e9poca del <a id=\"link_0\" title=\"https:\/\/blogs.hoy.es\/loch-lomond\/2010\/8\/18\/internet-y-regresion\" href=\"https:\/\/blogs.hoy.es\/loch-lomond\/2010\/8\/18\/internet-y-regresion\"><span style=\"color: #000000;\">Spectrum<\/span><\/a> me vuelvo loco, pero bien es cierto que <strong>quiz\u00e1s existan diferentes niveles de frikismo<\/strong>.<\/span><\/span><\/p>\n<p class=\"MsoNormal\" style=\"margin: 0cm 0cm 0pt; text-align: justify;\">\n<p class=\"MsoNormal\" style=\"margin: 0cm 0cm 0pt; text-align: justify;\">\n<p class=\"MsoNormal\" style=\"margin: 0cm 0cm 0pt; text-align: justify;\"><span style=\"color: #000000; font-family: Arial; font-size: medium;\"><span>\u00a0<\/span><\/span><\/p>\n<p class=\"MsoNormal\" style=\"margin: 0cm 0cm 0pt; text-align: justify;\"><span style=\"color: #000000; font-family: Arial; font-size: medium;\"><span><strong>Cualquier afici\u00f3n, ya sean los c\u00f3mics, la literatura, las pelis, anime, manga, juegos de rol<\/strong> etc, me parecen bien, el \u00fanico problema es ser consciente de que <strong>no es m\u00e1s que eso, una afici\u00f3n, un divertimento, y que no hay que olvidarse de vivir aqu\u00ed, en el mundo real<\/strong>.<\/span><\/span><\/p>\n<p class=\"MsoNormal\" style=\"margin: 0cm 0cm 0pt; text-align: justify;\">\n<p class=\"MsoNormal\" style=\"margin: 0cm 0cm 0pt; text-align: justify;\">\n<p class=\"MsoNormal\" style=\"margin: 0cm 0cm 0pt; text-align: justify;\"><span style=\"color: #000000; font-family: Arial; font-size: medium;\"><span>\u00a0<\/span><\/span><\/p>\n<div id=\"attachment_1476\" style=\"width: 310px\" class=\"wp-caption alignright\"><a href=\"\/loch-lomond\/wp-content\/uploads\/sites\/10\/2011\/05\/shampoo_ranma_kasumi_nabiki_ukyo_akane_tetas.gif\"><img aria-describedby=\"caption-attachment-1476\" loading=\"lazy\" class=\"size-medium wp-image-1476\" src=\"\/loch-lomond\/wp-content\/uploads\/sites\/10\/2011\/05\/shampoo_ranma_kasumi_nabiki_ukyo_akane_tetas.gif\" alt=\"No se si ser\u00e1 que soy muy friki... \u00a1Pero me molan las chicas de Ranma!\" width=\"300\" height=\"169\" \/><\/a><p id=\"caption-attachment-1476\" class=\"wp-caption-text\">No se si ser\u00e1 que soy muy friki... \u00a1Pero me molan las chicas de Ranma!<\/p><\/div>\n<p class=\"MsoNormal\" style=\"margin: 0cm 0cm 0pt; text-align: justify;\"><span style=\"color: #000000; font-family: Arial; font-size: medium;\">\u00a0Me da la sensaci\u00f3n de que <strong>muchos piensan que este mismo blog, es una frikada, escrito por un friki al que le apasiona <a title=\"Tint\u00edn y los p\u00edcaros\" href=\"https:\/\/blogs.hoy.es\/loch-lomond\/2013\/01\/20\/tintin-y-los-picaros\/\" target=\"_blank\">Tint\u00edn<\/a> y el LOCH LOMOND a partes iguales<\/strong>.<\/span><\/p>\n<p class=\"MsoNormal\" style=\"margin: 0cm 0cm 0pt; text-align: justify;\">\n<p class=\"MsoNormal\" style=\"margin: 0cm 0cm 0pt; text-align: justify;\">\n<p class=\"MsoNormal\" style=\"margin: 0cm 0cm 0pt; text-align: justify;\"><span style=\"color: #000000; font-family: Arial; font-size: medium;\">\u00a0<\/span><\/p>\n<p class=\"MsoNormal\" style=\"margin: 0cm 0cm 0pt; text-align: justify;\"><span style=\"color: #000000; font-family: Arial; font-size: medium;\"><strong>Y es probable que as\u00ed sea<\/strong>, pues muchos han utilizado parecidas palabras a modo de insulto. El problema es que quiz\u00e1s est\u00e9 de acuerdo en el fondo, pero no en que sea un insulto, pues por el contrario no observo nada hiriente en sus palabras. <\/span><\/p>\n<p class=\"MsoNormal\" style=\"margin: 0cm 0cm 0pt; text-align: justify;\"><span style=\"color: #000000; font-family: Arial; font-size: medium;\">Por lo dem\u00e1s lo dicho. <strong>Creo que soy un poco friki, y estoy orgulloso<\/strong>.<\/span><\/p>\n<p class=\"MsoNormal\" style=\"margin: 0cm 0cm 0pt; text-align: justify;\">\n<p class=\"MsoNormal\" style=\"margin: 0cm 0cm 0pt; text-align: justify;\"><span style=\"color: #000000; font-family: Arial; font-size: medium;\">\u00a0<\/span><\/p>\n<p class=\"MsoNormal\" style=\"margin: 0cm 0cm 0pt; text-align: center;\"><strong><span style=\"color: #000000; font-family: Arial; font-size: medium;\">Por lo tanto: Feliz d\u00eda del orgullo friki a todos.<\/span><\/strong><\/p>\n<!-- AddThis Advanced Settings generic via filter on the_content --><!-- AddThis Share Buttons generic via filter on the_content -->","protected":false},"excerpt":{"rendered":"<p>El problema que tienen las palabras, es que si uno las empleas de cualquier manera, con desconocimiento y profunda ignorancia, van perdiendo su sentido, y lo que es peor, trasmitiendo un significado falso al resto de interlocutores. \u00a0 Eso es m\u00e1s o menos lo que viene ocurriendo con el t\u00e9rmino friki. Hoy, 25 de mayo, [&hellip;]<!-- AddThis Advanced Settings generic via filter on get_the_excerpt --><!-- AddThis Share Buttons generic via filter on get_the_excerpt --><\/p>\n","protected":false},"author":14,"featured_media":0,"comment_status":"open","ping_status":"closed","sticky":false,"template":"","format":"standard","meta":[],"categories":[5],"tags":[40,42,275,288,820,1089,1149,1224,1434,1437,1515,1710,1806,2046,2186,2187,2616,3021,3083,3103,3114,3280,3386,3595,3596,3649,3765,3811,3812,3851,3971,3976,3977,4222,4351,4415,4771,4866,4986,5029,5234,5235,5289],"_links":{"self":[{"href":"https:\/\/blogs.hoy.es\/loch-lomond\/wp-json\/wp\/v2\/posts\/219"}],"collection":[{"href":"https:\/\/blogs.hoy.es\/loch-lomond\/wp-json\/wp\/v2\/posts"}],"about":[{"href":"https:\/\/blogs.hoy.es\/loch-lomond\/wp-json\/wp\/v2\/types\/post"}],"author":[{"embeddable":true,"href":"https:\/\/blogs.hoy.es\/loch-lomond\/wp-json\/wp\/v2\/users\/14"}],"replies":[{"embeddable":true,"href":"https:\/\/blogs.hoy.es\/loch-lomond\/wp-json\/wp\/v2\/comments?post=219"}],"version-history":[{"count":0,"href":"https:\/\/blogs.hoy.es\/loch-lomond\/wp-json\/wp\/v2\/posts\/219\/revisions"}],"wp:attachment":[{"href":"https:\/\/blogs.hoy.es\/loch-lomond\/wp-json\/wp\/v2\/media?parent=219"}],"wp:term":[{"taxonomy":"category","embeddable":true,"href":"https:\/\/blogs.hoy.es\/loch-lomond\/wp-json\/wp\/v2\/categories?post=219"},{"taxonomy":"post_tag","embeddable":true,"href":"https:\/\/blogs.hoy.es\/loch-lomond\/wp-json\/wp\/v2\/tags?post=219"}],"curies":[{"name":"wp","href":"https:\/\/api.w.org\/{rel}","templated":true}]}}