{"id":22,"date":"2010-06-15T12:16:00","date_gmt":"2010-06-15T11:16:00","guid":{"rendered":"http:\/\/blogs.hoy.es\/loch-lomond\/?p=22"},"modified":"2010-06-15T12:16:00","modified_gmt":"2010-06-15T11:16:00","slug":"espana-por-mundial","status":"publish","type":"post","link":"https:\/\/blogs.hoy.es\/loch-lomond\/2010\/06\/15\/espana-por-mundial\/","title":{"rendered":"\u00a1Espa\u00f1a a por el mundial!"},"content":{"rendered":"<p><img id=\"img_1\" src=\"\/\/www.viajes.es\/europa\/espana\/espana-bandera-de-espana-i2.jpg\" alt=\"\" \/><\/p>\n<p><span style=\"color: #000099;\">A falta de apenas 24 horas para que se dispute el primer partido de nuestra Selecci\u00f3n en el Mundial de Sud\u00e1frica, un servidor quiere imitar a los habitantes de su vecina ciudad, C\u00e1ceres, quienes est\u00e1n ti\u00f1endo sus calles y casas con los colores de nuestra selecci\u00f3n: <\/span><\/p>\n<p><a href=\"http:\/\/www.hoy.es\/v\/20100615\/caceres\/calles-visten-rojo-gualda-20100615.html\" rel=\"nofollow\">http:\/\/www.hoy.es\/v\/20100615\/caceres\/calles-visten-rojo-gualda-20100615.html<\/a><\/p>\n<p><span style=\"color: #000099;\">Ni que decir tiene que me encanta nuestra bandera, pues re\u00fane mis dos colores favoritos. No quiero que piensen, por Dios, que se esconde tras esta afirmaci\u00f3n tilde pol\u00edtico alguno, es que realmente me gusta la bandera de mi pa\u00eds. Y no me causa rubor ni verguenza alguna mostrarla orgulloso tal c\u00faal, en este Blog, mi casa, y la de ustedes por supuesto, como tampoco le ocurre a italianos, franceses, brasile\u00f1os o argentinos con la suya, por poner un ejemplo. <\/span><\/p>\n<p>&nbsp;<\/p>\n<p><span style=\"color: #000099;\">Desde chico la Ense\u00f1a Nacional ya me llamaba la atenci\u00f3n por lo bonito de sus colores. Recuerdo a la pobre Do\u00f1a Loli, mi &#8220;se\u00f1o&#8221; de primero de EGB en el General Navarro, cuando quiso ense\u00f1arnos los colores de la bandera de Espa\u00f1a y de Extremadura. Con la de Extremadura no hubo problema alguno, qued\u00f3 claro que se compon\u00eda de tres colores, Verde, Blanca y Negra. La dibujamos y a todos nos encant\u00f3. Cuando Do\u00f1a Loli preguntaba &#8220;Ni\u00f1os, \u00bfcuantos colores tienen la bandera de Extremadura?&#8221; todos respond\u00edamos a coro &#8220;\u00a1Tres! \u00a1Verde, Blanco y Negro!&#8221; Pero \u00a1ay! que cuando llegamos a la de Espa\u00f1a ya no est\u00e1bamos tan de acuerdo con ella. &#8220;Ni\u00f1os&#8221; volv\u00eda a preguntar &#8220;\u00bfcuantos colores tiene la bandera de Espa\u00f1a?&#8221; todos a coro &#8220;\u00a1Tres! \u00a1Rojo, Amarillo y Rojo!&#8221; Do\u00f1a Loli se desesperaba &#8220;Pero no hijos, la bandera tiene tres franjas, pero son s\u00f3lo dos colores, rojo y amarillo&#8230;&#8221;\u00a1Tres!&#8221; Volv\u00edamos a gritar a\u00fan mas fuerte \u00a1Rojo, Amarillo y Rojo!&#8221; Y ya nadie pudo hacernos salir de ah\u00ed. Para nosotros, la bandera de Espa\u00f1a ten\u00eda tres colores, y punto, y quien no lo viera es que estaba ciego. A nuestra edad no sab\u00edamos que era eso de &#8220;franjas&#8221; y nos importaba un pimiento. Para nosotros, a pesar de los esfuerzos de Do\u00f1a Loli, la bandera de Espa\u00f1a ten\u00eda tres colores, y era Roja, Amarilla y Roja. \u00a1Que recuerdos! Reciba Do\u00f1a Loli, mi cari\u00f1oso saludo, por su esfuerzo y paciencia para con todos nosotros.<\/span><\/p>\n<p>&nbsp;<\/p>\n<p><img id=\"img_2\" src=\"\/\/4.bp.blogspot.com\/_aqqw5zIBto8\/So43LSJeIMI\/AAAAAAAAApQ\/wfFjdtxPRK0\/s400\/mujer_gritando.jpg\" alt=\"\" \/><\/p>\n<p>&nbsp;<\/p>\n<p>&nbsp;<\/p>\n<p>&nbsp;<\/p>\n<p><span style=\"color: #000099;\">Desde aqu\u00ed tambi\u00e9n mi aplauso y homenaje a la ciudad de C\u00e1ceres (de la que estoy enamorado) imitando tan bonito gesto de apoyo. Solo queda ganar, y remojarlo posteriormente con una botella del mejor LOCH LOMOND. Mucho \u00e1nimo y mejor suerte para \u00a1La Roja!<\/span><\/p>\n<p>&nbsp;<\/p>\n<!-- AddThis Advanced Settings generic via filter on the_content --><!-- AddThis Share Buttons generic via filter on the_content -->","protected":false},"excerpt":{"rendered":"<p>A falta de apenas 24 horas para que se dispute el primer partido de nuestra Selecci\u00f3n en el Mundial de Sud\u00e1frica, un servidor quiere imitar a los habitantes de su vecina ciudad, C\u00e1ceres, quienes est\u00e1n ti\u00f1endo sus calles y casas con los colores de nuestra selecci\u00f3n: http:\/\/www.hoy.es\/v\/20100615\/caceres\/calles-visten-rojo-gualda-20100615.html Ni que decir tiene que me encanta nuestra [&hellip;]<!-- AddThis Advanced Settings generic via filter on get_the_excerpt --><!-- AddThis Share Buttons generic via filter on get_the_excerpt --><\/p>\n","protected":false},"author":14,"featured_media":0,"comment_status":"open","ping_status":"closed","sticky":false,"template":"","format":"standard","meta":[],"categories":[5],"tags":[225,226,437,468,469,571,574,673,1439,1515,1528,1529,1806,1879,1880,1985,2263,3103,4505,4507,4509,4626,5205],"_links":{"self":[{"href":"https:\/\/blogs.hoy.es\/loch-lomond\/wp-json\/wp\/v2\/posts\/22"}],"collection":[{"href":"https:\/\/blogs.hoy.es\/loch-lomond\/wp-json\/wp\/v2\/posts"}],"about":[{"href":"https:\/\/blogs.hoy.es\/loch-lomond\/wp-json\/wp\/v2\/types\/post"}],"author":[{"embeddable":true,"href":"https:\/\/blogs.hoy.es\/loch-lomond\/wp-json\/wp\/v2\/users\/14"}],"replies":[{"embeddable":true,"href":"https:\/\/blogs.hoy.es\/loch-lomond\/wp-json\/wp\/v2\/comments?post=22"}],"version-history":[{"count":0,"href":"https:\/\/blogs.hoy.es\/loch-lomond\/wp-json\/wp\/v2\/posts\/22\/revisions"}],"wp:attachment":[{"href":"https:\/\/blogs.hoy.es\/loch-lomond\/wp-json\/wp\/v2\/media?parent=22"}],"wp:term":[{"taxonomy":"category","embeddable":true,"href":"https:\/\/blogs.hoy.es\/loch-lomond\/wp-json\/wp\/v2\/categories?post=22"},{"taxonomy":"post_tag","embeddable":true,"href":"https:\/\/blogs.hoy.es\/loch-lomond\/wp-json\/wp\/v2\/tags?post=22"}],"curies":[{"name":"wp","href":"https:\/\/api.w.org\/{rel}","templated":true}]}}