{"id":220,"date":"2011-05-27T16:02:00","date_gmt":"2011-05-27T16:02:00","guid":{"rendered":"http:\/\/blogs.hoy.es\/loch-lomond\/?p=220"},"modified":"2011-05-27T16:02:00","modified_gmt":"2011-05-27T16:02:00","slug":"sin-telefono-ni-adsl-cuarton-cortijo","status":"publish","type":"post","link":"https:\/\/blogs.hoy.es\/loch-lomond\/2011\/05\/27\/sin-telefono-ni-adsl-cuarton-cortijo\/","title":{"rendered":"Sin Tel\u00e9fono ni ADSL en Cuart\u00f3n Cortijo"},"content":{"rendered":"<p><img id=img_0 src=\"\/\/4.bp.blogspot.com\/_JN4k50IR3OM\/Sx9Q5E5KZAI\/AAAAAAAAJ6g\/DPEaKU7EBZk\/s320\/vomistar.jpg\"\/><\/p>\n<p class=MsoNormal style=\"MARGIN: 0cm 0cm 0pt; TEXT-ALIGN: justify\"><span style=\"COLOR: navy; FONT-FAMILY: Arial\"><font size=3>\u00a1Yo es que hay cosas que no me explico! Desde diciembre solicitando un simple tel\u00e9fono y una ADSL decente con la que seguir escribiendo para ustedes y Telef\u00f3nica me sigue insistiendo en que no hay posibilidad. Precisamente hoy, el Diario HOY se hace eco de <a id=link_0 title=http:\/\/www.hoy.es\/v\/20110527\/badajoz\/lineas-telefono-fijo-tardan-20110527.html href=\"http:\/\/www.hoy.es\/v\/20110527\/badajoz\/lineas-telefono-fijo-tardan-20110527.html\">la noticia<\/a>, seguramente por las insistentes <a id=link_2 title=https:\/\/blogs.hoy.es\/loch-lomond\/2011\/1\/28\/mierda-perros href=\"https:\/\/blogs.hoy.es\/loch-lomond\/2011\/1\/28\/mierda-perros\">denuncias de los vecinos de Cuart\u00f3n Cortijo<\/a>.<\/font><\/span><\/p>\n<p class=MsoNormal style=\"MARGIN: 0cm 0cm 0pt; TEXT-ALIGN: justify\"><span style=\"COLOR: navy; FONT-FAMILY: Arial\"><font size=3><\/font><\/span><\/p>\n<p class=MsoNormal style=\"MARGIN: 0cm 0cm 0pt; TEXT-ALIGN: justify\"><span style=\"COLOR: navy; FONT-FAMILY: Arial\"><font size=3><\/font><\/span><\/p>\n<p class=MsoNormal style=\"MARGIN: 0cm 0cm 0pt; TEXT-ALIGN: justify\"><span style=\"COLOR: navy; FONT-FAMILY: Arial\"><font size=3><\/font><\/span><\/p>\n<p class=MsoNormal style=\"MARGIN: 0cm 0cm 0pt; TEXT-ALIGN: justify\"><span style=\"COLOR: navy; FONT-FAMILY: Arial\"><font size=3><\/font><\/span><\/p>\n<p class=MsoNormal style=\"MARGIN: 0cm 0cm 0pt; TEXT-ALIGN: justify\"><span style=\"COLOR: navy; FONT-FAMILY: Arial\"><font size=3><\/font><\/span><\/p>\n<p class=MsoNormal style=\"MARGIN: 0cm 0cm 0pt; TEXT-ALIGN: justify\"><span style=\"COLOR: navy; FONT-FAMILY: Arial\"><font size=3><\/font><\/span><\/p>\n<p class=MsoNormal style=\"MARGIN: 0cm 0cm 0pt; TEXT-ALIGN: justify\"><span style=\"COLOR: navy; FONT-FAMILY: Arial\"><font size=3><\/font><\/span><\/p>\n<p class=MsoNormal style=\"MARGIN: 0cm 0cm 0pt; TEXT-ALIGN: justify\"><span style=\"COLOR: navy; FONT-FAMILY: Arial\"><font size=3><\/font><\/span><\/p>\n<p class=MsoNormal style=\"MARGIN: 0cm 0cm 0pt; TEXT-ALIGN: justify\"><span style=\"COLOR: navy; FONT-FAMILY: Arial\"><font size=3><\/font><\/span><\/p>\n<p class=MsoNormal style=\"MARGIN: 0cm 0cm 0pt; TEXT-ALIGN: justify\"><span style=\"COLOR: navy; FONT-FAMILY: Arial\"><font size=3><\/font><\/span><\/p>\n<p class=MsoNormal style=\"MARGIN: 0cm 0cm 0pt; TEXT-ALIGN: justify\"><span style=\"COLOR: navy; FONT-FAMILY: Arial\"><font size=3><\/font><\/span><\/p>\n<p class=MsoNormal style=\"MARGIN: 0cm 0cm 0pt; TEXT-ALIGN: justify\"><span style=\"COLOR: navy; FONT-FAMILY: Arial\"><font size=3>< ?xml:namespace prefix = o ns = \"urn:schemas-microsoft-com:office:office\" \/><o:p><img id=img_1 src=\"\/\/foto-cache.hoy.es\/jpg\/1\/7\/1211873112471.jpg\"\/><\/o:p><\/font><\/span><\/p>\n<p><span style=\"COLOR: navy; FONT-FAMILY: Arial\"><o:p><font size=3><\/font><\/o:p><\/span> <\/p>\n<p class=MsoNormal style=\"MARGIN: 0cm 0cm 0pt; TEXT-ALIGN: justify\">\n<p class=MsoNormal style=\"MARGIN: 0cm 0cm 0pt; TEXT-ALIGN: justify\">\n<p class=MsoNormal style=\"MARGIN: 0cm 0cm 0pt; TEXT-ALIGN: justify\">\n<p class=MsoNormal style=\"MARGIN: 0cm 0cm 0pt; TEXT-ALIGN: justify\">\n<p class=MsoNormal style=\"MARGIN: 0cm 0cm 0pt; TEXT-ALIGN: justify\">\n<p class=MsoNormal style=\"MARGIN: 0cm 0cm 0pt; TEXT-ALIGN: justify\">\n<p class=MsoNormal style=\"MARGIN: 0cm 0cm 0pt; TEXT-ALIGN: justify\">\n<p class=MsoNormal style=\"MARGIN: 0cm 0cm 0pt; TEXT-ALIGN: justify\">\n<p class=MsoNormal style=\"MARGIN: 0cm 0cm 0pt; TEXT-ALIGN: justify\">\n<p class=MsoNormal style=\"MARGIN: 0cm 0cm 0pt; TEXT-ALIGN: justify\">\n<p class=MsoNormal style=\"MARGIN: 0cm 0cm 0pt; TEXT-ALIGN: justify\">\n<p class=MsoNormal style=\"MARGIN: 0cm 0cm 0pt; TEXT-ALIGN: justify\">\n<p class=MsoNormal style=\"MARGIN: 0cm 0cm 0pt; TEXT-ALIGN: justify\">\n<p class=MsoNormal style=\"MARGIN: 0cm 0cm 0pt; TEXT-ALIGN: justify\"><span style=\"COLOR: navy; FONT-FAMILY: Arial\"><font size=3>\u00a1Pero se\u00f1orita por Dios! \u2013 Exclamo ante las negativas de las telefonistas (todas sudamericanas que parecen dar a entender no tener ni pu\u00f1etera idea de lo que les estoy contando) \u2013 \u00bfMe esta usted diciendo, que en el a\u00f1o < ?xml:namespace prefix = st1 ns = \"urn:schemas-microsoft-com:office:smarttags\" \/><st1:metricconverter ProductID=\"2011, a\" w:st=\"on\">2011, a<\/st1:metricconverter> <st1:metricconverter ProductID=\"50 metros\" w:st=\"on\">50 metros<\/st1:metricconverter> de <st1:personname ProductID=\"la Universidad\" w:st=\"on\">la Universidad<\/st1:personname> y del Hospital, no es posible poner un tel\u00e9fono y una ADSL por falta de cobertura en la capital de la provincia m\u00e1s grande de Espa\u00f1a?<\/font><\/span><\/p>\n<p><span style=\"COLOR: navy; FONT-FAMILY: Arial\"><font size=3><\/font><\/span><\/p>\n<p><span style=\"COLOR: navy; FONT-FAMILY: Arial\"><font size=3><\/font><\/span><\/p>\n<p><span style=\"COLOR: navy; FONT-FAMILY: Arial\"><font size=3><\/font><\/span><\/p>\n<p><span style=\"COLOR: navy; FONT-FAMILY: Arial\"><font size=3><\/font><\/span><\/p>\n<p><span style=\"COLOR: navy; FONT-FAMILY: Arial\"><font size=3><\/font><\/span><\/p>\n<p><span style=\"COLOR: navy; FONT-FAMILY: Arial\"><font size=3><\/font><\/span><\/p>\n<p><span style=\"COLOR: navy; FONT-FAMILY: Arial\"><font size=3><\/font><\/span><\/p>\n<p><span style=\"COLOR: navy; FONT-FAMILY: Arial\"><font size=3><\/font><\/span><\/p>\n<p><span style=\"COLOR: navy; FONT-FAMILY: Arial\"><font size=3><\/font><\/span><\/p>\n<p><span style=\"COLOR: navy; FONT-FAMILY: Arial\"><font size=3><\/font><\/span><\/p>\n<p><span style=\"COLOR: navy; FONT-FAMILY: Arial\"><font size=3><\/font><\/span><\/p>\n<p><span style=\"COLOR: navy; FONT-FAMILY: Arial\"><font size=3><\/font><\/span><\/p>\n<p><span style=\"COLOR: navy; FONT-FAMILY: Arial\"><font size=3><\/font><\/span><\/p>\n<p><span style=\"COLOR: navy; FONT-FAMILY: Arial\"><font size=3><o:p><img id=img_2 src=\"\/\/bureaudesalud.com\/v2\/wp-content\/uploads\/2010\/08\/telefonista-enojada.jpg\"\/><\/o:p><\/font><\/span><\/p>\n<p class=MsoNormal style=\"MARGIN: 0cm 0cm 0pt; TEXT-ALIGN: justify\">\n<p><span style=\"COLOR: navy; FONT-FAMILY: Arial\"><o:p><font size=3><\/font><\/o:p><\/span> <\/p>\n<p class=MsoNormal style=\"MARGIN: 0cm 0cm 0pt; TEXT-ALIGN: justify\">\n<p class=MsoNormal style=\"MARGIN: 0cm 0cm 0pt; TEXT-ALIGN: justify\">\n<p class=MsoNormal style=\"MARGIN: 0cm 0cm 0pt; TEXT-ALIGN: justify\">\n<p class=MsoNormal style=\"MARGIN: 0cm 0cm 0pt; TEXT-ALIGN: justify\">\n<p class=MsoNormal style=\"MARGIN: 0cm 0cm 0pt; TEXT-ALIGN: justify\">\n<p class=MsoNormal style=\"MARGIN: 0cm 0cm 0pt; TEXT-ALIGN: justify\">\n<p class=MsoNormal style=\"MARGIN: 0cm 0cm 0pt; TEXT-ALIGN: justify\">\n<p class=MsoNormal style=\"MARGIN: 0cm 0cm 0pt; TEXT-ALIGN: justify\">\n<p class=MsoNormal style=\"MARGIN: 0cm 0cm 0pt; TEXT-ALIGN: justify\">\n<p class=MsoNormal style=\"MARGIN: 0cm 0cm 0pt; TEXT-ALIGN: justify\"><span style=\"COLOR: navy; FONT-FAMILY: Arial\"><font size=3>Ll\u00e1menme iluso, o cateto, pero nunca pens\u00e9 que fuera a ser tan dif\u00edcil disponer de un servicio tan b\u00e1sico como necesario, por el que encima tendr\u00e9 que pagar una pasta considerable. Un vecino de Cuart\u00f3n Cortijo, indignado como tantos otros, comenta en la noticia que el Ayuntamiento no va a hacernos caso. Vuelvo a pedir disculpas por mi ignorancia, pero yo no s\u00e9 muy bien si la culpa ser\u00e1 del Ayuntamiento de Badajoz, de <st1:personname ProductID=\"la Junta\" w:st=\"on\">la Junta<\/st1:personname> de Extremadura, de ZP, <span style=\"mso-spacerun: yes\"><\/span>Rajoy, Celdr\u00e1n, Sosa, Escobar, Vara, Monago o el ciudadano Vegas, pero a m\u00ed me da la impresi\u00f3n de que la culpa no es de otro que de Telef\u00f3nica, o MoviStar o como leches se llame ahora.<\/font><\/span><\/p>\n<p><span style=\"COLOR: navy; FONT-FAMILY: Arial\"><font size=3><\/font><\/span><\/p>\n<p><span style=\"COLOR: navy; FONT-FAMILY: Arial\"><font size=3><\/font><\/span><\/p>\n<p><span style=\"COLOR: navy; FONT-FAMILY: Arial\"><font size=3><\/font><\/span><\/p>\n<p><span style=\"COLOR: navy; FONT-FAMILY: Arial\"><font size=3><\/font><\/span><\/p>\n<p><span style=\"COLOR: navy; FONT-FAMILY: Arial\"><font size=3><\/font><\/span><\/p>\n<p><span style=\"COLOR: navy; FONT-FAMILY: Arial\"><font size=3><\/font><\/span><\/p>\n<p><span style=\"COLOR: navy; FONT-FAMILY: Arial\"><font size=3><\/font><\/span><\/p>\n<p><span style=\"COLOR: navy; FONT-FAMILY: Arial\"><font size=3><\/font><\/span><\/p>\n<p><span style=\"COLOR: navy; FONT-FAMILY: Arial\"><font size=3><\/font><\/span><\/p>\n<p><span style=\"COLOR: navy; FONT-FAMILY: Arial\"><font size=3><\/font><\/span><\/p>\n<p><span style=\"COLOR: navy; FONT-FAMILY: Arial\"><font size=3><\/font><\/span><\/p>\n<p><span style=\"COLOR: navy; FONT-FAMILY: Arial\"><font size=3><\/font><\/span><\/p>\n<p><span style=\"COLOR: navy; FONT-FAMILY: Arial\"><font size=3><\/font><\/span><\/p>\n<p><span style=\"COLOR: navy; FONT-FAMILY: Arial\"><font size=3><o:p><img id=img_3 src=\"\/\/www.edutic.ua.es\/usuarios\/mikel_27\/img_webquest\/homerPensando%5B1%5D.jpg\"\/><\/o:p><\/font><\/span><\/p>\n<p class=MsoNormal style=\"MARGIN: 0cm 0cm 0pt; TEXT-ALIGN: justify\">\n<p><span style=\"COLOR: navy; FONT-FAMILY: Arial\"><o:p><font size=3><\/font><\/o:p><\/span> <\/p>\n<p class=MsoNormal style=\"MARGIN: 0cm 0cm 0pt; TEXT-ALIGN: justify\">\n<p class=MsoNormal style=\"MARGIN: 0cm 0cm 0pt; TEXT-ALIGN: justify\">\n<p class=MsoNormal style=\"MARGIN: 0cm 0cm 0pt; TEXT-ALIGN: justify\">\n<p class=MsoNormal style=\"MARGIN: 0cm 0cm 0pt; TEXT-ALIGN: justify\">\n<p class=MsoNormal style=\"MARGIN: 0cm 0cm 0pt; TEXT-ALIGN: justify\">\n<p class=MsoNormal style=\"MARGIN: 0cm 0cm 0pt; TEXT-ALIGN: justify\">\n<p class=MsoNormal style=\"MARGIN: 0cm 0cm 0pt; TEXT-ALIGN: justify\">\n<p class=MsoNormal style=\"MARGIN: 0cm 0cm 0pt; TEXT-ALIGN: justify\">\n<p class=MsoNormal style=\"MARGIN: 0cm 0cm 0pt; TEXT-ALIGN: justify\">\n<p class=MsoNormal style=\"MARGIN: 0cm 0cm 0pt; TEXT-ALIGN: justify\">\n<p class=MsoNormal style=\"MARGIN: 0cm 0cm 0pt; TEXT-ALIGN: justify\">\n<p class=MsoNormal style=\"MARGIN: 0cm 0cm 0pt; TEXT-ALIGN: justify\">\n<p class=MsoNormal style=\"MARGIN: 0cm 0cm 0pt; TEXT-ALIGN: justify\">\n<p class=MsoNormal style=\"MARGIN: 0cm 0cm 0pt; TEXT-ALIGN: justify\"><span style=\"COLOR: navy; FONT-FAMILY: Arial\"><font size=3>S\u00f3lo espero, que <a id=link_3 title=https:\/\/blogs.hoy.es\/loch-lomond\/2010\/8\/21\/compren-diario-hoy href=\"https:\/\/blogs.hoy.es\/loch-lomond\/2010\/8\/21\/compren-diario-hoy\">la cobertura del Diario HOY<\/a> sea suficiente para llamar la atenci\u00f3n de la compa\u00f1\u00eda, y sobre todo para informar a sus ciudadanos de c\u00f3mo se nos niegan sistem\u00e1ticamente los servicios m\u00e1s necesarios. Hoy en d\u00eda, en un pa\u00eds desarrollado como el nuestro, sufrir problemas de abastecimiento de electricidad, gas o agua, recogida de basuras o servicio de tel\u00e9fono y ADSL en una ciudad de m\u00e1s de 100.00 habitantes, no hace sino confirmar que en este pa\u00eds seguimos sufriendo miles por la maldita incompetencia de los 4 subnormales de turno. Espero y deseo, que la demora (demora que va para 7 meses ya) sea la menor posible. Se enterar\u00e1n cuando por fin dispongamos en mi barrio <a id=link_1 title=https:\/\/blogs.hoy.es\/loch-lomond\/2010\/12\/7\/siempre-al-oeste href=\"https:\/\/blogs.hoy.es\/loch-lomond\/2010\/12\/7\/siempre-al-oeste\">(siempre al oeste)<\/a> de este servicio, entre otras cosas porque volver\u00e1n a disfrutar de <a id=link_4 title=https:\/\/blogs.hoy.es\/loch-lomond\/category\/las-joyas-la-castafiore href=\"https:\/\/blogs.hoy.es\/loch-lomond\/category\/las-joyas-la-castafiore\">&#8220;Las Joyas de <st1:personname ProductID=\"la Castafiore\" w:st=\"on\">la Castafiore&#8221;<\/st1:personname><\/a>, ya saben, mis viernes musicales.<o:p><\/o:p><\/font><\/span><\/p>\n<!-- AddThis Advanced Settings generic via filter on the_content --><!-- AddThis Share Buttons generic via filter on the_content -->","protected":false},"excerpt":{"rendered":"<p>\u00a1Yo es que hay cosas que no me explico! Desde diciembre solicitando un simple tel\u00e9fono y una ADSL decente con la que seguir escribiendo para ustedes y Telef\u00f3nica me sigue insistiendo en que no hay posibilidad. Precisamente hoy, el Diario HOY se hace eco de la noticia, seguramente por las insistentes denuncias de los vecinos [&hellip;]<!-- AddThis Advanced Settings generic via filter on get_the_excerpt --><!-- AddThis Share Buttons generic via filter on get_the_excerpt --><\/p>\n","protected":false},"author":14,"featured_media":0,"comment_status":"open","ping_status":"closed","sticky":false,"template":"","format":"standard","meta":[],"categories":[7],"tags":[137,423,885,1356,1858,2564,3531,3570,4309,4763,4902,4903,5173,5180],"_links":{"self":[{"href":"https:\/\/blogs.hoy.es\/loch-lomond\/wp-json\/wp\/v2\/posts\/220"}],"collection":[{"href":"https:\/\/blogs.hoy.es\/loch-lomond\/wp-json\/wp\/v2\/posts"}],"about":[{"href":"https:\/\/blogs.hoy.es\/loch-lomond\/wp-json\/wp\/v2\/types\/post"}],"author":[{"embeddable":true,"href":"https:\/\/blogs.hoy.es\/loch-lomond\/wp-json\/wp\/v2\/users\/14"}],"replies":[{"embeddable":true,"href":"https:\/\/blogs.hoy.es\/loch-lomond\/wp-json\/wp\/v2\/comments?post=220"}],"version-history":[{"count":0,"href":"https:\/\/blogs.hoy.es\/loch-lomond\/wp-json\/wp\/v2\/posts\/220\/revisions"}],"wp:attachment":[{"href":"https:\/\/blogs.hoy.es\/loch-lomond\/wp-json\/wp\/v2\/media?parent=220"}],"wp:term":[{"taxonomy":"category","embeddable":true,"href":"https:\/\/blogs.hoy.es\/loch-lomond\/wp-json\/wp\/v2\/categories?post=220"},{"taxonomy":"post_tag","embeddable":true,"href":"https:\/\/blogs.hoy.es\/loch-lomond\/wp-json\/wp\/v2\/tags?post=220"}],"curies":[{"name":"wp","href":"https:\/\/api.w.org\/{rel}","templated":true}]}}