{"id":224,"date":"2011-06-10T15:49:00","date_gmt":"2011-06-10T14:49:00","guid":{"rendered":"http:\/\/blogs.hoy.es\/loch-lomond\/?p=224"},"modified":"2011-06-10T15:49:00","modified_gmt":"2011-06-10T14:49:00","slug":"oscar-vadillo","status":"publish","type":"post","link":"https:\/\/blogs.hoy.es\/loch-lomond\/2011\/06\/10\/oscar-vadillo\/","title":{"rendered":"\u00d3scar Vadillo"},"content":{"rendered":"<p><img id=\"img_0\" src=\"\/\/www.badajozcity.com\/actualidad\/entrevistas\/left_brothers\/images\/oscar.jpg\" alt=\"\" \/><\/p>\n<p class=\"MsoNormal\" style=\"margin: 0cm 0cm 0pt; text-align: justify;\"><span style=\"color: navy; font-family: Arial;\"><span style=\"font-size: small;\">Lo que son las cosas. La primera vez que me presentaron a <a id=\"link_5\" title=\"\u00d3scar Vadillo\" href=\"http:\/\/www.myspace.com\/oskitarmusic\" target=\"_blank\">\u00d3scar Vadillo<\/a>, me cay\u00f3 fatal, y me atrever\u00eda a afirmar que la antipat\u00eda era mutua. El destino no est\u00e1 carente de cierta iron\u00eda. Lo que no lograron nuestros amigos comunes, lo consigui\u00f3 la mayor de todas las magias, la m\u00fasica.<\/span><\/span><\/p>\n<p class=\"MsoNormal\" style=\"margin: 0cm 0cm 0pt; text-align: justify;\">\u00a0<\/p>\n<p class=\"MsoNormal\" style=\"margin: 0cm 0cm 0pt; text-align: justify;\"><span style=\"color: navy; font-family: Arial;\"><span style=\"font-size: small;\">Apenas hab\u00edan transcurrido pocos d\u00edas de mi incorporaci\u00f3n al grupo <a id=\"link_1\" title=\"https:\/\/blogs.hoy.es\/loch-lomond\/2011\/2\/25\/violent-popes-empty-man\" href=\"https:\/\/blogs.hoy.es\/loch-lomond\/2011\/2\/25\/violent-popes-empty-man\" target=\"_blank\">\u201cViolent Popes\u201d<\/a> cuando descubr\u00ed al brillante constructor de melod\u00edas que transformaba en canciones mis precarios escritos, con una m\u00fasica superior. Fue en una prueba de sonido, en la Sala Tragaluz, en el segundo concierto de <a id=\"link_2\" title=\"https:\/\/blogs.hoy.es\/loch-lomond\/2011\/1\/3\/la-cosa-va-amigos\" href=\"https:\/\/blogs.hoy.es\/loch-lomond\/2011\/1\/3\/la-cosa-va-amigos\" target=\"_blank\">&#8220;Violent Popes&#8221;, <\/a>cuando tras o\u00edrle cantar una canci\u00f3n de la B.S.O. de \u201cAsesinos Natos\u201d supe que quer\u00eda pasar mi vida junto a \u00e9l (musicalmente claro) y desde entonces hasta el d\u00eda de hoy no he vuelto a pertenecer a un proyecto musical en donde <a id=\"link_7\" title=\"http:\/\/cantarranacorps.blogspot.com\/2010\/09\/left-brothers.html\" href=\"http:\/\/cantarranacorps.blogspot.com\/2010\/09\/left-brothers.html\" target=\"_blank\">\u00d3scar Vadillo<\/a> no figurara como miembro indiscutible. La m\u00fasica nos acerc\u00f3, y tras los a\u00f1os consigui\u00f3 que traspas\u00e1ramos la barrera del escenario y el local de ensayo para convertirnos en amigos. \u00a1La de discusiones que habremos tenido! \u00a1Las barbaridades que nos habremos dicho a la cara! La de pestes que habremos soltado el uno de otro, haciendo buenos los dichos \u201cdonde hay confianza hay asco\u201d y \u201cquien bien te quiere te har\u00e1 llorar\u201d. Mi querido <a id=\"link_0\" title=\"https:\/\/blogs.hoy.es\/loch-lomond\/2011\/2\/11\/my-simple-wish\" href=\"https:\/\/blogs.hoy.es\/loch-lomond\/2011\/2\/11\/my-simple-wish\" target=\"_blank\">Adolfo Campini<\/a>, otro grand\u00edsimo amigo, siempre era quien interced\u00eda entre los dos (aunque casi siempre se pon\u00eda de mi lado). Todo se solucionaba en cuanto nos pon\u00edamos a tocar. En directo, un gui\u00f1o, una mirada, o incluso un redoble del menda, eran suficientes para entendernos. Dudo que haya existido una pareja art\u00edstica mejor avenida que la nuestra en Badajoz.<\/span><\/span><\/p>\n<p><span style=\"color: navy; font-family: Arial;\"><img id=\"img_3\" src=\"\/loch-lomond\/wp-content\/uploads\/sites\/10\" alt=\"\" \/><\/span><\/p>\n<p class=\"MsoNormal\" style=\"margin: 0cm 0cm 0pt; text-align: justify;\">LEFT BROTHERS: De izquierda a derecha Enrique Falc\u00f3, \u00d3scar Vadillo y Adolfo Campini<\/p>\n<p class=\"MsoNormal\" style=\"margin: 0cm 0cm 0pt; text-align: justify;\">\u00a0<\/p>\n<p class=\"MsoNormal\" style=\"margin: 0cm 0cm 0pt; text-align: justify;\"><span style=\"color: navy; font-family: Arial;\"><span style=\"font-size: small;\">Tras su marcha a Valencia hace ya algunos a\u00f1os, colgu\u00e9 las baquetas y no he <\/span><\/span><span style=\"color: navy; font-family: Arial;\"><span style=\"font-size: small;\">vuelto a tocar con nadie. No es lo mismo. Cuando est\u00e1s acostumbrado al caviar el resto de exquisiteces te sabe a poco.<\/span><\/span><\/p>\n<p class=\"MsoNormal\" style=\"text-align: justify; margin: 0cm 0cm 0pt;\"><span style=\"font-family: Arial; color: navy;\"><span style=\"font-size: small;\">Ayer tuvimos la suerte de compartir unas horas, e incluso sustitu\u00ed el\u00a0insustituible\u00a0\u00a0\u00a0LOCH LOMOND <\/span><\/span><span style=\"font-family: Arial; color: navy;\"><span style=\"font-size: small;\">por el predilecto JB de Oskita. El bueno del Capit\u00e1n Haddock sabr\u00e1 perdonarme, pues en \u201cLa Chasca\u201d y a seg\u00fan que horas, no existe tan exquisito brebaje. Aunque nos separen mil kil\u00f3metros, siempre considero prioritario pasar tiempo con \u00e9l cuando nos regala con su presencia, apenas un par de veces al a\u00f1o.<\/span><\/span><\/p>\n<p>&nbsp;<\/p>\n<p class=\"MsoNormal\" style=\"text-align: justify; margin: 0cm 0cm 0pt;\"><img id=\"img_4\" src=\"\/\/profile.ak.fbcdn.net\/hprofile-ak-snc4\/71118_184425514918031_4179277_n.jpg\" alt=\"\" \/><\/p>\n<p class=\"MsoNormal\" style=\"text-align: justify; margin: 0cm 0cm 0pt;\"><span style=\"color: navy; font-family: Arial;\"><span style=\"font-size: small;\"><span style=\"color: navy; font-family: Arial;\"><span style=\"font-size: small;\"><a id=\"link_4\" title=\"http:\/\/www.myspace.com\/oskitarmusic\" href=\"http:\/\/www.myspace.com\/oskitarmusic\" target=\"_blank\"><span style=\"color: navy; font-family: Arial;\"><span style=\"font-size: small;\">\u00d3scar Vadillo<\/span><\/span><\/a><\/span><\/span> es uno de los mejores m\u00fasicos de Extremadura y estoy convencido de que alg\u00fan d\u00eda firmar\u00e1 alguna p\u00e1gina en la historia de la m\u00fasica de este pa\u00eds, y all\u00ed estar\u00e9 yo, orgulloso para aplaudirle, e incluso para ayudarle con alguna letra, \u00bfy por qu\u00e9 no? igual me animo a desempolvar las baquetas para tocar de nuevo con \u00e9l.<\/span><\/span><\/p>\n<p class=\"MsoNormal\" style=\"text-align: justify; margin: 0cm 0cm 0pt;\"><span style=\"color: navy; font-family: Arial;\"><span style=\"font-size: small;\">No le pierdan la pista se\u00f1ores. Ya es un gran m\u00fasico pero dentro de poco ser\u00e1 conocido y admirado. Y si no da igual, yo siempre lo querr\u00e9 tal como es, como una gran persona y mejor amigo. \u00a1Cuento los minutos para que te dejes caer por tu tierra hermano!<\/span><\/span><\/p>\n<!-- AddThis Advanced Settings generic via filter on the_content --><!-- AddThis Share Buttons generic via filter on the_content -->","protected":false},"excerpt":{"rendered":"<p>Lo que son las cosas. La primera vez que me presentaron a \u00d3scar Vadillo, me cay\u00f3 fatal, y me atrever\u00eda a afirmar que la antipat\u00eda era mutua. El destino no est\u00e1 carente de cierta iron\u00eda. Lo que no lograron nuestros amigos comunes, lo consigui\u00f3 la mayor de todas las magias, la m\u00fasica. \u00a0 Apenas hab\u00edan [&hellip;]<!-- AddThis Advanced Settings generic via filter on get_the_excerpt --><!-- AddThis Share Buttons generic via filter on get_the_excerpt --><\/p>\n","protected":false},"author":14,"featured_media":0,"comment_status":"open","ping_status":"closed","sticky":false,"template":"","format":"standard","meta":[],"categories":[4],"tags":[136,236,241,437,1130,1515,1806,2405,3005,3064,3103,3606,3613,3830,3831,5163,5273],"_links":{"self":[{"href":"https:\/\/blogs.hoy.es\/loch-lomond\/wp-json\/wp\/v2\/posts\/224"}],"collection":[{"href":"https:\/\/blogs.hoy.es\/loch-lomond\/wp-json\/wp\/v2\/posts"}],"about":[{"href":"https:\/\/blogs.hoy.es\/loch-lomond\/wp-json\/wp\/v2\/types\/post"}],"author":[{"embeddable":true,"href":"https:\/\/blogs.hoy.es\/loch-lomond\/wp-json\/wp\/v2\/users\/14"}],"replies":[{"embeddable":true,"href":"https:\/\/blogs.hoy.es\/loch-lomond\/wp-json\/wp\/v2\/comments?post=224"}],"version-history":[{"count":0,"href":"https:\/\/blogs.hoy.es\/loch-lomond\/wp-json\/wp\/v2\/posts\/224\/revisions"}],"wp:attachment":[{"href":"https:\/\/blogs.hoy.es\/loch-lomond\/wp-json\/wp\/v2\/media?parent=224"}],"wp:term":[{"taxonomy":"category","embeddable":true,"href":"https:\/\/blogs.hoy.es\/loch-lomond\/wp-json\/wp\/v2\/categories?post=224"},{"taxonomy":"post_tag","embeddable":true,"href":"https:\/\/blogs.hoy.es\/loch-lomond\/wp-json\/wp\/v2\/tags?post=224"}],"curies":[{"name":"wp","href":"https:\/\/api.w.org\/{rel}","templated":true}]}}