{"id":23,"date":"2010-06-16T15:30:00","date_gmt":"2010-06-16T14:30:00","guid":{"rendered":"http:\/\/blogs.hoy.es\/loch-lomond\/?p=23"},"modified":"2010-06-16T15:30:00","modified_gmt":"2010-06-16T14:30:00","slug":"a-feria-ni-con-aire-acondicionado","status":"publish","type":"post","link":"https:\/\/blogs.hoy.es\/loch-lomond\/2010\/06\/16\/a-feria-ni-con-aire-acondicionado\/","title":{"rendered":"A la feria ni con aire acondicionado"},"content":{"rendered":"<p><span style=\"color: #000099;\"><img id=\"img_0\" src=\"\/\/www.absolutbadajoz.com\/wp-content\/uploads\/2010\/05\/badajoz-san-juan-2010.jpg\" alt=\"\" \/><\/span><\/p>\n<p>&nbsp;<\/p>\n<p><span style=\"color: #000099;\">Con el primer caf\u00e9 de la ma\u00f1ana me he desayunado esta noticia en el Diario HOY:<\/span><\/p>\n<p>&nbsp;<\/p>\n<p><a href=\"http:\/\/www.hoy.es\/v\/20100616\/badajoz\/diez-grados-menos-temperatura-20100616.html\" rel=\"nofollow\">http:\/\/www.hoy.es\/v\/20100616\/badajoz\/diez-grados-menos-temperatura-20100616.html<\/a><\/p>\n<p><span style=\"color: #000099;\">Me parece estupendo todo lo que se haga para mejorar y promover la asistencia a la Feria, pero lo cierto es que ni borracho de LOCH LOMOND mi menda la pisar\u00e1 tampoco este a\u00f1o aunque le juren por El Cetro de Ottokar que disponen de aire acondicionado en todo el Ferial.<\/span><\/p>\n<p>&nbsp;<\/p>\n<p><span style=\"color: #000099;\">Hace muchos a\u00f1os que dej\u00f3 de interesarme la Feria de San Juan de Badajoz. Desde que se mud\u00f3 al nuevo Ferial me parece inc\u00f3moda, poco pr\u00e1ctica y nada me llama la atenci\u00f3n para dejarme caer por ella. Lo siento por los feriantes, o por el Ayuntamiento, pero a mi me encanta en estas fechas tomarme mis ca\u00f1as y tapeos de mediod\u00eda por la zona del centro tan r\u00edcamente, a dos pasos de mi casa y sin arena y exceso de &#8220;makois&#8221; y &#8220;borrachos&#8221;. Disfrutando de los mismos productos y a precios normales.<\/span><\/p>\n<p><span style=\"color: #000099;\">No ser\u00e9 yo quien les hable del motivo del cambio del ferial o de lo bueno y lo malo de la Feria de San Juan, y mucho menos a quince minutos del primer partido de la Selecci\u00f3n. Ya me explayar\u00e9 con gusto un domingo de estos en mi tribuna del Diario HOY, pero he aqu\u00ed una frase que puede servir para resumir todo mi pensamiento.<\/span><\/p>\n<p><span style=\"color: #000099;\">Se pongan como se pongan, la Feria de San Juan de Badajoz ya no es lo que era.<\/span><\/p>\n<!-- AddThis Advanced Settings generic via filter on the_content --><!-- AddThis Share Buttons generic via filter on the_content -->","protected":false},"excerpt":{"rendered":"<p>&nbsp; Con el primer caf\u00e9 de la ma\u00f1ana me he desayunado esta noticia en el Diario HOY: &nbsp; http:\/\/www.hoy.es\/v\/20100616\/badajoz\/diez-grados-menos-temperatura-20100616.html Me parece estupendo todo lo que se haga para mejorar y promover la asistencia a la Feria, pero lo cierto es que ni borracho de LOCH LOMOND mi menda la pisar\u00e1 tampoco este a\u00f1o aunque le [&hellip;]<!-- AddThis Advanced Settings generic via filter on get_the_excerpt --><!-- AddThis Share Buttons generic via filter on get_the_excerpt --><\/p>\n","protected":false},"author":14,"featured_media":0,"comment_status":"open","ping_status":"closed","sticky":false,"template":"","format":"standard","meta":[],"categories":[5],"tags":[437,617,1515,1806,2053,2056,2058,3103,3243,4379],"_links":{"self":[{"href":"https:\/\/blogs.hoy.es\/loch-lomond\/wp-json\/wp\/v2\/posts\/23"}],"collection":[{"href":"https:\/\/blogs.hoy.es\/loch-lomond\/wp-json\/wp\/v2\/posts"}],"about":[{"href":"https:\/\/blogs.hoy.es\/loch-lomond\/wp-json\/wp\/v2\/types\/post"}],"author":[{"embeddable":true,"href":"https:\/\/blogs.hoy.es\/loch-lomond\/wp-json\/wp\/v2\/users\/14"}],"replies":[{"embeddable":true,"href":"https:\/\/blogs.hoy.es\/loch-lomond\/wp-json\/wp\/v2\/comments?post=23"}],"version-history":[{"count":0,"href":"https:\/\/blogs.hoy.es\/loch-lomond\/wp-json\/wp\/v2\/posts\/23\/revisions"}],"wp:attachment":[{"href":"https:\/\/blogs.hoy.es\/loch-lomond\/wp-json\/wp\/v2\/media?parent=23"}],"wp:term":[{"taxonomy":"category","embeddable":true,"href":"https:\/\/blogs.hoy.es\/loch-lomond\/wp-json\/wp\/v2\/categories?post=23"},{"taxonomy":"post_tag","embeddable":true,"href":"https:\/\/blogs.hoy.es\/loch-lomond\/wp-json\/wp\/v2\/tags?post=23"}],"curies":[{"name":"wp","href":"https:\/\/api.w.org\/{rel}","templated":true}]}}