{"id":231,"date":"2011-07-05T01:04:00","date_gmt":"2011-07-05T01:04:00","guid":{"rendered":"http:\/\/blogs.hoy.es\/loch-lomond\/?p=231"},"modified":"2011-07-05T01:04:00","modified_gmt":"2011-07-05T01:04:00","slug":"regreso-la-escuela","status":"publish","type":"post","link":"https:\/\/blogs.hoy.es\/loch-lomond\/2011\/07\/05\/regreso-la-escuela\/","title":{"rendered":"Regreso a la Escuela"},"content":{"rendered":"<p>&nbsp;<\/p>\n<a href=\"\/loch-lomond\/wp-content\/uploads\/sites\/10\/2011\/07\/Regreso-a-la-escuela.jpg\"><img loading=\"lazy\" class=\"size-full wp-image-1245\" title=\"Regreso a la escuela\" src=\"\/loch-lomond\/wp-content\/uploads\/sites\/10\/2011\/07\/Regreso-a-la-escuela.jpg\" alt=\"\"Regreso a la escuela\" Desternillante peli que no os deb\u00e9is perder\" width=\"493\" height=\"755\" srcset=\"https:\/\/static-blogs.hoy.es\/wp-content\/uploads\/sites\/10\/2011\/07\/Regreso-a-la-escuela.jpg 493w, https:\/\/static-blogs.hoy.es\/wp-content\/uploads\/sites\/10\/2011\/07\/Regreso-a-la-escuela-196x300.jpg 196w\" sizes=\"(max-width: 493px) 100vw, 493px\" \/><\/a>\n<p class=\"MsoNormal\" style=\"text-align: justify; margin: 0cm 0cm 0pt;\"><span style=\"color: #000080; font-family: 'Arial', 'sans-serif'; font-size: medium;\" lang=\"ES-TRAD\"><span>Ya les he narrado en anteriores ocasiones la importancia que concedo al necesario ejercicio del <a id=\"link_0\" title=\"http:\/\/www.hoy.es\/v\/20100718\/opinion\/vida-sueno-20100718.html\" href=\"http:\/\/www.hoy.es\/v\/20100718\/opinion\/vida-sueno-20100718.html\"><span style=\"color: #000080;\">sue\u00f1o y el descanso<\/span><\/a>, y lo que disfruto viviendo como casi reales mis originales quimeras. <\/span><\/span><span style=\"color: #000080; font-family: 'Arial', 'sans-serif'; font-size: medium;\" lang=\"ES-TRAD\"><span>Como cualquiera, de vez en cuando sufro tambi\u00e9n mis <a id=\"link_1\" title=\"https:\/\/blogs.hoy.es\/loch-lomond\/2010\/6\/11\/negro\" href=\"https:\/\/blogs.hoy.es\/loch-lomond\/2010\/6\/11\/negro\"><span style=\"color: #000080;\">pesadillas<\/span><\/a>, y experimento sensaciones que enturbian mi (normalmente) reconfortante modorra.<\/span><\/span><\/p>\n<p>&nbsp;<\/p>\n<p class=\"MsoNormal\" style=\"text-align: justify; margin: 0cm 0cm 0pt;\"><span style=\"color: #000080; font-family: 'Arial', 'sans-serif'; font-size: medium;\" lang=\"ES-TRAD\"><span>La pesadilla de hoy, o\u00a0mejor dicho,\u00a0el inc\u00f3modo sue\u00f1o, se repite bastantes m\u00e1s veces de las que uno desear\u00eda. En \u00e9l vuelvo a estar en el <a title=\"Mariano... media roja\" href=\"https:\/\/blogs.hoy.es\/loch-lomond\/2012\/06\/06\/%c2%a1mariano-media-roja\/\" target=\"_blank\">Instituto Zurbar\u00e1n de Badajoz<\/a>, y siempre llego tarde a un examen. Por el camino me ocurren mil y un problemas que retrasan mi llegada, y la preocupaci\u00f3n y desagradable sensaci\u00f3n va en aumento. Durante el sue\u00f1o me pregunto a m\u00ed mismo qu\u00e9 narices estoy haciendo all\u00ed si yo ya estudi\u00e9 todo en mi momento. <\/span><\/span><\/p>\n<div id=\"attachment_1244\" style=\"width: 310px\" class=\"wp-caption alignnone\"><a href=\"\/loch-lomond\/wp-content\/uploads\/sites\/10\/2011\/07\/Fry-so\u00f1ando.jpg\"><img aria-describedby=\"caption-attachment-1244\" loading=\"lazy\" class=\"size-medium wp-image-1244\" title=\"Fry so\u00f1ando\" src=\"\/loch-lomond\/wp-content\/uploads\/sites\/10\/2011\/07\/Fry-so\u00f1ando.jpg\" alt=\"... \u00a1Y los sue\u00f1os... sue\u00f1os son!\" width=\"300\" height=\"168\" srcset=\"https:\/\/static-blogs.hoy.es\/wp-content\/uploads\/sites\/10\/2011\/07\/Fry-so\u00f1ando.jpg 1920w, https:\/\/static-blogs.hoy.es\/wp-content\/uploads\/sites\/10\/2011\/07\/Fry-so\u00f1ando-300x169.jpg 300w, https:\/\/static-blogs.hoy.es\/wp-content\/uploads\/sites\/10\/2011\/07\/Fry-so\u00f1ando-768x432.jpg 768w, https:\/\/static-blogs.hoy.es\/wp-content\/uploads\/sites\/10\/2011\/07\/Fry-so\u00f1ando-1024x576.jpg 1024w\" sizes=\"(max-width: 300px) 100vw, 300px\" \/><\/a><p id=\"caption-attachment-1244\" class=\"wp-caption-text\">... \u00a1Y los sue\u00f1os... sue\u00f1os son!<\/p><\/div>\n<p class=\"MsoNormal\" style=\"text-align: justify; margin: 0cm 0cm 0pt;\"><span style=\"color: #000080; font-family: 'Arial', 'sans-serif'; font-size: medium;\" lang=\"ES-TRAD\"><span>No comprendo como una etapa tan bonita y feliz de mi vida se me presenta en forma de sensaciones tan inc\u00f3modas cuando me hallo en los brazos de Morfeo. <a title=\"Adi\u00f3s muchachos\" href=\"https:\/\/blogs.hoy.es\/loch-lomond\/2011\/04\/07\/adios-muchachos\/\" target=\"_blank\">En el Instituto<\/a> me enamor\u00e9 por primera vez, entabl\u00e9 grandes amistades, y conoc\u00ed algunos profesores que me han marcado para siempre, sin embargo es el escenario elegido para despertar la angustia dormida que habita en m\u00ed. Muchos amigos y conocidos me han confesado sue\u00f1os parecidos, y por lo visto lo de volver de una manera u otra a la adolescencia o ni\u00f1ez es bastante m\u00e1s repetido de lo que parece. Algunos insisten en que todo esto ha de tener un sentido, una explicaci\u00f3n. Mi menda tambi\u00e9n lo ha pensado alguna vez, pero hace ya muchos a\u00f1os que me despreocup\u00e9 del tema. Mi amigo <a title=\"Delincuentes\" href=\"https:\/\/blogs.hoy.es\/loch-lomond\/2012\/09\/17\/delincuentes\/\" target=\"_blank\">Manolito \u201cGafotas\u201d<\/a> afirma que la Ciencia no siempre encuentra respuestas para todo y tiene toda la raz\u00f3n. En mi opini\u00f3n la respuesta de este asunto en cuesti\u00f3n lo tiene la literatura, y m\u00e1s concretamente el gran Calder\u00f3n, porque la vida es un sue\u00f1o, y los sue\u00f1os\u2026sue\u00f1os son.<\/span><\/span><\/p>\n<p class=\"MsoNormal\" style=\"text-align: justify; margin: 0cm 0cm 0pt;\">\n<!-- AddThis Advanced Settings generic via filter on the_content --><!-- AddThis Share Buttons generic via filter on the_content -->","protected":false},"excerpt":{"rendered":"<p>&nbsp; Ya les he narrado en anteriores ocasiones la importancia que concedo al necesario ejercicio del sue\u00f1o y el descanso, y lo que disfruto viviendo como casi reales mis originales quimeras. Como cualquiera, de vez en cuando sufro tambi\u00e9n mis pesadillas, y experimento sensaciones que enturbian mi (normalmente) reconfortante modorra. &nbsp; La pesadilla de hoy, [&hellip;]<!-- AddThis Advanced Settings generic via filter on get_the_excerpt --><!-- AddThis Share Buttons generic via filter on get_the_excerpt --><\/p>\n","protected":false},"author":14,"featured_media":0,"comment_status":"open","ping_status":"closed","sticky":false,"template":"","format":"standard","meta":[],"categories":[2],"tags":[268,707,1387,1515,1806,1931,1941,1967,2221,2603,2611,2931,3103,3285,3286,4030,4414,4641,4803],"_links":{"self":[{"href":"https:\/\/blogs.hoy.es\/loch-lomond\/wp-json\/wp\/v2\/posts\/231"}],"collection":[{"href":"https:\/\/blogs.hoy.es\/loch-lomond\/wp-json\/wp\/v2\/posts"}],"about":[{"href":"https:\/\/blogs.hoy.es\/loch-lomond\/wp-json\/wp\/v2\/types\/post"}],"author":[{"embeddable":true,"href":"https:\/\/blogs.hoy.es\/loch-lomond\/wp-json\/wp\/v2\/users\/14"}],"replies":[{"embeddable":true,"href":"https:\/\/blogs.hoy.es\/loch-lomond\/wp-json\/wp\/v2\/comments?post=231"}],"version-history":[{"count":0,"href":"https:\/\/blogs.hoy.es\/loch-lomond\/wp-json\/wp\/v2\/posts\/231\/revisions"}],"wp:attachment":[{"href":"https:\/\/blogs.hoy.es\/loch-lomond\/wp-json\/wp\/v2\/media?parent=231"}],"wp:term":[{"taxonomy":"category","embeddable":true,"href":"https:\/\/blogs.hoy.es\/loch-lomond\/wp-json\/wp\/v2\/categories?post=231"},{"taxonomy":"post_tag","embeddable":true,"href":"https:\/\/blogs.hoy.es\/loch-lomond\/wp-json\/wp\/v2\/tags?post=231"}],"curies":[{"name":"wp","href":"https:\/\/api.w.org\/{rel}","templated":true}]}}