{"id":234,"date":"2011-07-12T01:07:00","date_gmt":"2011-07-12T00:07:00","guid":{"rendered":"http:\/\/blogs.hoy.es\/loch-lomond\/?p=234"},"modified":"2011-07-12T01:07:00","modified_gmt":"2011-07-12T00:07:00","slug":"comentarios-hoy-es-con-nombres-y-apellidos","status":"publish","type":"post","link":"https:\/\/blogs.hoy.es\/loch-lomond\/2011\/07\/12\/comentarios-hoy-es-con-nombres-y-apellidos\/","title":{"rendered":"Comentarios en HOY.es con nombres y apellidos"},"content":{"rendered":"<p><span style=\"color: #000000; font-family: 'Arial', 'sans-serif'; font-size: medium;\" lang=\"ES-TRAD\"><span>Ayer lunes pudimos desayunarnos una noticia en Diario HOY muy esperada por muchos columnistas y blogueros, tanto de la edici\u00f3n impresa como de la web digital hoy.es: La mejora del servicio en lo que concierne al tema de <a id=\"link_0\" title=\"http:\/\/www.hoy.es\/20110711\/local\/habra-registrarse-para-comentar-201107111353.html\" href=\"http:\/\/www.hoy.es\/20110711\/local\/habra-registrarse-para-comentar-201107111353.html\"><span style=\"color: #000000;\">los comentarios de los lectores en noticias y art\u00edculos<\/span><\/a>. Por lo visto a partir de ahora va a ser necesario registrarse, y poseer una direcci\u00f3n de email v\u00e1lida para poder ejercer aportaciones de \u00edndole personal.<\/span><\/span><\/p>\n<p class=\"MsoNormal\" style=\"text-align: justify; margin: 0cm 0cm 0pt;\">\n<p class=\"MsoNormal\" style=\"text-align: justify; margin: 0cm 0cm 0pt;\"><span style=\"color: #000000; font-family: 'Arial', 'sans-serif'; font-size: medium;\" lang=\"ES-TRAD\"><span>Un servidor, como cualquiera que escribe o comenta en HOY, se alegra de la mejora del servicio, pero realmente pienso que no ha de ser sino un paso m\u00e1s para que se consiga acabar con el anonimato en los comentarios de post, noticias y art\u00edculos.<\/span><\/span><\/p>\n<p class=\"MsoNormal\" style=\"text-align: justify; margin: 0cm 0cm 0pt;\">\n<p class=\"MsoNormal\" style=\"text-align: justify; margin: 0cm 0cm 0pt;\"><span style=\"color: #000000; font-family: 'Arial', 'sans-serif'; font-size: medium;\" lang=\"ES-TRAD\"><span><img id=\"img_1\" src=\"\/\/3.bp.blogspot.com\/_GIRnsQ9c1eU\/TAeqfL6J9HI\/AAAAAAAAAAU\/EqNO-WcfG9g\/S660\/homer-informatica.gif\" alt=\"\" \/><\/span><\/span><\/p>\n<p class=\"MsoNormal\" style=\"text-align: justify; margin: 0cm 0cm 0pt;\">\n<p class=\"MsoNormal\" style=\"text-align: justify; margin: 0cm 0cm 0pt;\"><span style=\"color: #000000; font-family: 'Arial', 'sans-serif'; font-size: medium;\" lang=\"ES-TRAD\"><span>Desde que ostento la fortuna de poder escribir y publicar en HOY, hace ya aproximadamente dos a\u00f1os, me vengo encontrando con el problema de los comentarios desde mi primer art\u00edculo. Primero est\u00e1n los que te insultan de manera injustificada e hiriente, despu\u00e9s los que lo hacen como ejercicio de diversi\u00f3n, para reventar la noticia o art\u00edculo, y por \u00faltimo los indignados lectores que tratan de hacer llegar su opini\u00f3n y se encuentran con las tijeras de la censura, que dicho sea de paso, no siempre act\u00faa con la misma vara de medir.<\/span><\/span><\/p>\n<p class=\"MsoNormal\" style=\"text-align: justify; margin: 0cm 0cm 0pt;\">\n<span style=\"color: #000000; font-family: 'Arial', 'sans-serif'; font-size: medium;\" lang=\"ES-TRAD\"> <span><img id=\"img_2\" src=\"\/\/www.mtctoys.com\/images\/homer%20broke%20the%20internet.jpg\" alt=\"\" \/><\/span><\/span><\/p>\n<p class=\"MsoNormal\" style=\"text-align: justify; margin: 0cm 0cm 0pt;\">\n<p class=\"MsoNormal\" style=\"text-align: justify; margin: 0cm 0cm 0pt;\"><span style=\"color: #000000; font-family: 'Arial', 'sans-serif'; font-size: medium;\" lang=\"ES-TRAD\"><span>Mi menda es de la opini\u00f3n de que si los comentarios no fueran an\u00f3nimos, y se exigiera, adem\u00e1s de un email real, nombre, apellidos, DNI y direcci\u00f3n postal, no se andar\u00edan escribiendo ni el 90% de insultos y chorradas con las que los muy desocupados y ociosos lectores obsequian a sus firmas y blogueros \u201cfavoritos\u201d.<\/span><\/span><\/p>\n<p class=\"MsoNormal\" style=\"text-align: justify; margin: 0cm 0cm 0pt;\">\n<p class=\"MsoNormal\" style=\"text-align: justify; margin: 0cm 0cm 0pt;\"><span style=\"color: #000000; font-family: 'Arial', 'sans-serif'; font-size: medium;\" lang=\"ES-TRAD\"><span>Es comprensible que al fin se haya dado este paso, y todo sea en pos de una mejora para todos. Si se guardara tal celo a la hora de comentar est\u00e1 claro que la participaci\u00f3n de los lectores bajar\u00eda de forma alarmante, pero creo que es cuesti\u00f3n de ir educando al personal(como lo de no poder fumar en los lugares p\u00fablicos) y con el tiempo todos ganar\u00edamos. De la misma forma reitero en que espero que sea un paso m\u00e1s, y ustedes, querido lectores, aporten con sus comentarios sus valiosas opiniones, creando nuevos debates, reflejando el sentir de gran parte de los lectores, felicitando, apremiando o demandando m\u00e1s calidad a sus articulistas y blogueros favoritos.<\/span><\/span><\/p>\n<p class=\"MsoNormal\" style=\"text-align: justify; margin: 0cm 0cm 0pt;\">\n<p class=\"MsoNormal\" style=\"text-align: justify; margin: 0cm 0cm 0pt;\"><span style=\"color: #000000; font-family: 'Arial', 'sans-serif'; font-size: medium;\" lang=\"ES-TRAD\"><span>Voy a darles un consejo, hagan como yo, reg\u00edstrense sin Nick ni apodo, con su nombre y apellido, como hago yo. Cuando uno se expresa con educaci\u00f3n y respeto pese a no estar de acuerdo, no tiene nada ni nadie a quien temer. A m\u00ed, ya lo saben, me encanta que comenten mis Tribunas dominicales de Opini\u00f3n y los post de \u00e9ste, mi blog. Aprendo muchas cosas, recibo curas de humildad, ba\u00f1os de multitudes, apreciaciones, sugerencias para temas, surgen espont\u00e1neos debates y muchas m\u00e1s cosas. Lo \u00fanico que no me aporta nada son los insultos desmedidos e injustificados que no van a ninguna parte. De coraz\u00f3n, les confieso que prefiero leer \u201cSe\u00f1or Falc\u00f3, escribe usted peor que mi hijo de 15 a\u00f1os, no comprendo que ve la gente en usted, no volver\u00e9 a leerle. Fdo: Antonio Hern\u00e1ndez\u201d que cosas como \u201cVaya payaso que est\u00e1s hecho gordo de mierda no s\u00e9 a qui\u00e9n se la habr\u00e1s mamado para poder escribir aqu\u00ed. Fdo: anastasio27 el soplapoyas\u201d. Como observar\u00e1n, se puede expresar las mismas opiniones de muy diferentes maneras, y me atrevo a imaginar que cualquier persona educada y coherente preferir\u00e1 siempre el primer ejemplo.<\/span><\/span><\/p>\n<p><span style=\"color: #000000; font-size: medium;\">\u00a0<img id=\"img_5\" class=\"imgcen\" src=\"\/loch-lomond\/wp-content\/uploads\/sites\/10\" alt=\"\" \/><\/span><\/p>\n<p class=\"MsoNormal\" style=\"text-align: justify; margin: 0cm 0cm 0pt;\"><span style=\"color: #000000; font-size: medium;\"><span style=\"font-family: 'Arial', 'sans-serif';\" lang=\"ES-TRAD\"><span>Los comentarios como las cartas al director, con nombres, apellidos y DNI. Comenten as\u00ed en mis art\u00edculos y, aunque \u00e9stos no les gusten especialmente o no sean de su agrado, les invitar\u00e9 a un copazo de LOCH LOMOND si tenemos un d\u00eda la suerte de conocernos. El que quiera opinar que lo haga siendo responsable de sus palabras, y que no se esconda como un vulgar ladr\u00f3n de pacotilla e<\/span><\/span><span style=\"font-family: 'Arial', 'sans-serif';\" lang=\"ES-TRAD\"><span>ntre la retorcida y cobarde masa que ofrece el anonimato. Esta es mi opini\u00f3n&#8230;y yo la comparto.<\/span><\/span><\/span><\/p>\n<!-- AddThis Advanced Settings generic via filter on the_content --><!-- AddThis Share Buttons generic via filter on the_content -->","protected":false},"excerpt":{"rendered":"<p>Ayer lunes pudimos desayunarnos una noticia en Diario HOY muy esperada por muchos columnistas y blogueros, tanto de la edici\u00f3n impresa como de la web digital hoy.es: La mejora del servicio en lo que concierne al tema de los comentarios de los lectores en noticias y art\u00edculos. Por lo visto a partir de ahora va [&hellip;]<!-- AddThis Advanced Settings generic via filter on get_the_excerpt --><!-- AddThis Share Buttons generic via filter on get_the_excerpt --><\/p>\n","protected":false},"author":14,"featured_media":0,"comment_status":"open","ping_status":"closed","sticky":false,"template":"","format":"standard","meta":[],"categories":[5],"tags":[280,281,315,348,352,583,1074,1080,1515,1576,1806,2617,3103,3369,3704,3715,3799,4164],"_links":{"self":[{"href":"https:\/\/blogs.hoy.es\/loch-lomond\/wp-json\/wp\/v2\/posts\/234"}],"collection":[{"href":"https:\/\/blogs.hoy.es\/loch-lomond\/wp-json\/wp\/v2\/posts"}],"about":[{"href":"https:\/\/blogs.hoy.es\/loch-lomond\/wp-json\/wp\/v2\/types\/post"}],"author":[{"embeddable":true,"href":"https:\/\/blogs.hoy.es\/loch-lomond\/wp-json\/wp\/v2\/users\/14"}],"replies":[{"embeddable":true,"href":"https:\/\/blogs.hoy.es\/loch-lomond\/wp-json\/wp\/v2\/comments?post=234"}],"version-history":[{"count":0,"href":"https:\/\/blogs.hoy.es\/loch-lomond\/wp-json\/wp\/v2\/posts\/234\/revisions"}],"wp:attachment":[{"href":"https:\/\/blogs.hoy.es\/loch-lomond\/wp-json\/wp\/v2\/media?parent=234"}],"wp:term":[{"taxonomy":"category","embeddable":true,"href":"https:\/\/blogs.hoy.es\/loch-lomond\/wp-json\/wp\/v2\/categories?post=234"},{"taxonomy":"post_tag","embeddable":true,"href":"https:\/\/blogs.hoy.es\/loch-lomond\/wp-json\/wp\/v2\/tags?post=234"}],"curies":[{"name":"wp","href":"https:\/\/api.w.org\/{rel}","templated":true}]}}