{"id":237,"date":"2011-07-21T13:41:00","date_gmt":"2011-07-21T13:41:00","guid":{"rendered":"http:\/\/blogs.hoy.es\/loch-lomond\/?p=237"},"modified":"2011-07-21T13:41:00","modified_gmt":"2011-07-21T13:41:00","slug":"el-verano-es-que-tiene","status":"publish","type":"post","link":"https:\/\/blogs.hoy.es\/loch-lomond\/2011\/07\/21\/el-verano-es-que-tiene\/","title":{"rendered":"\u00a1El Verano es lo que tiene!"},"content":{"rendered":"<p><img id=img_0 src=\"\/\/4.bp.blogspot.com\/_4QY5dvlrn60\/SqEWF1ZNgrI\/AAAAAAAAAjI\/vJ3ehYmlhaM\/s400\/homer+simpson.jpg\"\/><\/p>\n<p style=\"TEXT-ALIGN: justify; MARGIN: 0cm 0cm 0pt\" class=MsoNormal><span style=\"FONT-FAMILY: 'Arial', 'sans-serif'; COLOR: #003366\" lang=ES-TRAD><font size=3><\/font><\/span><\/p>\n<p style=\"TEXT-ALIGN: justify; MARGIN: 0cm 0cm 0pt\" class=MsoNormal><span style=\"FONT-FAMILY: 'Arial', 'sans-serif'; COLOR: #003366\" lang=ES-TRAD><font size=3><\/font><\/span><\/p>\n<p style=\"TEXT-ALIGN: justify; MARGIN: 0cm 0cm 0pt\" class=MsoNormal><span style=\"FONT-FAMILY: 'Arial', 'sans-serif'; COLOR: #003366\" lang=ES-TRAD><font size=3><\/font><\/span><\/p>\n<p style=\"TEXT-ALIGN: justify; MARGIN: 0cm 0cm 0pt\" class=MsoNormal><span style=\"FONT-FAMILY: 'Arial', 'sans-serif'; COLOR: #003366\" lang=ES-TRAD><font size=3><\/font><\/span><\/p>\n<p style=\"TEXT-ALIGN: justify; MARGIN: 0cm 0cm 0pt\" class=MsoNormal><span style=\"FONT-FAMILY: 'Arial', 'sans-serif'; COLOR: #003366\" lang=ES-TRAD><font size=3><\/font><\/span><\/p>\n<p style=\"TEXT-ALIGN: justify; MARGIN: 0cm 0cm 0pt\" class=MsoNormal><span style=\"FONT-FAMILY: 'Arial', 'sans-serif'; COLOR: #003366\" lang=ES-TRAD><font size=3><\/font><\/span><\/p>\n<p style=\"TEXT-ALIGN: justify; MARGIN: 0cm 0cm 0pt\" class=MsoNormal><span style=\"FONT-FAMILY: 'Arial', 'sans-serif'; COLOR: #003366\" lang=ES-TRAD><font size=3><\/font><\/span><\/p>\n<p style=\"TEXT-ALIGN: justify; MARGIN: 0cm 0cm 0pt\" class=MsoNormal><span style=\"FONT-FAMILY: 'Arial', 'sans-serif'; COLOR: #003366\" lang=ES-TRAD><font size=3><\/font><\/span><\/p>\n<p style=\"TEXT-ALIGN: justify; MARGIN: 0cm 0cm 0pt\" class=MsoNormal><span style=\"FONT-FAMILY: 'Arial', 'sans-serif'; COLOR: #003366\" lang=ES-TRAD><font size=3>Son las 13:30 y quien suscribe acaba de salir del catre. A\u00fan adormilado y perezoso y con m\u00e1s ganas de horas de sue\u00f1o. Que quieren que les diga, para eso est\u00e1n las vacaciones, para hacer cosas que no puedes hacer durante el resto del a\u00f1o. Aunque bien cierto es que mi menda no es precisamente madrugador, y tiene la suerte de no currar de ma\u00f1ana, por lo tanto tampoco es que la cosa haya sido para tirar cohetes.< ?xml:namespace prefix = o ns = \"urn:schemas-microsoft-com:office:office\" \/><o:p><\/o:p><\/font><\/span><\/p>\n<p style=\"TEXT-ALIGN: justify; MARGIN: 0cm 0cm 0pt\" class=MsoNormal><span style=\"FONT-FAMILY: 'Arial', 'sans-serif'; COLOR: #003366\" lang=ES-TRAD><o:p><font size=3><\/font><\/o:p><\/span><\/p>\n<p style=\"TEXT-ALIGN: justify; MARGIN: 0cm 0cm 0pt\" class=MsoNormal><span style=\"FONT-FAMILY: 'Arial', 'sans-serif'; COLOR: #003366\" lang=ES-TRAD><o:p><font size=3><\/font><\/o:p><\/span><\/p>\n<p style=\"TEXT-ALIGN: justify; MARGIN: 0cm 0cm 0pt\" class=MsoNormal>\n<p style=\"TEXT-ALIGN: justify; MARGIN: 0cm 0cm 0pt\" class=MsoNormal>\n<p style=\"TEXT-ALIGN: justify; MARGIN: 0cm 0cm 0pt\" class=MsoNormal>\n<p style=\"TEXT-ALIGN: justify; MARGIN: 0cm 0cm 0pt\" class=MsoNormal>\n<p style=\"TEXT-ALIGN: justify; MARGIN: 0cm 0cm 0pt\" class=MsoNormal>\n<p style=\"TEXT-ALIGN: justify; MARGIN: 0cm 0cm 0pt\" class=MsoNormal>\n<p style=\"TEXT-ALIGN: justify; MARGIN: 0cm 0cm 0pt\" class=MsoNormal><span style=\"FONT-FAMILY: 'Arial', 'sans-serif'; COLOR: #003366\" lang=ES-TRAD><font size=3>Enciendo la tele y me encuentro a Juan Luis Tena, el presentador de en Hoy D\u00eda bailando \u201cLa Macarena\u201d con todo el arte del mundo junto a una se\u00f1ora de edad avanzada, que por cierto, no supo contestar que Fue Bill Clinton y no otro de sus colegas presidentes estadounidenses quien se hizo mundialmente famoso meneando su \u201ccucu\u201d con dicho temazo de fondo.<\/font><\/span><\/p>\n<p><span style=\"FONT-FAMILY: 'Arial', 'sans-serif'; COLOR: #003366\" lang=ES-TRAD><font size=3><\/font><\/span><\/p>\n<p><span style=\"FONT-FAMILY: 'Arial', 'sans-serif'; COLOR: #003366\" lang=ES-TRAD><font size=3><\/font><\/span><\/p>\n<p><span style=\"FONT-FAMILY: 'Arial', 'sans-serif'; COLOR: #003366\" lang=ES-TRAD><font size=3><\/font><\/span><\/p>\n<p><span style=\"FONT-FAMILY: 'Arial', 'sans-serif'; COLOR: #003366\" lang=ES-TRAD><font size=3><\/font><\/span><\/p>\n<p><span style=\"FONT-FAMILY: 'Arial', 'sans-serif'; COLOR: #003366\" lang=ES-TRAD><font size=3><\/font><\/span><\/p>\n<p><span style=\"FONT-FAMILY: 'Arial', 'sans-serif'; COLOR: #003366\" lang=ES-TRAD><font size=3><\/font><\/span><\/p>\n<p><span style=\"FONT-FAMILY: 'Arial', 'sans-serif'; COLOR: #003366\" lang=ES-TRAD><font size=3><\/font><\/span><\/p>\n<p><span style=\"FONT-FAMILY: 'Arial', 'sans-serif'; COLOR: #003366\" lang=ES-TRAD><font size=3><\/font><\/span><\/p>\n<p><span style=\"FONT-FAMILY: 'Arial', 'sans-serif'; COLOR: #003366\" lang=ES-TRAD><font size=3><\/font><\/span><\/p>\n<p><span style=\"FONT-FAMILY: 'Arial', 'sans-serif'; COLOR: #003366\" lang=ES-TRAD><font size=3><\/font><\/span><\/p>\n<p><span style=\"FONT-FAMILY: 'Arial', 'sans-serif'; COLOR: #003366\" lang=ES-TRAD><font size=3><o:p><img id=img_1 src=\"\/\/www.hoy.es\/prensa\/noticias\/201009\/08\/fotos\/2384833.jpg\"\/><\/o:p><\/font><\/span><\/p>\n<p style=\"TEXT-ALIGN: justify; MARGIN: 0cm 0cm 0pt\" class=MsoNormal>\n<p style=\"TEXT-ALIGN: justify; MARGIN: 0cm 0cm 0pt\" class=MsoNormal><span style=\"FONT-FAMILY: 'Arial', 'sans-serif'; COLOR: #003366\" lang=ES-TRAD><o:p><font size=3><\/font><\/o:p><\/span><\/p>\n<p style=\"TEXT-ALIGN: justify; MARGIN: 0cm 0cm 0pt\" class=MsoNormal>\n<p style=\"TEXT-ALIGN: justify; MARGIN: 0cm 0cm 0pt\" class=MsoNormal>\n<p style=\"TEXT-ALIGN: justify; MARGIN: 0cm 0cm 0pt\" class=MsoNormal>\n<p style=\"TEXT-ALIGN: justify; MARGIN: 0cm 0cm 0pt\" class=MsoNormal>\n<p style=\"TEXT-ALIGN: justify; MARGIN: 0cm 0cm 0pt\" class=MsoNormal>\n<p style=\"TEXT-ALIGN: justify; MARGIN: 0cm 0cm 0pt\" class=MsoNormal>\n<p style=\"TEXT-ALIGN: justify; MARGIN: 0cm 0cm 0pt\" class=MsoNormal>\n<p style=\"TEXT-ALIGN: justify; MARGIN: 0cm 0cm 0pt\" class=MsoNormal>\n<p style=\"TEXT-ALIGN: justify; MARGIN: 0cm 0cm 0pt\" class=MsoNormal>\n<p style=\"TEXT-ALIGN: justify; MARGIN: 0cm 0cm 0pt\" class=MsoNormal><span style=\"FONT-FAMILY: 'Arial', 'sans-serif'; COLOR: #003366\" lang=ES-TRAD><font size=3>El verano es lo que tiene, que todo es diferente, o al menos todos pretenden dar la sensaci\u00f3n de que nos encontramos en \u00e9poca de relax. La semana que viene me marchar\u00e9 unos d\u00edas de vacaciones, para descansar y cambiar de aires, que el a\u00f1o pasado no pudo ser y \u00e9ste ya tocaba,, pero les aseguro que no hay mejores vacaciones que el disfrutar de las comodidades de tu hogar sin ostentar obligaci\u00f3n alguna. Ahora me lo paso muy bien con la serie \u201cLa que se Avecina\u201d, nunca la hab\u00eda visto y es un ejercicio muy saludable \u201cdespiponarse\u201d de risa cada cinco minutos, les recomiendo la serie encarecidamente.<\/font><\/span><\/p>\n<p><span style=\"FONT-FAMILY: 'Arial', 'sans-serif'; COLOR: #003366\" lang=ES-TRAD><font size=3><\/font><\/span><\/p>\n<p><span style=\"FONT-FAMILY: 'Arial', 'sans-serif'; COLOR: #003366\" lang=ES-TRAD><font size=3><\/font><\/span><\/p>\n<p><span style=\"FONT-FAMILY: 'Arial', 'sans-serif'; COLOR: #003366\" lang=ES-TRAD><font size=3><\/font><\/span><\/p>\n<p><span style=\"FONT-FAMILY: 'Arial', 'sans-serif'; COLOR: #003366\" lang=ES-TRAD><font size=3><\/font><\/span><\/p>\n<p><span style=\"FONT-FAMILY: 'Arial', 'sans-serif'; COLOR: #003366\" lang=ES-TRAD><font size=3><\/font><\/span><\/p>\n<p><span style=\"FONT-FAMILY: 'Arial', 'sans-serif'; COLOR: #003366\" lang=ES-TRAD><font size=3><\/font><\/span><\/p>\n<p><span style=\"FONT-FAMILY: 'Arial', 'sans-serif'; COLOR: #003366\" lang=ES-TRAD><font size=3><\/font><\/span><\/p>\n<p><span style=\"FONT-FAMILY: 'Arial', 'sans-serif'; COLOR: #003366\" lang=ES-TRAD><font size=3><\/font><\/span><\/p>\n<p style=\"TEXT-ALIGN: justify; MARGIN: 0cm 0cm 0pt\" class=MsoNormal>\n<p style=\"TEXT-ALIGN: justify; MARGIN: 0cm 0cm 0pt\" class=MsoNormal>\n<p style=\"TEXT-ALIGN: justify; MARGIN: 0cm 0cm 0pt\" class=MsoNormal>\n<p style=\"TEXT-ALIGN: justify; MARGIN: 0cm 0cm 0pt\" class=MsoNormal>\n<p style=\"TEXT-ALIGN: justify; MARGIN: 0cm 0cm 0pt\" class=MsoNormal>\n<p style=\"TEXT-ALIGN: justify; MARGIN: 0cm 0cm 0pt\" class=MsoNormal>\n<p style=\"TEXT-ALIGN: justify; MARGIN: 0cm 0cm 0pt\" class=MsoNormal>\n<p style=\"TEXT-ALIGN: justify; MARGIN: 0cm 0cm 0pt\" class=MsoNormal>\n<p style=\"TEXT-ALIGN: justify; MARGIN: 0cm 0cm 0pt\" class=MsoNormal>\n<p style=\"TEXT-ALIGN: justify; MARGIN: 0cm 0cm 0pt\" class=MsoNormal>\n<p><span style=\"FONT-FAMILY: 'Arial', 'sans-serif'; COLOR: #003366\" lang=ES-TRAD><font size=3><o:p><img id=img_2 src=\"\/\/www.lossimpsons.net\/Imagenes\/Personajes\/familiasimpson.gif\"\/><\/o:p><\/font><\/span><\/p>\n<p style=\"TEXT-ALIGN: justify; MARGIN: 0cm 0cm 0pt\" class=MsoNormal>\n<p style=\"TEXT-ALIGN: justify; MARGIN: 0cm 0cm 0pt\" class=MsoNormal><span style=\"FONT-FAMILY: 'Arial', 'sans-serif'; COLOR: #003366\" lang=ES-TRAD><o:p><font size=3><\/font><\/o:p><\/span><\/p>\n<p style=\"TEXT-ALIGN: justify; MARGIN: 0cm 0cm 0pt\" class=MsoNormal>\n<p style=\"TEXT-ALIGN: justify; MARGIN: 0cm 0cm 0pt\" class=MsoNormal>\n<p style=\"TEXT-ALIGN: justify; MARGIN: 0cm 0cm 0pt\" class=MsoNormal>\n<p style=\"TEXT-ALIGN: justify; MARGIN: 0cm 0cm 0pt\" class=MsoNormal>\n<p style=\"TEXT-ALIGN: justify; MARGIN: 0cm 0cm 0pt\" class=MsoNormal>\n<p style=\"TEXT-ALIGN: justify; MARGIN: 0cm 0cm 0pt\" class=MsoNormal>\n<p style=\"TEXT-ALIGN: justify; MARGIN: 0cm 0cm 0pt\" class=MsoNormal>\n<p style=\"TEXT-ALIGN: justify; MARGIN: 0cm 0cm 0pt\" class=MsoNormal><span style=\"FONT-FAMILY: 'Arial', 'sans-serif'; COLOR: #003366\" lang=ES-TRAD><font size=3>La ociosidad es la madre de todos los vicios. Esta frase viene a cuenta porque acaba de salir en La Ruleta de la Suerte, es que estoy esperando que empiecen Los Simpson. Despu\u00e9s de comer alg\u00fan capitulito m\u00e1s con el aire acondicionado. Esta noche quiz\u00e1s un cine o una cervecitas en Campa\u00f1\u00f3n y por la noche m\u00e1s cine o algo de lectura disfrutando un LOCH LOMOND o un tinto de verano bien fresquito en la terraza. Yo no s\u00e9 ustedes, hay quien se lamenta por no poder ir de vacaciones, pero el hecho de no tener que trabajar y disfrutar de los peque\u00f1os placeres es un lujo al que no debemos dar la espalda. Ser\u00e1 como bien digo, por aquello de que soy un hombre sencillo, con gustos sencillos, y busco en dicha sencillez la felicidad m\u00e1s plena. \u00a1Y la encuentro! El verano es lo que tiene. Que el mal humor y la tristeza parecen estar prohibidas bajo pena de reclusi\u00f3n. Y ustedes que lo disfruten.<\/font><\/span><span style=\"mso-ansi-language: ES\"><o:p><\/o:p><\/span><\/p>\n<!-- AddThis Advanced Settings generic via filter on the_content --><!-- AddThis Share Buttons generic via filter on the_content -->","protected":false},"excerpt":{"rendered":"<p>Son las 13:30 y quien suscribe acaba de salir del catre. A\u00fan adormilado y perezoso y con m\u00e1s ganas de horas de sue\u00f1o. Que quieren que les diga, para eso est\u00e1n las vacaciones, para hacer cosas que no puedes hacer durante el resto del a\u00f1o. Aunque bien cierto es que mi menda no es precisamente [&hellip;]<!-- AddThis Advanced Settings generic via filter on get_the_excerpt --><!-- AddThis Share Buttons generic via filter on get_the_excerpt --><\/p>\n","protected":false},"author":14,"featured_media":0,"comment_status":"open","ping_status":"closed","sticky":false,"template":"","format":"standard","meta":[],"categories":[2],"tags":[744,906,992,1100,1267,3003,4421,5156,5201],"_links":{"self":[{"href":"https:\/\/blogs.hoy.es\/loch-lomond\/wp-json\/wp\/v2\/posts\/237"}],"collection":[{"href":"https:\/\/blogs.hoy.es\/loch-lomond\/wp-json\/wp\/v2\/posts"}],"about":[{"href":"https:\/\/blogs.hoy.es\/loch-lomond\/wp-json\/wp\/v2\/types\/post"}],"author":[{"embeddable":true,"href":"https:\/\/blogs.hoy.es\/loch-lomond\/wp-json\/wp\/v2\/users\/14"}],"replies":[{"embeddable":true,"href":"https:\/\/blogs.hoy.es\/loch-lomond\/wp-json\/wp\/v2\/comments?post=237"}],"version-history":[{"count":0,"href":"https:\/\/blogs.hoy.es\/loch-lomond\/wp-json\/wp\/v2\/posts\/237\/revisions"}],"wp:attachment":[{"href":"https:\/\/blogs.hoy.es\/loch-lomond\/wp-json\/wp\/v2\/media?parent=237"}],"wp:term":[{"taxonomy":"category","embeddable":true,"href":"https:\/\/blogs.hoy.es\/loch-lomond\/wp-json\/wp\/v2\/categories?post=237"},{"taxonomy":"post_tag","embeddable":true,"href":"https:\/\/blogs.hoy.es\/loch-lomond\/wp-json\/wp\/v2\/tags?post=237"}],"curies":[{"name":"wp","href":"https:\/\/api.w.org\/{rel}","templated":true}]}}