{"id":238,"date":"2011-07-24T19:51:00","date_gmt":"2011-07-24T19:51:00","guid":{"rendered":"http:\/\/blogs.hoy.es\/loch-lomond\/?p=238"},"modified":"2011-07-24T19:51:00","modified_gmt":"2011-07-24T19:51:00","slug":"paperboy","status":"publish","type":"post","link":"https:\/\/blogs.hoy.es\/loch-lomond\/2011\/07\/24\/paperboy\/","title":{"rendered":"PaperBoy"},"content":{"rendered":"<p class=\"MsoNormal\" style=\"text-align: justify; margin: 0cm 0cm 0pt;\">Enrique Falc\u00f3. Adicto al papel.<\/p>\n<p class=\"MsoNormal\" style=\"text-align: justify; margin: 0cm 0cm 0pt;\">\u00a0<\/p>\n<p class=\"MsoNormal\" style=\"text-align: justify; margin: 0cm 0cm 0pt;\"><span style=\"font-family: 'Arial', 'sans-serif'; color: #003366;\" lang=\"ES-TRAD\"><span style=\"font-size: small;\"><img id=\"img_0\" src=\"\/\/www.ohmygeek.net\/wp-content\/uploads\/2009\/09\/PaperBoy.jpg\" alt=\"\" \/><\/span><\/span><\/p>\n<p class=\"MsoNormal\" style=\"text-align: justify; margin: 0cm 0cm 0pt;\">\u00a0<\/p>\n<p class=\"MsoNormal\" style=\"text-align: justify; margin: 0cm 0cm 0pt;\">\u00a0<\/p>\n<p class=\"MsoNormal\" style=\"text-align: justify; margin: 0cm 0cm 0pt;\"><span style=\"font-family: 'Arial', 'sans-serif'; color: #003366;\" lang=\"ES-TRAD\"><span style=\"font-size: small;\">Lo que son las cosas. Hace unos d\u00edas, aprovechando las vacaciones, me entretuve revisando viejos papeles de entre polvorientas cajas de la mudanza, que, aunque gracias a Dios ya va quedando atr\u00e1s, sus vestigios no dejan de aparecer constantemente por uno y otro lado de la casa. Me llam\u00f3 la atenci\u00f3n el hecho de no ser consciente hasta hace bien poco de mi s\u00edndrome de Di\u00f3genes en lo que a la c\u00e9dula se refiere. De peque\u00f1o no tiraba nada. Conservaba siempre todo tipo de apuntes, recortes de prensa, posters de grupos musicales y deportistas, entradas de conciertos y sobre todo viejas cartas de amigos. Como si ya desde mi m\u00e1s temprana edad le hubiera otorgado al folio o la hoja una importancia real y un valor m\u00e1s all\u00e1 de lo plenamente intr\u00ednseco. Desde que me emancip\u00e9 he tirado a la basura docenas de bolsas en las que deposit\u00e9 previamente los recuerdos de toda mi vida. Hace ya muchos a\u00f1os que el papel se cre\u00f3 grandes enemigos que pronostican una inminente desaparici\u00f3n de todos sus soportes, incluido como no la prensa escrita. Mi menda, que va superando poco a poco y en la medida de lo posible su particular adicci\u00f3n, siempre ha mirado con buenos ojos la aparici\u00f3n de los ordenadores, y ni que decir tiene Internet o la digitalizaci\u00f3n de los documentos que mejoran y hacen nuestra vida m\u00e1s f\u00e1cil. Y por supuesto siempre he sido consciente de mal uso que hacemos del papel y la poca sensibilidad hacia el medio ambiente que supone su uso desmedido e innecesario.<\/span><\/span><\/p>\n<p>&nbsp;<\/p>\n<p><span style=\"font-family: 'Arial', 'sans-serif'; color: #003366;\" lang=\"ES-TRAD\"><span style=\"font-size: small;\"><img id=\"img_1\" src=\"\/\/4.bp.blogspot.com\/_F6y4fcjgNC0\/TPVFXuUyAUI\/AAAAAAAAAOY\/mIzcwO5ZCCc\/s1600\/paperboy.270185322_std.png\" alt=\"\" \/><\/span><\/span><\/p>\n<p class=\"MsoNormal\" style=\"text-align: justify; margin: 0cm 0cm 0pt;\">\u00a0<\/p>\n<p class=\"MsoNormal\" style=\"text-align: justify; margin: 0cm 0cm 0pt;\">\u00a0<\/p>\n<p class=\"MsoNormal\" style=\"text-align: justify; margin: 0cm 0cm 0pt;\"><span style=\"font-family: 'Arial', 'sans-serif'; color: #003366;\" lang=\"ES-TRAD\"><span style=\"font-size: small;\">Internet es una de las maravillas del mundo, ya les he hablado en otras ocasiones de esta magn\u00edfica herramienta que proporciona servicios, cultura y ocio a partes iguales. Como era de esperar su irrupci\u00f3n en los medios de comunicaci\u00f3n ha supuesto una total revoluci\u00f3n, am\u00e9n de una m\u00e1s completa y rica oferta informativa hacia los usuarios de dichos medios. La prensa escrita no puede rivalizar con la digital en cuanto a actualidad informativa se refiere, eso es evidente. Pero existen quienes no dejan de considerar la edici\u00f3n impresa como exquisitamente c\u00f3moda y pr\u00e1ctica. As\u00ed mismo un peri\u00f3dico no se nutre solo de actualidad, pues no olvidemos que tambi\u00e9n ha de tener una funci\u00f3n l\u00fadica, y adem\u00e1s de informar ha de procurar entretenimiento a sus lectores. Algo parecido ocurre con los libros y archivos. Para su b\u00fasqueda y consulta, y sobre todo por problemas de espacio, es tremendamente m\u00e1s pr\u00e1ctico que se hallen en soportes digitales, ahora bien, para disfrutar de la lectura de una buena novela o un c\u00f3mic de Tint\u00edn ning\u00fan soporte digital puede competir con el de toda la vida.<\/span><\/span><\/p>\n<p><span style=\"font-family: 'Arial', 'sans-serif'; color: #003366;\" lang=\"ES-TRAD\"><span style=\"font-size: small;\"><img id=\"img_2\" src=\"\/\/www.vt-f1.com\/wp-content\/uploads\/2009\/09\/extra-extra.png\" alt=\"\" \/><\/span><\/span><\/p>\n<p class=\"MsoNormal\" style=\"text-align: justify; margin: 0cm 0cm 0pt;\">\u00a0<\/p>\n<p class=\"MsoNormal\" style=\"text-align: justify; margin: 0cm 0cm 0pt;\">\u00a0<\/p>\n<p class=\"MsoNormal\" style=\"text-align: justify; margin: 0cm 0cm 0pt;\"><span style=\"font-family: 'Arial', 'sans-serif'; color: #003366;\" lang=\"ES-TRAD\"><span style=\"font-size: small;\">Nuestro peri\u00f3dico, el Diario HOY, se sum\u00f3 desde hace pocos d\u00edas a la oferta de la Plataforma Kiosco y M\u00e1s, gracias a la que cualquier extreme\u00f1o podr\u00e1 leer el HOY desde cualquier parte del mundo disponiendo de un soporte digital con conexi\u00f3n a Internet. Efectivamente es un gran paso, y muchos hablan de \u00e9l como el futuro de la prensa tal y como se entiende hoy en d\u00eda. Pero yo sigo sosteniendo que la mejor forma de disfrutar del peri\u00f3dico ser\u00e1 siempre la tradicional. Con el papel entre las manos, y esa deliciosa mezcla del olor de la primera taza de caf\u00e9 con la tinta fresca del diario.<\/span><\/span><\/p>\n<p class=\"MsoNormal\" style=\"text-align: justify; margin: 0cm 0cm 0pt;\">\u00a0<\/p>\n<p class=\"MsoNormal\" style=\"text-align: justify; margin: 0cm 0cm 0pt;\"><span style=\"font-family: 'Arial', 'sans-serif'; color: #003366;\" lang=\"ES-TRAD\"><img id=\"img_3\" src=\"\/\/pictures.todocoleccion.net\/tc\/2009\/11\/25\/16074796.jpg\" alt=\"\" \/><\/span><\/p>\n<p class=\"MsoNormal\" style=\"text-align: justify; margin: 0cm 0cm 0pt;\">\u00a0<\/p>\n<p class=\"MsoNormal\" style=\"text-align: justify; margin: 0cm 0cm 0pt;\"><span style=\"font-family: 'Arial', 'sans-serif'; color: #003366;\" lang=\"ES-TRAD\"><span style=\"font-size: small;\">No quiero parecer un cenizo y ni mucho menos ir en contra del progreso, pero me da mucha pena ver como se ningunea cada vez m\u00e1s a los viejos peri\u00f3dicos de toda la vida. Cada vez se venden menos peri\u00f3dicos en los quioscos, pero tambi\u00e9n es cierto que a muchos lectores que no compran ya la edici\u00f3n impresa no les mueve ese af\u00e1n de la actualidad inmediata que posee la edici\u00f3n digital, sino el ahorrarse el uno o los dos euros del precio del diario. El problema puede estar en la racaner\u00eda del lector, la falta de recursos econ\u00f3micos de \u00e9ste o bien en la poca atractiva oferta que ofrezca dicho diario, que esto ser\u00eda un asunto para estudiar y analizar.<\/span><\/span>\u00a0<\/p>\n<p><span style=\"font-family: 'Arial', 'sans-serif'; color: #003366;\" lang=\"ES-TRAD\"><img id=\"img_4\" src=\"\/\/canales.hoy.es\/datos\/period\/rotativa2.jpg\" alt=\"\" \/><\/span><\/p>\n<p><span style=\"font-family: 'Arial', 'sans-serif'; color: #003366;\" lang=\"ES-TRAD\"><span style=\"font-size: small;\">Afloran a mi cabeza los recuerdos de un viejo video juego de los 80 que particularmente me encantaba: el \u201cPaperBoy\u201d. Aquel en el que el t\u00edpico chico joven va en su bicicleta tratando de repartir los peri\u00f3dicos a los suscriptores sorteando para ello las m\u00e1s diversas dificultades. Les confieso que cada vez que ve\u00eda una de esas pel\u00edculas americanas donde sal\u00eda uno de esos j\u00f3venes repartidores en bici anhelaba ser uno de ellos. Y qu\u00e9 decir de aquellas del viejo Oeste o de La Ley Seca donde siempre aparece un ni\u00f1o con un pu\u00f1ado de peri\u00f3dicos en la mano gritando aquello de \u201c\u00a1Extra, Extra!\u201d. Quiero confesarles algo, mis queridos y desocupados lectores. Ya saben que me encanta escribir para ustedes cada domingo, y que la edici\u00f3n digital me procura muchos lectores de fuera de Extremadura a los que no podr\u00eda llegar s\u00f3lo con la edici\u00f3n impresa. Pero lo que realmente produce en m\u00ed una sensaci\u00f3n plena de felicidad es ver mi nombre impreso en el papel del peri\u00f3dico HOY. Si alg\u00fan d\u00eda eso deja de suceder, aunque a cambio me leyeran millones de personas m\u00e1s, les aseguro que ya no ser\u00eda lo mismo. Que le vamos a hacer, ser\u00e1 que en el fondo soy un sentimental.<\/span><\/span><\/p>\n<p class=\"MsoNormal\" style=\"text-align: justify; margin: 0cm 0cm 0pt;\">\u00a0<\/p>\n<p class=\"MsoNormal\" style=\"text-align: justify; margin: 0cm 0cm 0pt;\"><span style=\"font-family: 'Arial', 'sans-serif'; color: #000000;\" lang=\"ES-TRAD\"><span style=\"font-size: small;\">Publicado en Diario HOY el 24\/07\/2011<\/span><\/span><\/p>\n<p class=\"MsoNormal\" style=\"text-align: justify; margin: 0cm 0cm 0pt;\"><span style=\"font-family: 'Arial', 'sans-serif'; color: #003366;\" lang=\"ES-TRAD\"><span style=\"font-size: small;\"><a href=\"http:\/\/www.kioskoymas.com\/epaper\/showlink.aspx?bookmarkid=BC64GHN20KM1&#038;preview=magnifier&#038;linkid=c7d64b8b-b68b-4ab4-a2e6-cf83bff75f60&#038;pdaffid=1NEHCXDv4QZRFanP7KJR9A%3d%3d\"><img src=\"\/\/cache2-thumb1.pressdisplay.com\/pressdisplay\/docserver\/getimage.aspx?file=22012011072400000000001001&#038;page=28&#038;scale=23\" alt=\"\" \/><\/a><\/span><\/span><\/p>\n<!-- AddThis Advanced Settings generic via filter on the_content --><!-- AddThis Share Buttons generic via filter on the_content -->","protected":false},"excerpt":{"rendered":"<p>Enrique Falc\u00f3. Adicto al papel. \u00a0 \u00a0 \u00a0 Lo que son las cosas. Hace unos d\u00edas, aprovechando las vacaciones, me entretuve revisando viejos papeles de entre polvorientas cajas de la mudanza, que, aunque gracias a Dios ya va quedando atr\u00e1s, sus vestigios no dejan de aparecer constantemente por uno y otro lado de la casa. [&hellip;]<!-- AddThis Advanced Settings generic via filter on get_the_excerpt --><!-- AddThis Share Buttons generic via filter on get_the_excerpt --><\/p>\n","protected":false},"author":14,"featured_media":0,"comment_status":"open","ping_status":"closed","sticky":false,"template":"","format":"standard","meta":[],"categories":[8],"tags":[116,882,1439,1515,1573,1806,1828,1983,1985,2496,2583,2629,2794,2842,2997,3103,3718,3891,3894,4006,4196,4431,4713,4756,4843,4985,4986,5084,5153],"_links":{"self":[{"href":"https:\/\/blogs.hoy.es\/loch-lomond\/wp-json\/wp\/v2\/posts\/238"}],"collection":[{"href":"https:\/\/blogs.hoy.es\/loch-lomond\/wp-json\/wp\/v2\/posts"}],"about":[{"href":"https:\/\/blogs.hoy.es\/loch-lomond\/wp-json\/wp\/v2\/types\/post"}],"author":[{"embeddable":true,"href":"https:\/\/blogs.hoy.es\/loch-lomond\/wp-json\/wp\/v2\/users\/14"}],"replies":[{"embeddable":true,"href":"https:\/\/blogs.hoy.es\/loch-lomond\/wp-json\/wp\/v2\/comments?post=238"}],"version-history":[{"count":0,"href":"https:\/\/blogs.hoy.es\/loch-lomond\/wp-json\/wp\/v2\/posts\/238\/revisions"}],"wp:attachment":[{"href":"https:\/\/blogs.hoy.es\/loch-lomond\/wp-json\/wp\/v2\/media?parent=238"}],"wp:term":[{"taxonomy":"category","embeddable":true,"href":"https:\/\/blogs.hoy.es\/loch-lomond\/wp-json\/wp\/v2\/categories?post=238"},{"taxonomy":"post_tag","embeddable":true,"href":"https:\/\/blogs.hoy.es\/loch-lomond\/wp-json\/wp\/v2\/tags?post=238"}],"curies":[{"name":"wp","href":"https:\/\/api.w.org\/{rel}","templated":true}]}}