{"id":24,"date":"2010-06-17T00:24:00","date_gmt":"2010-06-16T23:24:00","guid":{"rendered":"http:\/\/blogs.hoy.es\/loch-lomond\/?p=24"},"modified":"2010-06-17T00:24:00","modified_gmt":"2010-06-16T23:24:00","slug":"apatia","status":"publish","type":"post","link":"https:\/\/blogs.hoy.es\/loch-lomond\/2010\/06\/17\/apatia\/","title":{"rendered":"Apat\u00eda"},"content":{"rendered":"<p><img id=\"img_0\" src=\"\/\/mm.mundiales.com\/%2FEspa%C3%B1ol%2FDeportes%2FMundiales%2FMundial_2010%2FEspa%C3%B1a%2F86022\/imagen-gol.jpg\" alt=\"\" \/><\/p>\n<p><span style=\"color: #000099;\">No hay vuelta de hoja. El comienzo del Mundial de la Selecci\u00f3n espa\u00f1ola ha sido un fracaso. Esto es indiscutible. Tenemos un gran equipo y excelentes jugadores, pero durante el partido contra Suiza, en el terreno de juego, la actitud de muchos de los jugadores de &#8220;la roja&#8221; era como si no estuvieran disputando un mundial. Ha faltado energ\u00eda, garra, fuerza, empuje&#8230;\u00a1Me atrever\u00eda a decir que incluso han faltado ganas!<\/span><\/p>\n<p><span style=\"color: #000099;\">Vicente del Bosque es un entrenador con importantes t\u00edtulos a sus espaldas, por lo que el debate de si es buen entrenador o no es irrelevante. Ahora bien, quiz\u00e1s esa forma de ser, tan tranquila, tan ap\u00e1tica, no parece ser el mejor modo de transmitir esa fuerza y garra que tanto nos ha faltado hoy. Luis Aragon\u00e9s en su d\u00eda no me convenc\u00eda como t\u00e9cnico para la selecci\u00f3n (para gustos los colores) pero siempre apreci\u00e9 en \u00e9l la confianza\u00a0que proyectaba a sus jugadores y la gran motivaci\u00f3n que les ofrec\u00eda. Me pregunto si esa aparente apat\u00eda que se ha visto hoy sobre el cesped no habr\u00e1 sido contagiada por la actitud de Del Bosque.<br \/>\n<\/span><\/p>\n<p>&nbsp;<\/p>\n<p><img id=\"img_2\" src=\"\/\/clagom.altervista.org\/immagini\/Disegni\/dormiente1.jpg\" alt=\"\" \/><\/p>\n<p><span style=\"color: #000099;\">A\u00fan no est\u00e1 todo perdido, pero se nos acaba el cupo de los tropiezos que nos podemos permitir. Nunca es tarde para reaccionar y rectificar. Pero espero que los m\u00e9dicos de la selecci\u00f3n receten a los jugadores un buen antibi\u00f3tico para paliar la peligrosa enfermedad con la que los ha contagiado &#8220;el hombre tranquilo&#8221;: La apat\u00eda.<\/span><\/p>\n<!-- AddThis Advanced Settings generic via filter on the_content --><!-- AddThis Share Buttons generic via filter on the_content -->","protected":false},"excerpt":{"rendered":"<p>No hay vuelta de hoja. El comienzo del Mundial de la Selecci\u00f3n espa\u00f1ola ha sido un fracaso. Esto es indiscutible. Tenemos un gran equipo y excelentes jugadores, pero durante el partido contra Suiza, en el terreno de juego, la actitud de muchos de los jugadores de &#8220;la roja&#8221; era como si no estuvieran disputando un [&hellip;]<!-- AddThis Advanced Settings generic via filter on get_the_excerpt --><!-- AddThis Share Buttons generic via filter on get_the_excerpt --><\/p>\n","protected":false},"author":14,"featured_media":0,"comment_status":"open","ping_status":"closed","sticky":false,"template":"","format":"standard","meta":[],"categories":[5],"tags":[314,619,1515,1653,1806,1825,2158,3103,3196,3585,4628,5013,5222,5224],"_links":{"self":[{"href":"https:\/\/blogs.hoy.es\/loch-lomond\/wp-json\/wp\/v2\/posts\/24"}],"collection":[{"href":"https:\/\/blogs.hoy.es\/loch-lomond\/wp-json\/wp\/v2\/posts"}],"about":[{"href":"https:\/\/blogs.hoy.es\/loch-lomond\/wp-json\/wp\/v2\/types\/post"}],"author":[{"embeddable":true,"href":"https:\/\/blogs.hoy.es\/loch-lomond\/wp-json\/wp\/v2\/users\/14"}],"replies":[{"embeddable":true,"href":"https:\/\/blogs.hoy.es\/loch-lomond\/wp-json\/wp\/v2\/comments?post=24"}],"version-history":[{"count":0,"href":"https:\/\/blogs.hoy.es\/loch-lomond\/wp-json\/wp\/v2\/posts\/24\/revisions"}],"wp:attachment":[{"href":"https:\/\/blogs.hoy.es\/loch-lomond\/wp-json\/wp\/v2\/media?parent=24"}],"wp:term":[{"taxonomy":"category","embeddable":true,"href":"https:\/\/blogs.hoy.es\/loch-lomond\/wp-json\/wp\/v2\/categories?post=24"},{"taxonomy":"post_tag","embeddable":true,"href":"https:\/\/blogs.hoy.es\/loch-lomond\/wp-json\/wp\/v2\/tags?post=24"}],"curies":[{"name":"wp","href":"https:\/\/api.w.org\/{rel}","templated":true}]}}