{"id":25,"date":"2010-06-18T00:40:00","date_gmt":"2010-06-18T00:40:00","guid":{"rendered":"http:\/\/blogs.hoy.es\/loch-lomond\/?p=25"},"modified":"2010-06-18T00:40:00","modified_gmt":"2010-06-18T00:40:00","slug":"the-cure-friday-im-in-love","status":"publish","type":"post","link":"https:\/\/blogs.hoy.es\/loch-lomond\/2010\/06\/18\/the-cure-friday-im-in-love\/","title":{"rendered":"The Cure &#8211; Friday Im In Love"},"content":{"rendered":"<p><a href=\"\/loch-lomond\/wp-content\/uploads\/sites\/10\/2010\/06\/The_cure_friday_im_in_love.jpg\"><img loading=\"lazy\" class=\"aligncenter size-full wp-image-1440\" title=\"The_cure_friday_im_in_love\" src=\"\/loch-lomond\/wp-content\/uploads\/sites\/10\/2010\/06\/The_cure_friday_im_in_love.jpg\" alt=\"\" width=\"500\" height=\"500\" srcset=\"https:\/\/static-blogs.hoy.es\/wp-content\/uploads\/sites\/10\/2010\/06\/The_cure_friday_im_in_love.jpg 500w, https:\/\/static-blogs.hoy.es\/wp-content\/uploads\/sites\/10\/2010\/06\/The_cure_friday_im_in_love-150x150.jpg 150w, https:\/\/static-blogs.hoy.es\/wp-content\/uploads\/sites\/10\/2010\/06\/The_cure_friday_im_in_love-300x300.jpg 300w\" sizes=\"(max-width: 500px) 100vw, 500px\" \/><\/a><\/p>\n<p><span style=\"color: #000000; font-size: medium;\"><strong>Los Viernes me enamoro<\/strong>. \u00bfC\u00f3mo es posible que el grupo m\u00e1s oscuro del mundo, <strong>The Cure<\/strong>, fuera capaz de crear <strong>una canci\u00f3n tan clara, cristalina y bonita<\/strong> que a la vez invitara a <strong>enamorarte<\/strong> casi desde desde la primera escucha de su estrofa? <\/span><\/p>\n<p>&nbsp;<\/p>\n<p><span style=\"color: #000000; font-size: medium;\">Y no s\u00f3lo de las m\u00e1s bellas ni\u00f1as de tu alrededor, o simplemente de las cosas bonitas o sencillas, o de la propia natulaleza de las mismas cosas. O por supuesto de los mismos Viernes como fue mi caso. <strong>Jam\u00e1s un d\u00eda de la semana fue tan importante para mi<\/strong>. Me atrever\u00eda a jurar que <strong>es el d\u00eda m\u00e1s importante para la humanidad<\/strong>. <\/span><\/p>\n<p>&nbsp;<\/p>\n<p><span style=\"color: #000000; font-size: medium;\"><strong>De tantas canciones que me gustan hay pocas que desprendan tan buen rollo y tantas emociones y sensaciones positivas<\/strong> como de la que les hablo. <strong>Es emocionante desde el primer acorde<\/strong>. Si no la conocen <strong>no se la pueden perder<\/strong>, y una vez m\u00e1s me agradecer\u00e1n los amigos de la buena m\u00fasica y mejores vibraciones el pon\u00e9rsela al descubierto.<\/span><\/p>\n<p>&nbsp;<\/p>\n<p><span style=\"color: #000000; font-size: medium;\">Desde mi \u00e9poca colegial (y tambi\u00e9n de <a title=\"Regreso al Zurbar\u00e1n\" href=\"https:\/\/blogs.hoy.es\/loch-lomond\/2012\/10\/24\/regreso-al-zurbaran\/\" target=\"_blank\">Instituto<\/a> y de Universidad) <strong>siempre he sentido una adoraci\u00f3n fascinante por los Viernes que a\u00fan no he conseguido superar<\/strong>. Me da igual que tenga mil cosas pendiente por hacer, que a\u00fan tenga que trabajar y que incluso al d\u00eda siguiente tenga que levantarme temprano. <strong>Los Viernes continuan siendo m\u00e1gicos, especiales, y nada puede hacerme estar de mal humor<\/strong>. <\/span><\/p>\n<p><span style=\"color: #000000; font-size: medium;\">Cualquier cosa o actividad at\u00edpica que ni siquiera se me pasar\u00eda por la cabeza desempe\u00f1ar cualquier d\u00eda de diario, podr\u00eda ser pasable si es Viernes, porque <strong>los Viernes inundan mi alma y alegran mi coraz\u00f3n<\/strong>. Si ustedes me conocen y quieren pedirme un favor les aconsejo desde aqu\u00ed que lo hagan un Viernes. <\/span><\/p>\n<p>&nbsp;<\/p>\n<p><span style=\"color: #000000; font-size: medium;\">\u00a1Que le vamos a hacer! <strong>Los Viernes me enamoro<\/strong>. <strong>Los Viernes vivo un poco m\u00e1s lejos de la realidad, me oculto a los problemas y solo quiero so\u00f1ar con lo mejor de las personas y de todas las cosas. <\/strong><\/span><\/p>\n<p>&nbsp;<\/p>\n<p><span style=\"color: #000000; font-size: medium;\"><a href=\"\/loch-lomond\/wp-content\/uploads\/sites\/10\/2010\/06\/robert-smith-pop-blogger.jpg\"><img loading=\"lazy\" class=\"alignleft size-full wp-image-1441\" title=\"robert smith pop blogger\" src=\"\/loch-lomond\/wp-content\/uploads\/sites\/10\/2010\/06\/robert-smith-pop-blogger.jpg\" alt=\"\" width=\"400\" height=\"400\" srcset=\"https:\/\/static-blogs.hoy.es\/wp-content\/uploads\/sites\/10\/2010\/06\/robert-smith-pop-blogger.jpg 400w, https:\/\/static-blogs.hoy.es\/wp-content\/uploads\/sites\/10\/2010\/06\/robert-smith-pop-blogger-150x150.jpg 150w, https:\/\/static-blogs.hoy.es\/wp-content\/uploads\/sites\/10\/2010\/06\/robert-smith-pop-blogger-300x300.jpg 300w\" sizes=\"(max-width: 400px) 100vw, 400px\" \/><\/a><\/span><\/p>\n<p>&nbsp;<\/p>\n<p><span style=\"color: #000000; font-size: medium;\">Espero contagiarles un poco a ustedes tambi\u00e9n, y que desde ahora los Viernes sean sus d\u00edas favoritos y los m\u00e1s m\u00e1gicos. <strong>Echando la vista atr\u00e1s es muy posible que los momentos m\u00e1s m\u00e1gicos de mi ni\u00f1ez y adolescencia<\/strong> (las \u00e9pocas m\u00e1s transcendentales para una persona) <strong>hayan transcurrido en Viernes.<\/strong><\/span><\/p>\n<p><span style=\"color: #000000; font-size: medium;\">Insisto. <strong>Los Viernes me enamoro y seguir\u00e9 enamor\u00e1ndome mientras viva<\/strong>. Muchas gracias <strong>Robert Smith<\/strong>. <\/span><\/p>\n<p>&nbsp;<\/p>\n<p><span style=\"color: #000000; font-size: medium;\">Y ustedes amigos. <strong><a title=\"FRIDAY IM IN LOVE - THE CURE\" href=\"http:\/\/www.youtube.com\/watch?v=wa2nLEhUcZ0\" target=\"_blank\">Escuchen esta canci\u00f3n<\/a><\/strong>, ver\u00e1n que preciosidad. Acomp\u00e1\u00f1enla de una buena copa de <strong>LOCH LOMOND<\/strong>, y ded\u00edquense simplemente a disfrutar de la buena m\u00fasica. <\/span><span style=\"color: #000000; font-size: medium;\"><strong>Sin lugar a dudas la mayor magia conseguida por el hombre hasta nuestros d\u00edas<\/strong>. <\/span><\/p>\n<p>&nbsp;<\/p>\n<p><span style=\"color: #000000; font-size: medium;\">Y ya saben, <strong>los Viernes dejen la cachiporra, el mal humor y los recelos en casa. Los Viernes son para vivir, para enamorarse, para ser feliz. Los Viernes me enamoro.<\/strong><\/span><\/p>\n<p>&nbsp;<\/p>\n<p>&nbsp;<\/p>\n<p>&nbsp;<\/p>\n<!-- AddThis Advanced Settings generic via filter on the_content --><!-- AddThis Share Buttons generic via filter on the_content -->","protected":false},"excerpt":{"rendered":"<p>Los Viernes me enamoro. \u00bfC\u00f3mo es posible que el grupo m\u00e1s oscuro del mundo, The Cure, fuera capaz de crear una canci\u00f3n tan clara, cristalina y bonita que a la vez invitara a enamorarte casi desde desde la primera escucha de su estrofa? &nbsp; Y no s\u00f3lo de las m\u00e1s bellas ni\u00f1as de tu alrededor, [&hellip;]<!-- AddThis Advanced Settings generic via filter on get_the_excerpt --><!-- AddThis Share Buttons generic via filter on get_the_excerpt --><\/p>\n","protected":false},"author":14,"featured_media":0,"comment_status":"open","ping_status":"closed","sticky":false,"template":"","format":"standard","meta":[],"categories":[6],"tags":[131,610,761,1013,1187,1233,1515,1552,1787,1788,1806,2177,2603,3103,3180,3236,3606,3670,4495,4648,4949,5141,5247],"_links":{"self":[{"href":"https:\/\/blogs.hoy.es\/loch-lomond\/wp-json\/wp\/v2\/posts\/25"}],"collection":[{"href":"https:\/\/blogs.hoy.es\/loch-lomond\/wp-json\/wp\/v2\/posts"}],"about":[{"href":"https:\/\/blogs.hoy.es\/loch-lomond\/wp-json\/wp\/v2\/types\/post"}],"author":[{"embeddable":true,"href":"https:\/\/blogs.hoy.es\/loch-lomond\/wp-json\/wp\/v2\/users\/14"}],"replies":[{"embeddable":true,"href":"https:\/\/blogs.hoy.es\/loch-lomond\/wp-json\/wp\/v2\/comments?post=25"}],"version-history":[{"count":0,"href":"https:\/\/blogs.hoy.es\/loch-lomond\/wp-json\/wp\/v2\/posts\/25\/revisions"}],"wp:attachment":[{"href":"https:\/\/blogs.hoy.es\/loch-lomond\/wp-json\/wp\/v2\/media?parent=25"}],"wp:term":[{"taxonomy":"category","embeddable":true,"href":"https:\/\/blogs.hoy.es\/loch-lomond\/wp-json\/wp\/v2\/categories?post=25"},{"taxonomy":"post_tag","embeddable":true,"href":"https:\/\/blogs.hoy.es\/loch-lomond\/wp-json\/wp\/v2\/tags?post=25"}],"curies":[{"name":"wp","href":"https:\/\/api.w.org\/{rel}","templated":true}]}}