{"id":251,"date":"2011-07-31T19:27:40","date_gmt":"2011-07-31T18:27:40","guid":{"rendered":"http:\/\/blogs.hoy.es\/loch-lomond\/?p=251"},"modified":"2011-07-31T19:27:40","modified_gmt":"2011-07-31T18:27:40","slug":"la-red-social","status":"publish","type":"post","link":"https:\/\/blogs.hoy.es\/loch-lomond\/2011\/07\/31\/la-red-social\/","title":{"rendered":"La Red Social"},"content":{"rendered":"<div class=\"mceTemp\" style=\"text-align: center;\"><span style=\"color: #000000;\">\u00a0<\/span><\/div>\n<p><span style=\"color: #000000;\">Enrique Falc\u00f3; &#8220;Adicto a la comunicaci\u00f3n&#8221;<\/span><\/p>\n<p><span style=\"color: #000080;\">YA les coment\u00e9 la semana pasada que desde que me emancip\u00e9 trato de sobreponerme a un s\u00edndrome de Di\u00f3genes, en lo que al papel se refiere, que arrastro desde mi m\u00e1s tierna infancia. Aquello de encontrar las viejas cartas de amigos y \u2018novietas\u2019 de mi \u00e9poca de adolescente me hizo reflexionar y pensar cu\u00e1ndo fue la \u00faltima vez que escrib\u00ed una carta de mi pu\u00f1o y letra, y lo que es m\u00e1s importante: \u00bfA qui\u00e9n iba dirigida? Si les confieso la verdad, tengo que reconocer que a pesar de mi prodigiosa memoria no lo recuerdo. Desde la aparici\u00f3n del bendito correo electr\u00f3nico (vaya invento) se acabaron por fin las pesadas cartas redactadas a mano (con mi p\u00e9sima caligraf\u00eda) y todo lo que conllevaba enviar una de ellas: los malditos sellos, la posterior visita a correos o a un buz\u00f3n, desear que la carta llegara, y llegara bien, que esa era otra, esperar la respuesta durante d\u00edas&#8230;<\/span><\/p>\n<p><span style=\"color: #000080;\">Hoy en d\u00eda toda la parafernalia de las relaciones entre las personas ha mejorado notablemente con las redes sociales, hace a\u00f1os con el Messenger, y principalmente ahora con Facebook y Twitter, pues la comunicaci\u00f3n de sus usuarios es fluida y casi instant\u00e1nea. Hace aproximadamente un a\u00f1o que mi menda dispone de cuentas en dichas redes y mentir\u00eda si no les confieso que mi vida ha cambiado y para mejor. Yo, que anta\u00f1o las aborrec\u00eda, no tuve m\u00e1s remedio que admitir mi error y rendirme ante ellas cuando comenc\u00e9 y aprend\u00ed a utilizarlas. Nadie puede poner en duda que si estas se utilizan correctamente, las redes sociales son tremendamente \u00fatiles y pr\u00e1cticas. Adem\u00e1s de recuperar el contacto con viejos amigos y facilitar nuevas relaciones, con ellas puedes promocionar cualquier arte u oficio que cultives, ya sea dando cobertura a tu blog o art\u00edculos en prensa, o a tus c\u00f3mics, a tu grupo de m\u00fasica, a tu equipo de f\u00fatbol o a tus fotograf\u00edas. Te permiten entablar contactos con personas con quienes de ninguna otra forma hubieras podido intercambiar jam\u00e1s palabra alguna, contactos a la postre que pueden venirte muy bien para tu vida y profesi\u00f3n, y con los que adem\u00e1s puedes llegar a consumar una amistad sincera y real. Y todo ello sin necesidad de mencionar que, nos guste o no, las redes sociales entretienen que es una barbaridad. Otros afirmar\u00edan por el contrario que lo que consiguen es hacernos perder el tiempo, y ah\u00ed entra de nuevo mi amigo Javi.<\/span><\/p>\n<p><a href=\"\/loch-lomond\/wp-content\/uploads\/sites\/10\/2011\/07\/la-red-social.jpg\"><img loading=\"lazy\" src=\"\/loch-lomond\/wp-content\/uploads\/sites\/10\/2011\/07\/la-red-social.jpg\" alt=\"\" width=\"300\" height=\"288\" \/><\/a><\/p>\n<blockquote>\n<div class=\"mceTemp\">\n<dl>\n<dt><\/dt>\n<dd>Facebook y Twitter consiguen que, por muy vulgares o cotidianas que sean las acciones que realices, sientas la inmediata necesidad de compartirlas con tus amigos<\/dd>\n<\/dl>\n<\/div>\n<\/blockquote>\n<p>&nbsp;<\/p>\n<p>&nbsp;<\/p>\n<p>&nbsp;<\/p>\n<p><span style=\"color: #000080;\">Mi amigo Javi, ya lo conocen, \u00edntimo m\u00edo y de la gula, como quien suscribe, siempre se cachondea del personal cuando observa que alg\u00fan tema en un muro cualquiera de Facebook acapara docenas de comentarios \u00ab\u00a1Cu\u00e1nta gente ociosa! \u00bfNo?\u00bb \u2013 pregunta travieso y con bastante mala idea\u2013. Desde hace un a\u00f1o he intentado convencerle de lo \u00fatil de las redes y siempre le insisto en que Facebook y Twitter han otorgado voz a mucha gente que tiene que decir cosas importantes e interesantes. Mi amigo Javi me contraataca con la inteligencia que le caracteriza y apuntilla \u00ab\u00bfy los que no tienen nada importante ni interesante que ofrecer, qu\u00e9 es lo que aportan?\u00bb Ante tan profunda apreciaci\u00f3n no me queda m\u00e1s que cerrar el pico rindi\u00e9ndome ante la evidencia. Como en todos lados existen quienes no encuentran m\u00e1s utilidades a las redes que colgar sus fotos de marcha o en pelotas para que las disfruten sus parejas y de paso toda la Red, o para poner canciones o mensajes vac\u00edos y sin contenidos. No pretendo enga\u00f1arles. Yo mismo siempre presumo de que empleo las redes sociales para promocionar mis tribunas de opini\u00f3n y mi blog, pero mentir\u00eda si no les confieso que tambi\u00e9n de vez en cuando las utilizo para \u00abchorraditas\u00bb varias como cualquier hijo de vecino. Anunciar que est\u00e1s medio dormido y te vas a tomar un caf\u00e9, lo que se dice aportar no aporta mucho, lo mismo que subir una foto de la tostada tan deliciosa que te est\u00e1s metiendo para el cuerpo en un descanso del tajo, pero Facebook y Twitter consiguen que por muy vulgares o cotidianas que sean las acciones que realices, sientas la inmediata necesidad de compartirlas con tus amigos. No pretendamos enga\u00f1arnos. A la mayor\u00eda nos encanta que los dem\u00e1s est\u00e9n pendientes de nosotros, muy especialmente de que sean conocedores de las cosas buenas que nos ocurren. Todo este tinglado de las redes no ha hecho sino potenciar ese aspecto tan nuestro de compartir con nuestros amigos y conocidos todo lo que nos acontece. Si el hombre por lo general es proclive a vivir en sociedad, las redes sociales han conseguido que tambi\u00e9n anhele serlo en Internet, donde se dan paradojas bastante curiosas, interesantes, e incluso absurdas, como aquello de twittear con cierta persona mientras jam\u00e1s has cruzado una palabra con ella en la calle. O m\u00e1s curioso a\u00fan, mantener una buena relaci\u00f3n por Facebook con alguien mientras que en la vida real lo detestas. Lo peligroso de estas redes es su poder adictivo, pues enganchan, ya lo creo, y m\u00e1s con la ayuda de las aplicaciones de las redes en los tel\u00e9fonos m\u00f3viles de \u00faltima generaci\u00f3n. Yo no s\u00e9 ustedes, pero si un solo d\u00eda, por las circunstancias que sean, no consigo asomarme por Facebook o Twitter\u2026 a m\u00ed me falta algo la verdad.<\/span><\/p>\n<p><span style=\"color: #000080;\">Algunos dicen que esto de las redes es una moda pasajera que se la llevar\u00e1 el viento. Es posible, pero yo espero que no, pues ellas me ayudan a llegar a m\u00e1s lectores cada d\u00eda. Me permiten conversar y escribirme con personas que a\u00fan tienen mucho que ense\u00f1arme e incluso con algunas con las que estoy retomando mi relaci\u00f3n personal de amistad, am\u00e9n de procurarme amigos nuevos, y ya saben ustedes que quien suscribe opina que los mejores amigos, son los que todav\u00eda est\u00e1n por conocer. Las redes sociales son una indudable herramienta de una practicidad a toda prueba. An\u00edmense a utilizarlas en su provecho y no me permitan que los dem\u00e1s les hablen de sus maravillas. Sea usted mismo quien lo haga, desde el perfil de su propia red social.<\/span><\/p>\n<p>&nbsp;<\/p>\n<blockquote><p><span style=\"color: #000000;\">Publicado en Diario HOY el 31\/07\/2011\u00a0 <\/span><\/p>\n<p><span style=\"color: #000080;\"><a href=\"http:\/\/www.kioskoymas.com\/epaper\/showlink.aspx?bookmarkid=B9S27S576UR&#038;preview=magnifier&#038;linkid=2880d129-ad12-4f62-85e3-c77d63c0bc03&#038;pdaffid=1NEHCXDv4QZRFanP7KJR9A%3d%3d\"><img src=\"\/\/cache2-thumb1.pressdisplay.com\/pressdisplay\/docserver\/getimage.aspx?file=22012011073100000000001001&#038;page=26&#038;scale=23\" alt=\"\" \/><\/a><\/span><\/p>\n<p>&nbsp;<\/p><\/blockquote>\n<!-- AddThis Advanced Settings generic via filter on the_content --><!-- AddThis Share Buttons generic via filter on the_content -->","protected":false},"excerpt":{"rendered":"<p>\u00a0 Enrique Falc\u00f3; &#8220;Adicto a la comunicaci\u00f3n&#8221; YA les coment\u00e9 la semana pasada que desde que me emancip\u00e9 trato de sobreponerme a un s\u00edndrome de Di\u00f3genes, en lo que al papel se refiere, que arrastro desde mi m\u00e1s tierna infancia. Aquello de encontrar las viejas cartas de amigos y \u2018novietas\u2019 de mi \u00e9poca de adolescente [&hellip;]<!-- AddThis Advanced Settings generic via filter on get_the_excerpt --><!-- AddThis Share Buttons generic via filter on get_the_excerpt --><\/p>\n","protected":false},"author":14,"featured_media":0,"comment_status":"open","ping_status":"closed","sticky":false,"template":"","format":"standard","meta":[],"categories":[8],"tags":[125,239,843,1206,1439,1515,1518,1806,1996,2496,2629,2632,2681,2841,2916,3106,3455,3891,4005,4399,4713,5084,5153],"_links":{"self":[{"href":"https:\/\/blogs.hoy.es\/loch-lomond\/wp-json\/wp\/v2\/posts\/251"}],"collection":[{"href":"https:\/\/blogs.hoy.es\/loch-lomond\/wp-json\/wp\/v2\/posts"}],"about":[{"href":"https:\/\/blogs.hoy.es\/loch-lomond\/wp-json\/wp\/v2\/types\/post"}],"author":[{"embeddable":true,"href":"https:\/\/blogs.hoy.es\/loch-lomond\/wp-json\/wp\/v2\/users\/14"}],"replies":[{"embeddable":true,"href":"https:\/\/blogs.hoy.es\/loch-lomond\/wp-json\/wp\/v2\/comments?post=251"}],"version-history":[{"count":0,"href":"https:\/\/blogs.hoy.es\/loch-lomond\/wp-json\/wp\/v2\/posts\/251\/revisions"}],"wp:attachment":[{"href":"https:\/\/blogs.hoy.es\/loch-lomond\/wp-json\/wp\/v2\/media?parent=251"}],"wp:term":[{"taxonomy":"category","embeddable":true,"href":"https:\/\/blogs.hoy.es\/loch-lomond\/wp-json\/wp\/v2\/categories?post=251"},{"taxonomy":"post_tag","embeddable":true,"href":"https:\/\/blogs.hoy.es\/loch-lomond\/wp-json\/wp\/v2\/tags?post=251"}],"curies":[{"name":"wp","href":"https:\/\/api.w.org\/{rel}","templated":true}]}}