{"id":26,"date":"2010-06-19T00:01:00","date_gmt":"2010-06-19T00:01:00","guid":{"rendered":"http:\/\/blogs.hoy.es\/loch-lomond\/?p=26"},"modified":"2010-06-19T00:01:00","modified_gmt":"2010-06-19T00:01:00","slug":"divirtamonos-vestidos","status":"publish","type":"post","link":"https:\/\/blogs.hoy.es\/loch-lomond\/2010\/06\/19\/divirtamonos-vestidos\/","title":{"rendered":"Divirt\u00e1monos vestidos"},"content":{"rendered":"<p class=\"MsoNormal\" style=\"margin: 0cm 0cm 0pt; text-align: justify;\">\n<p class=\"MsoNormal\" style=\"margin: 0cm 0cm 0pt; text-align: justify;\"><span style=\"font-size: 10pt; color: navy; font-family: Verdana; mso-bidi-font-family: Arial;\"><a href=\"http:\/\/psystyle.files.wordpress.com\/2008\/12\/homer_comiendo_helado.jpg\" rel=\"nofollow\"><img id=\"img_0\" src=\"\/\/psystyle.files.wordpress.com\/2008\/12\/homer_comiendo_helado.jpg\" alt=\"\" \/><\/a><\/span><\/p>\n<p class=\"MsoNormal\" style=\"margin: 0cm 0cm 0pt; text-align: justify;\"><span style=\"font-size: 10pt; color: navy; font-family: Verdana; mso-bidi-font-family: Arial;\">Mi amiga Erika dice que siempre que nos vemos acabamos comiendo. Y es cierto. S\u00e9 que hace algunas semanas les hablaba de mi dieta, y tambi\u00e9n de lo conveniente que es llevar una vida sana y equilibrada. Pero seamos realistas. Es muy dif\u00edcil estar continuamente priv\u00e1ndote de lo que m\u00e1s te gusta. He empezado una larga \u00e9poca de mesura y tranquilidad en las comidas, con muchas ganas y muy mentalizado, y a pesar de que ha habido un par de semanas de vacaciones de por medio donde me he desviado un pel\u00edn, puede decirse que poco a poco voy reduciendo mi peso y mejorando mis costumbres y h\u00e1bitos alimentarios. Pero bueno, de vez en cuando tengo que darme un peque\u00f1o homenaje para coger fuerzas en mi lucha contra el sobrepeso, el colesterol y las transaminasas, que no s\u00e9 lo que son pero las odio, ya que por culpa de ellas debo evitar la carne en la medida de mis posibilidades, que son grandes&#8230; mis medidas quiero decir. <\/span><\/p>\n<p class=\"MsoNormal\" style=\"margin: 0cm 0cm 0pt; text-align: justify;\">\n<p class=\"MsoNormal\" style=\"margin: 0cm 0cm 0pt; text-align: justify;\"><span style=\"font-size: 10pt; color: navy; font-family: Verdana; mso-bidi-font-family: Arial;\">Hay que darle a la vida un poquito de alegr\u00eda. No puede estar todo el d\u00eda uno celebrando lo que a modo de broma (aunque broma macabra pues en el momento no me hacen ni pu\u00f1etera gracia) yo llamo \u201ccenas tristes\u201d consistentes en moderadas cantidades de verduras acompa\u00f1adas \u00fanicamente de agua (hay veces que el aguas es con gas, y as\u00ed me enga\u00f1o y me creo que me estoy tomando alg\u00fan refresquillo). Hay que saber motivarse, darse alegr\u00edas de vez en cuando, buscar nuevas formas de est\u00edmulo. Y no se me ocurre mejor excusa que \u00e9sta para visitar los excelentes restaurantes que tenemos a nuestra disposici\u00f3n en la capital pacense.<\/span><\/p>\n<p><span style=\"font-size: 10pt; color: navy; font-family: Verdana; mso-bidi-font-family: Arial;\">A pesar de mi maltrecha situaci\u00f3n econ\u00f3mica, adivino que como la de casi todos, ahorro de donde no puedo, saco de donde no hay, me privo de lo m\u00e1s necesario y de vez en cuando me pego el caprichito de una buena cena con mi novia, a la que cari\u00f1osamente llamo \u201cjefa\u201d, aunque como bien apunta ella, eso de \u201ccari\u00f1osamente\u201d es un decir. Hace algunos meses, en el debate televisivo que particip\u00e9 sobre la obesidad y el sobrepeso (El destino no est\u00e1 carente de cierta iron\u00eda) el profesor Jos\u00e9 Enrique Campillo, uno de los contertulios, pronunci\u00f3 una frase formidable a la que a\u00fan a d\u00eda de hoy no paro de dar vueltas: \u201cComer es la cosa m\u00e1s divertida que los humanos podemos hacer vestidos\u201d \u00a1Toma ya! Estuvo inconmensurable, como la Castafiore en el Aria de las Joyas del Fausto de <span style=\"font-weight: normal; mso-bidi-font-weight: bold;\">Gounod<\/span>. Estuve a punto de aplaudir, de gritar \u00a1Am\u00e9n hermano! \u00a1Brav\u00edsimo! De levantarme para felicitarle y darle un fuerte y sincero abrazo, porque a mi personalmente la frase me lleg\u00f3 al alma. <\/span><\/p>\n<p class=\"MsoNormal\" style=\"margin: 0cm 0cm 0pt; text-align: justify;\"><img id=\"img_2\" src=\"\/\/www.extremadura.com\/turismo\/uploads\/establecimientos\/1810\/fachada_1810.jpg\" alt=\"\" \/><\/p>\n<p class=\"MsoNormal\" style=\"margin: 0cm 0cm 0pt; text-align: justify;\">\n<p class=\"MsoNormal\" style=\"margin: 0cm 0cm 0pt; text-align: justify;\"><span style=\"font-size: 10pt; color: navy; font-family: Verdana; mso-bidi-font-family: Arial;\">Espero que no sea la hora del aperitivo, porque me da en la nariz que les va a entrar algo de hambre. El otro d\u00eda est\u00e1bamos la jefa y yo cenando en el \u201cMarchivirito\u201d con nuestros amigos Javi (\u00bfRecuerdan? \u00cdntimo m\u00edo y de la gula, como quien suscribe) y su mujer Erika, quien por cierto es la que me facilita toda suerte de potingues buen\u00edsimos para ayudarme a adelgazar. El s\u00f3lo hecho de tomar estos productos consigue que adelgace\u2026 \u00a1por las narices! No amigos, no hay productos milagrosos. \u00c9stos ayudan, y bastante, pero la acci\u00f3n principal depende de uno mismo. El caso es que lo est\u00e1bamos pasando tan bien que se me ocurri\u00f3 la idea de escribir un art\u00edculo para que ustedes se animen a visitar nuestros restaurantes favoritos. Por lo tanto y para empezar, en caso de que no lo conozcan les recomiendo el anteriormente mencionado \u201cMarchivirito\u201d. \u00a1Me encanta! Situado en la Carretera de C\u00e1ceres, junto al Polideportivo \u201cLas Palmeras\u201d es de los mejores sitios para comer un buen solomillo, aunque el otro d\u00eda prob\u00e9 un at\u00fan fuera de carta que estaba para chuparse los dedos de los pies. Pepe y su equipo de excelentes camareros, (como Vasco, que es un portugu\u00e9s encantador) har\u00e1n que te sientas en tu propia casa. Me encantar\u00eda conocer el nombre de todos porque son encantadores y verdaderamente amables y serviciales, pero tiempo al tiempo.<\/span><\/p>\n<p class=\"MsoNormal\" style=\"margin: 0cm 0cm 0pt; text-align: justify;\">\n<p class=\"MsoNormal\" style=\"margin: 0cm 0cm 0pt; text-align: justify;\"><span style=\"font-size: 10pt; color: navy; font-family: Verdana; mso-bidi-font-family: Arial;\">Tampoco pueden dejar pasar la oportunidad de probar la carta de mi amigo Guillermo, del \u201cDosca 2\u201d. Yo personalmente les aconsejo el chulet\u00f3n de retinto, pero mi novia se muere por el San Jacobo relleno de jam\u00f3n serrano y torta del Casar. De todas maneras d\u00e9jense aconsejar por Guillermo o Encarni y ver\u00e1n que agradable velada pasan. <\/span><\/p>\n<p class=\"MsoNormal\" style=\"margin: 0cm 0cm 0pt; text-align: justify;\">\n<p class=\"MsoNormal\" style=\"margin: 0cm 0cm 0pt; text-align: justify;\"><span style=\"font-size: 10pt; color: navy; font-family: Verdana; mso-bidi-font-family: Arial;\">David, del restaurante \u201cEl Sigar\u201d tambi\u00e9n est\u00e1 haciendo cosas realmente extraordinarias y encuentras unos platos deliciosos, am\u00e9n de una excelente carta de vinos, donde siempre puedo degustar uno de mis favoritos, \u201cPago de los Capellanes\u201d que no es nada f\u00e1cil encontrar. Adem\u00e1s ahora con el buen tiempo se est\u00e1 estupendamente en la terraza del restaurante, donde adem\u00e1s se pueden degustar las excelentes tapas que prepara David. \u00a1Os las recomiendo sin reserva alguna!<\/span><\/p>\n<p class=\"MsoNormal\" style=\"margin: 0cm 0cm 0pt; text-align: justify;\"><img id=\"img_3\" src=\"\/\/www.hoy.es\/noticias\/200803\/08\/Media\/hierbas_d.o.jpg\" alt=\"\" \/><\/p>\n<p class=\"MsoNormal\" style=\"margin: 0cm 0cm 0pt; text-align: justify;\">\n<p class=\"MsoNormal\" style=\"margin: 0cm 0cm 0pt; text-align: justify;\"><span style=\"font-size: 10pt; color: navy; font-family: Verdana; mso-bidi-font-family: Arial;\">La Cervecer\u00eda \u201cCampa\u00f1\u00f3n\u201d tiene un encanto natural y Manolo Campa\u00f1\u00f3n y todos sus camareros son fabulosos y exquisitamente amables, no s\u00e9 por qu\u00e9 pero casi siempre me decido por las pechuguitas a la villeroy. Adem\u00e1s el otro d\u00eda me coment\u00f3 que iba a volver a traer su exquisita carne de buey, que es estupenda. <\/span><\/p>\n<p class=\"MsoNormal\" style=\"margin: 0cm 0cm 0pt; text-align: justify;\">\n<p class=\"MsoNormal\" style=\"margin: 0cm 0cm 0pt; text-align: justify;\"><span style=\"font-size: 10pt; color: navy; font-family: Verdana; mso-bidi-font-family: Arial;\">Y qu s\u00e9 yo se\u00f1ores, anda que no hay sitios en Badajoz para pasar un buen rato y disfruar de una buena comida o cena. Espero, que cuando me vean por la calle haganlo mismo que yo, recomendarme sus restaurantes favoritos para poder conocerlos y seguir disfrutando de la gran comida extreme\u00f1a que se hace en nuestra ciudad. No s\u00e9, pero me da que hoy la dieta se va a ir al cuerno. Esto de hablar de comida me ha producido \u201cgusa\u201d y como quien no quiere la cosa se me ha venido a la cabeza un chulet\u00f3n de retinto al plato caliente como los del \u201cMarchivirito\u201d con una botellita de Protos Joven (calidad precio inmejorable). \u00a1Y eso que no tengo ni un duro!<\/span><\/p>\n<p class=\"MsoNormal\" style=\"margin: 0cm 0cm 0pt; text-align: justify;\">\n<p class=\"MsoNormal\" style=\"margin: 0cm 0cm 0pt; text-align: justify;\"><span style=\"font-size: 10pt; color: navy; font-family: Verdana; mso-bidi-font-family: Arial;\">Cuando sea rico, posiblemente la gula, con diferencia uno de los mejores pecados capitales, me conduzca al Cadalso, solo espero que con las brasas que all\u00ed tienen al menos cocinen bien el chulet\u00f3n.<\/span><\/p>\n<!-- AddThis Advanced Settings generic via filter on the_content --><!-- AddThis Share Buttons generic via filter on the_content -->","protected":false},"excerpt":{"rendered":"<p>Mi amiga Erika dice que siempre que nos vemos acabamos comiendo. Y es cierto. S\u00e9 que hace algunas semanas les hablaba de mi dieta, y tambi\u00e9n de lo conveniente que es llevar una vida sana y equilibrada. Pero seamos realistas. Es muy dif\u00edcil estar continuamente priv\u00e1ndote de lo que m\u00e1s te gusta. He empezado una [&hellip;]<!-- AddThis Advanced Settings generic via filter on get_the_excerpt --><!-- AddThis Share Buttons generic via filter on get_the_excerpt --><\/p>\n","protected":false},"author":14,"featured_media":0,"comment_status":"open","ping_status":"closed","sticky":false,"template":"","format":"standard","meta":[],"categories":[2],"tags":[542,621,681,744,890,971,1082,1084,1095,1320,1451,1515,1540,1592,1713,1806,1844,2367,2582,2693,2750,3103,3325,3948,4448],"_links":{"self":[{"href":"https:\/\/blogs.hoy.es\/loch-lomond\/wp-json\/wp\/v2\/posts\/26"}],"collection":[{"href":"https:\/\/blogs.hoy.es\/loch-lomond\/wp-json\/wp\/v2\/posts"}],"about":[{"href":"https:\/\/blogs.hoy.es\/loch-lomond\/wp-json\/wp\/v2\/types\/post"}],"author":[{"embeddable":true,"href":"https:\/\/blogs.hoy.es\/loch-lomond\/wp-json\/wp\/v2\/users\/14"}],"replies":[{"embeddable":true,"href":"https:\/\/blogs.hoy.es\/loch-lomond\/wp-json\/wp\/v2\/comments?post=26"}],"version-history":[{"count":0,"href":"https:\/\/blogs.hoy.es\/loch-lomond\/wp-json\/wp\/v2\/posts\/26\/revisions"}],"wp:attachment":[{"href":"https:\/\/blogs.hoy.es\/loch-lomond\/wp-json\/wp\/v2\/media?parent=26"}],"wp:term":[{"taxonomy":"category","embeddable":true,"href":"https:\/\/blogs.hoy.es\/loch-lomond\/wp-json\/wp\/v2\/categories?post=26"},{"taxonomy":"post_tag","embeddable":true,"href":"https:\/\/blogs.hoy.es\/loch-lomond\/wp-json\/wp\/v2\/tags?post=26"}],"curies":[{"name":"wp","href":"https:\/\/api.w.org\/{rel}","templated":true}]}}