{"id":27,"date":"2010-06-20T13:10:00","date_gmt":"2010-06-20T13:10:00","guid":{"rendered":"http:\/\/blogs.hoy.es\/loch-lomond\/?p=27"},"modified":"2010-06-20T13:10:00","modified_gmt":"2010-06-20T13:10:00","slug":"general-navarro","status":"publish","type":"post","link":"https:\/\/blogs.hoy.es\/loch-lomond\/2010\/06\/20\/general-navarro\/","title":{"rendered":"GENERAL NAVARRO"},"content":{"rendered":"<p><img id=\"img_0\" src=\"\/\/www.hazteoir.org\/files\/images\/VISTAS_COLEGIO.jpg\" alt=\"\" \/><\/p>\n<p><span style=\"color: #000099;\">No os perd\u00e1is mi art\u00edculo de hoy en la Tribuna del Peri\u00f3dico HOY. Es muy emotivo. Dejo aqu\u00ed el enlace. \u00a1Que os guste!<\/span><\/p>\n<p>&nbsp;<\/p>\n<p><a href=\"http:\/\/www.hoy.es\/v\/20100620\/opinion\/general-navarro-20100620.html\" rel=\"nofollow\">http:\/\/www.hoy.es\/v\/20100620\/opinion\/general-navarro-20100620.html<\/a><\/p>\n<!-- AddThis Advanced Settings generic via filter on the_content --><!-- AddThis Share Buttons generic via filter on the_content -->","protected":false},"excerpt":{"rendered":"<p>No os perd\u00e1is mi art\u00edculo de hoy en la Tribuna del Peri\u00f3dico HOY. Es muy emotivo. Dejo aqu\u00ed el enlace. \u00a1Que os guste! &nbsp; http:\/\/www.hoy.es\/v\/20100620\/opinion\/general-navarro-20100620.html<!-- AddThis Advanced Settings generic via filter on get_the_excerpt --><!-- AddThis Share Buttons generic via filter on get_the_excerpt --><\/p>\n","protected":false},"author":14,"featured_media":0,"comment_status":"open","ping_status":"closed","sticky":false,"template":"","format":"standard","meta":[],"categories":[8],"tags":[1063,1439,1515,1806,3103,3306,5086],"_links":{"self":[{"href":"https:\/\/blogs.hoy.es\/loch-lomond\/wp-json\/wp\/v2\/posts\/27"}],"collection":[{"href":"https:\/\/blogs.hoy.es\/loch-lomond\/wp-json\/wp\/v2\/posts"}],"about":[{"href":"https:\/\/blogs.hoy.es\/loch-lomond\/wp-json\/wp\/v2\/types\/post"}],"author":[{"embeddable":true,"href":"https:\/\/blogs.hoy.es\/loch-lomond\/wp-json\/wp\/v2\/users\/14"}],"replies":[{"embeddable":true,"href":"https:\/\/blogs.hoy.es\/loch-lomond\/wp-json\/wp\/v2\/comments?post=27"}],"version-history":[{"count":0,"href":"https:\/\/blogs.hoy.es\/loch-lomond\/wp-json\/wp\/v2\/posts\/27\/revisions"}],"wp:attachment":[{"href":"https:\/\/blogs.hoy.es\/loch-lomond\/wp-json\/wp\/v2\/media?parent=27"}],"wp:term":[{"taxonomy":"category","embeddable":true,"href":"https:\/\/blogs.hoy.es\/loch-lomond\/wp-json\/wp\/v2\/categories?post=27"},{"taxonomy":"post_tag","embeddable":true,"href":"https:\/\/blogs.hoy.es\/loch-lomond\/wp-json\/wp\/v2\/tags?post=27"}],"curies":[{"name":"wp","href":"https:\/\/api.w.org\/{rel}","templated":true}]}}