{"id":28,"date":"2010-06-21T00:01:00","date_gmt":"2010-06-20T23:01:00","guid":{"rendered":"http:\/\/blogs.hoy.es\/loch-lomond\/?p=28"},"modified":"2010-06-21T00:01:00","modified_gmt":"2010-06-20T23:01:00","slug":"estan-locos-estos-romanos","status":"publish","type":"post","link":"https:\/\/blogs.hoy.es\/loch-lomond\/2010\/06\/21\/estan-locos-estos-romanos\/","title":{"rendered":"\u00a1Est\u00e1n locos estos romanos!"},"content":{"rendered":"<p class=\"MsoNormal\" style=\"margin: 0cm 0cm 0pt; text-align: justify;\"><span style=\"color: navy; font-family: Arial;\"><span style=\"font-size: small;\"><img id=\"img_0\" src=\"\/\/2.bp.blogspot.com\/_J8MdFLoFbdA\/SJBky6AUWTI\/AAAAAAAAAug\/NxxhpVr2WeQ\/s320\/intro-obelix.gif\" alt=\"\" \/><\/span><\/span><\/p>\n<p class=\"MsoNormal\" style=\"margin: 0cm 0cm 0pt; text-align: justify;\">\u00a0<\/p>\n<p class=\"MsoNormal\" style=\"margin: 0cm 0cm 0pt; text-align: justify;\"><span style=\"color: navy; font-family: Arial;\"><span style=\"font-size: small;\">Es inevitable que los domingos piense ineludiblemente que al d\u00eda siguiente, el lunes, vuelta al redil, como est\u00e1 mandado. Atr\u00e1s queda la diversi\u00f3n y el Loch Lomond consumido con deleite durante el fin semana. Esta tarde, leyendo, o mejor dicho, releyendo una vez m\u00e1s cualquiera de los c\u00f3mic de Asterix me ha venido a la cabeza la imagen de mi compa\u00f1ero y amigo \u201cel gallardas\u201d<\/span><\/span><\/p>\n<p class=\"MsoNormal\" style=\"margin: 0cm 0cm 0pt; text-align: justify;\">\u00a0<\/p>\n<p class=\"MsoNormal\" style=\"margin: 0cm 0cm 0pt; text-align: justify;\"><span style=\"color: navy; font-family: Arial;\"><span style=\"font-size: small;\">Mi amigo el \u201cgallardas\u201d (evidentemente no se llama as\u00ed) es de M\u00e9rida. Naci\u00f3, creci\u00f3 y vivi\u00f3 all\u00ed sus mejores a\u00f1os. Y quiere su tierra con locura. Para nosotros, sus compa\u00f1eros de tajo, es el \u201cRomano\u201d o el \u201cPecholata\u201d, como nos gusta llamar a los de M\u00e9rida aqu\u00ed en Badajoz. Por supuesto todo en plan de broma, de sano cachondeo vaya, pues es un t\u00edo s\u00faper simp\u00e1tico, y nos llevamos divinamente. Aunque hay veces que lo de referirnos a \u00e9l en tono tan jocoso se lo tiene merecido, porque es que se pasa tres pueblos. Que resulta que se lo ha cre\u00eddo, oiga, como muchos de sus paisanos. Que presume que \u00e9l es de \u201cla capital\u201d nada menos. Que nos mira por encima del hombro como el se\u00f1orito de Madrid miraba entonces a los pobres estudiantes de provincias. Qu\u00e9 te dice tan tranquilo que le da mucha \u201ccosica\u201d salir de la capital y tener que venir al pueblo para trabajar. \u00a1Y eso s\u00ed que no! \u00a1Vamos! \u00a1Hasta ah\u00ed pod\u00edamos llegar! <\/span><\/span><\/p>\n<p class=\"MsoNormal\" style=\"margin: 0cm 0cm 0pt; text-align: justify;\">\u00a0<\/p>\n<p class=\"MsoNormal\" style=\"margin: 0cm 0cm 0pt; text-align: justify;\"><span style=\"color: navy; font-family: Arial;\"><span style=\"font-size: small;\">Mi menda sigue sin comprender como es posible que M\u00e9rida sea la Capital de Extremadura, existiendo dos ciudades mucho m\u00e1s grandes como son Badajoz (sobre todo) y la bella C\u00e1ceres, de la que tambi\u00e9n estoy enamorado. A\u00fan as\u00ed no me parece mal. Por su situaci\u00f3n geogr\u00e1fica\u2026 pues no s\u00e9, pero desde luego por lo que representa para Extremadura gracias al estado y conservaci\u00f3n de sus ruinas romanas desde luego. <\/span><\/span><\/p>\n<p class=\"MsoNormal\" style=\"margin: 0cm 0cm 0pt; text-align: justify;\"><img id=\"img_1\" src=\"\/\/valentin-corpus.blogspot.es\/img\/TeatroMerida.jpeg\" alt=\"\" \/><\/p>\n<p class=\"MsoNormal\" style=\"margin: 0cm 0cm 0pt; text-align: justify;\"><span style=\"color: navy; font-family: Arial;\"><span style=\"font-size: small;\">A mi me encanta M\u00e9rida. Como a casi todo el mundo. No conozco a ning\u00fan pacense que no presuma de ella cuando sale de Extremadura. Sin embargo, una vez de vuelta a Badajoz sigue siendo tan bella ciudad motivo de mofa y befa a la primera ocasi\u00f3n. A ver si aprendemos de una vez, que todos somos extreme\u00f1os, y que ni pueblo, ni capital, ni mangurrinos, ni gitanos, ni romanos ni cristo que los fund\u00f3. \u00a1Extremadura y punto! Y a presumir de ella. Y a mi querido \u201cgallardas\u201d desde aqu\u00ed le digo que se relaje, pues a ver si va a tener raz\u00f3n mi buen Ob\u00e9lix, con aquello de \u201c\u00a1est\u00e1n locos estos romanos!\u201d<\/span><\/span><\/p>\n<!-- AddThis Advanced Settings generic via filter on the_content --><!-- AddThis Share Buttons generic via filter on the_content -->","protected":false},"excerpt":{"rendered":"<p>\u00a0 Es inevitable que los domingos piense ineludiblemente que al d\u00eda siguiente, el lunes, vuelta al redil, como est\u00e1 mandado. Atr\u00e1s queda la diversi\u00f3n y el Loch Lomond consumido con deleite durante el fin semana. Esta tarde, leyendo, o mejor dicho, releyendo una vez m\u00e1s cualquiera de los c\u00f3mic de Asterix me ha venido a [&hellip;]<!-- AddThis Advanced Settings generic via filter on get_the_excerpt --><!-- AddThis Share Buttons generic via filter on get_the_excerpt --><\/p>\n","protected":false},"author":14,"featured_media":0,"comment_status":"open","ping_status":"closed","sticky":false,"template":"","format":"standard","meta":[],"categories":[5],"tags":[437,673,781,1008,1104,1515,1644,1806,1912,1985,3103,3444,3751,3949,4279,4514,4515],"_links":{"self":[{"href":"https:\/\/blogs.hoy.es\/loch-lomond\/wp-json\/wp\/v2\/posts\/28"}],"collection":[{"href":"https:\/\/blogs.hoy.es\/loch-lomond\/wp-json\/wp\/v2\/posts"}],"about":[{"href":"https:\/\/blogs.hoy.es\/loch-lomond\/wp-json\/wp\/v2\/types\/post"}],"author":[{"embeddable":true,"href":"https:\/\/blogs.hoy.es\/loch-lomond\/wp-json\/wp\/v2\/users\/14"}],"replies":[{"embeddable":true,"href":"https:\/\/blogs.hoy.es\/loch-lomond\/wp-json\/wp\/v2\/comments?post=28"}],"version-history":[{"count":0,"href":"https:\/\/blogs.hoy.es\/loch-lomond\/wp-json\/wp\/v2\/posts\/28\/revisions"}],"wp:attachment":[{"href":"https:\/\/blogs.hoy.es\/loch-lomond\/wp-json\/wp\/v2\/media?parent=28"}],"wp:term":[{"taxonomy":"category","embeddable":true,"href":"https:\/\/blogs.hoy.es\/loch-lomond\/wp-json\/wp\/v2\/categories?post=28"},{"taxonomy":"post_tag","embeddable":true,"href":"https:\/\/blogs.hoy.es\/loch-lomond\/wp-json\/wp\/v2\/tags?post=28"}],"curies":[{"name":"wp","href":"https:\/\/api.w.org\/{rel}","templated":true}]}}