{"id":283,"date":"2011-08-09T14:35:59","date_gmt":"2011-08-09T13:35:59","guid":{"rendered":"http:\/\/blogs.hoy.es\/loch-lomond\/?p=283"},"modified":"2011-08-09T14:35:59","modified_gmt":"2011-08-09T13:35:59","slug":"de-vuelta-al-redil","status":"publish","type":"post","link":"https:\/\/blogs.hoy.es\/loch-lomond\/2011\/08\/09\/de-vuelta-al-redil\/","title":{"rendered":"De vuelta al redil"},"content":{"rendered":"<p><img loading=\"lazy\" class=\"alignnone\" src=\"\/\/newsliteimgs.s3.amazonaws.com\/100325_simpsons.jpg\" alt=\"\" width=\"300\" height=\"300\" \/><\/p>\n<p><span style=\"color: #000080\">Sin duda, el escritor y fil\u00f3sofo Baltasar Graci\u00e1n es una de las grandes plumas que ha tenido el honor de albergar nuestro pa\u00eds. De tan insigne pensador provienen conocidas m\u00e1ximas como su famosa \u201clo bueno si breve dos veces bueno\u201d. Quiz\u00e1s yo no dir\u00eda tanto, pero es cierto que uno no puede acostumbrarse a lo bueno en exceso, por la sencilla raz\u00f3n que la rutina resta de todo atractivo cualquier acci\u00f3n que desarrollamos los seres humanos. Algunos de los placeres que destacan en mi particular top del ocio, como pueden ser viajar, salir a comer o cenar a mis restaurantes favoritos, ir al cine o a un concierto, necesariamente han de desarrollarse de manera espor\u00e1dica, pues hacerlo a diario, y eso a pesar de que me lo pudiera permitir, conseguir\u00eda que todo lo que me divierte formara parte de mi vida cotidiana, como el trabajo, dormir o incluso respirar.<\/span><\/p>\n<p><span style=\"color: #000080\">Las vacaciones son necesarias, y en ellas es indispensable desconectar y cambiar de aires en la medida de las posibilidades de cada uno, en ellas podemos y debemos permitirnos alguna licencia, pero sin olvidarnos que no son m\u00e1s que un par\u00e9ntesis en nuestra cotidianidad.<\/span><\/p>\n<p><span style=\"color: #000080\"><img loading=\"lazy\" class=\"alignnone\" src=\"\/\/2.bp.blogspot.com\/__gZ7t2xXFZg\/TSCpQlF0hmI\/AAAAAAAAABs\/PQ4ZApyCyRU\/s320\/Homer-trabajando-imagen.jpg\" alt=\"\" width=\"320\" height=\"240\" \/><\/span><\/p>\n<p>&nbsp;<\/p>\n<p><span style=\"color: #000080\">Quien suscribe termina hoy sus vacaciones como las \u00faltimas, con la sensaci\u00f3n de que han volado y podr\u00eda haberlas aprovechado m\u00e1s. Pero no, ya he cargado bien las pilas y me encuentro con fuerzas suficientes para volver a trabajar hasta las siguientes. Lo bueno si breve, dos veces bueno, o al menos si no excesivamente largo. De alguna manera tendr\u00e9 que quitarme los kilos de m\u00e1s. Los primeros d\u00edas son los m\u00e1s dif\u00edciles, pero les prometo que no volver\u00e9 a tomar alegremente LOCH LOMOND hasta que las aguas vuelvan a su cauce. Ya se lo beben ustedes por m\u00ed, pues ya saben que nunca falta una botella del m\u00e1s dorado y exquisito de los licores con las que obsequiarles cada vez que se pasan por aqu\u00ed. Hoy, como siempre, a su salud, a la de los que terminan sus vacaciones para animarles a reemprender su vida cotidiana y a los que las disfrutan desde hoy, para que lo pasen estupendamente y las acaben tan felices como las empezaron.<\/span><\/p>\n<!-- AddThis Advanced Settings generic via filter on the_content --><!-- AddThis Share Buttons generic via filter on the_content -->","protected":false},"excerpt":{"rendered":"<p>Sin duda, el escritor y fil\u00f3sofo Baltasar Graci\u00e1n es una de las grandes plumas que ha tenido el honor de albergar nuestro pa\u00eds. De tan insigne pensador provienen conocidas m\u00e1ximas como su famosa \u201clo bueno si breve dos veces bueno\u201d. Quiz\u00e1s yo no dir\u00eda tanto, pero es cierto que uno no puede acostumbrarse a lo [&hellip;]<!-- AddThis Advanced Settings generic via filter on get_the_excerpt --><!-- AddThis Share Buttons generic via filter on get_the_excerpt --><\/p>\n","protected":false},"author":14,"featured_media":0,"comment_status":"open","ping_status":"closed","sticky":false,"template":"","format":"standard","meta":[],"categories":[2],"tags":[461,734,992,1131,1214,1328,1390,1515,1806,1899,3090,3103,3766,4400,4446,5156,5217,5232],"_links":{"self":[{"href":"https:\/\/blogs.hoy.es\/loch-lomond\/wp-json\/wp\/v2\/posts\/283"}],"collection":[{"href":"https:\/\/blogs.hoy.es\/loch-lomond\/wp-json\/wp\/v2\/posts"}],"about":[{"href":"https:\/\/blogs.hoy.es\/loch-lomond\/wp-json\/wp\/v2\/types\/post"}],"author":[{"embeddable":true,"href":"https:\/\/blogs.hoy.es\/loch-lomond\/wp-json\/wp\/v2\/users\/14"}],"replies":[{"embeddable":true,"href":"https:\/\/blogs.hoy.es\/loch-lomond\/wp-json\/wp\/v2\/comments?post=283"}],"version-history":[{"count":0,"href":"https:\/\/blogs.hoy.es\/loch-lomond\/wp-json\/wp\/v2\/posts\/283\/revisions"}],"wp:attachment":[{"href":"https:\/\/blogs.hoy.es\/loch-lomond\/wp-json\/wp\/v2\/media?parent=283"}],"wp:term":[{"taxonomy":"category","embeddable":true,"href":"https:\/\/blogs.hoy.es\/loch-lomond\/wp-json\/wp\/v2\/categories?post=283"},{"taxonomy":"post_tag","embeddable":true,"href":"https:\/\/blogs.hoy.es\/loch-lomond\/wp-json\/wp\/v2\/tags?post=283"}],"curies":[{"name":"wp","href":"https:\/\/api.w.org\/{rel}","templated":true}]}}