{"id":292,"date":"2011-08-11T12:28:53","date_gmt":"2011-08-11T11:28:53","guid":{"rendered":"http:\/\/blogs.hoy.es\/loch-lomond\/?p=292"},"modified":"2011-08-11T12:28:53","modified_gmt":"2011-08-11T11:28:53","slug":"twitter","status":"publish","type":"post","link":"https:\/\/blogs.hoy.es\/loch-lomond\/2011\/08\/11\/twitter\/","title":{"rendered":"TWITTER"},"content":{"rendered":"<p>&nbsp;<\/p>\n<p><span style=\"color: #000080\"><img loading=\"lazy\" class=\"alignnone\" src=\"\/\/www.fcruzbello.es\/wp-content\/uploads\/twitter-logo3.png\" alt=\"\" width=\"367\" height=\"367\" \/><\/span><\/p>\n<p><span style=\"color: #000080\">Hoy hace un a\u00f1o que mi cu\u00f1ado Jes\u00fas, al que cari\u00f1osamente llamo \u201cpruden\u201d para diferenciarlo del <a title=\"Los Cu\u00f1apas\" href=\"https:\/\/blogs.hoy.es\/loch-lomond\/2011\/03\/24\/los-cunapas\/\" target=\"_blank\">\u201ccu\u00f1apa\u201d <\/a>me insisti\u00f3 para que abriera una cuenta en TWITTER. Y es que el bueno de \u201cpruden\u201d que tiene una empresa en Sevilla, <a title=\"FABULARIO\" href=\"http:\/\/fabulario.com\/\" target=\"_blank\">Fabulario<\/a>, que se dedica al dise\u00f1o gr\u00e1fico, siempre est\u00e1 a la \u00faltima en cuanto a tendencias en Internet. Yo me hallaba encantado con mi reci\u00e9n abierta cuenta de <a title=\"Me he hecho un Facebook\" href=\"https:\/\/blogs.hoy.es\/loch-lomond\/2010\/07\/13\/me-he-hecho-facebook\/\" target=\"_blank\">Facebook<\/a> pero \u00e9l insist\u00eda en que TWITTER era mucho m\u00e1s apropiado para lo que yo pretend\u00eda, que no era otra cosa que promocionar mi blog y mis art\u00edculos.<\/span><\/p>\n<p><span style=\"color: #000080\">\u201cEsto es un rollo\u201d le inquir\u00eda mi menda a \u201cPruden\u201d (que por cierto me ha regalado nada menos que \u201cLas aventuras del buen soldado Svejk\u201d de Jaroslav Hasek) \u201cno me sigue nadie y no me entero muy bien de qu\u00e9 va la cosa\u201d. \u201cPaciencia\u201d me dec\u00eda \u201ctienes que empezar a seguir gente y en breve tendr\u00e1s tus seguidores y la cosas se pondr\u00e1 m\u00e1s interesante\u201d.<\/span><\/p>\n<p><span style=\"color: #000080\">As\u00ed ha sido, hasta el punto que considero a TWITTER como una herramienta m\u00e1s apropiada para periodistas, blogueros,\u00a0pol\u00edticos o cantantes por ejemplo que el propio Facebook. Ayer mismo convenc\u00ed a mi amigo <a title=\"El poeta\" href=\"https:\/\/blogs.hoy.es\/loch-lomond\/2011\/03\/27\/placeres-sencillos\/\" target=\"_blank\">\u201cel poeta\u201d<\/a> para que se abriera una cuenta, y a pesar de sus reticencias seguro que me da la raz\u00f3n en unos d\u00edas como yo hice con \u201cpruden\u201d.<\/span><\/p>\n<p><span style=\"color: #000080\"><img loading=\"lazy\" class=\"alignnone\" src=\"\/\/blogs.lainformacion.com\/twitter-blog\/files\/2011\/07\/S%C3%ADgueme.jpg\" alt=\"\" width=\"500\" height=\"371\" \/><\/span><\/p>\n<p><span style=\"color: #000080\">Les animo a todos ustedes a apuntarse a la experiencia de TWITTER, y a que sean pacientes, y no hagan como un n\u00famero muy alto de usuarios que abren una cuenta y la abandonan a los pocos d\u00edas. Para empezar pueden hacerse seguidor de mi menda, cuyo nombre de usuario en TWITTER\u00a0 es @FalcoLochLomond y les aseguro que si me dicen que se han abierto una cuenta a ra\u00edz de este post, con toda la paciencia del mundo les guiar\u00e9 por tan fascinante Universo, y les recomendar\u00e9 algunas cuentas interesantes, as\u00ed como recomendarles a mis amigos. TWITTER est\u00e1 adquiriendo una relevancia en nuestros d\u00edas que ustedes no deben perderse, an\u00edmense y ma\u00f1ana viernes ya les estar\u00e9 enviando sus primeros #FF. \u00bfQue qu\u00e9 es eso? Lo sabr\u00e1n cuando se abran su cuenta TWITTER.<\/span><\/p>\n<p>&nbsp;<\/p>\n<!-- AddThis Advanced Settings generic via filter on the_content --><!-- AddThis Share Buttons generic via filter on the_content -->","protected":false},"excerpt":{"rendered":"<p>&nbsp; Hoy hace un a\u00f1o que mi cu\u00f1ado Jes\u00fas, al que cari\u00f1osamente llamo \u201cpruden\u201d para diferenciarlo del \u201ccu\u00f1apa\u201d me insisti\u00f3 para que abriera una cuenta en TWITTER. Y es que el bueno de \u201cpruden\u201d que tiene una empresa en Sevilla, Fabulario, que se dedica al dise\u00f1o gr\u00e1fico, siempre est\u00e1 a la \u00faltima en cuanto a [&hellip;]<!-- AddThis Advanced Settings generic via filter on get_the_excerpt --><!-- AddThis Share Buttons generic via filter on get_the_excerpt --><\/p>\n","protected":false},"author":14,"featured_media":0,"comment_status":"open","ping_status":"closed","sticky":false,"template":"","format":"standard","meta":[],"categories":[2],"tags":[62,352,578,583,777,1268,1289,1483,1515,1698,1806,1995,1996,2086,2416,2629,2673,2958,4011,4126,4272,4399,4615,5118,5153],"_links":{"self":[{"href":"https:\/\/blogs.hoy.es\/loch-lomond\/wp-json\/wp\/v2\/posts\/292"}],"collection":[{"href":"https:\/\/blogs.hoy.es\/loch-lomond\/wp-json\/wp\/v2\/posts"}],"about":[{"href":"https:\/\/blogs.hoy.es\/loch-lomond\/wp-json\/wp\/v2\/types\/post"}],"author":[{"embeddable":true,"href":"https:\/\/blogs.hoy.es\/loch-lomond\/wp-json\/wp\/v2\/users\/14"}],"replies":[{"embeddable":true,"href":"https:\/\/blogs.hoy.es\/loch-lomond\/wp-json\/wp\/v2\/comments?post=292"}],"version-history":[{"count":0,"href":"https:\/\/blogs.hoy.es\/loch-lomond\/wp-json\/wp\/v2\/posts\/292\/revisions"}],"wp:attachment":[{"href":"https:\/\/blogs.hoy.es\/loch-lomond\/wp-json\/wp\/v2\/media?parent=292"}],"wp:term":[{"taxonomy":"category","embeddable":true,"href":"https:\/\/blogs.hoy.es\/loch-lomond\/wp-json\/wp\/v2\/categories?post=292"},{"taxonomy":"post_tag","embeddable":true,"href":"https:\/\/blogs.hoy.es\/loch-lomond\/wp-json\/wp\/v2\/tags?post=292"}],"curies":[{"name":"wp","href":"https:\/\/api.w.org\/{rel}","templated":true}]}}