{"id":294,"date":"2011-08-14T22:23:19","date_gmt":"2011-08-14T21:23:19","guid":{"rendered":"http:\/\/blogs.hoy.es\/loch-lomond\/?p=294"},"modified":"2011-08-14T22:23:19","modified_gmt":"2011-08-14T21:23:19","slug":"dragones-y-mazmorras","status":"publish","type":"post","link":"https:\/\/blogs.hoy.es\/loch-lomond\/2011\/08\/14\/dragones-y-mazmorras\/","title":{"rendered":"Dragones y Mazmorras"},"content":{"rendered":"<p>Por Enrique Falc\u00f3. Joven prudente<\/p>\n<p><span style=\"color: #000080;\">NO he dejado de darle vueltas esta semana a lo acontecido en la peque\u00f1a localidad de Villaca\u00f1as, a pocos kil\u00f3metros de Toledo. Un accidente en una atracci\u00f3n de feria acab\u00f3 con la vida de tres j\u00f3venes. En seguida me vinieron a la cabeza recientes desgracias acaecidas en otras ferias o parques de atracciones, como las del pasado a\u00f1o en el Tibidabo o Isla M\u00e1gica. La verdad es que si uno se documenta comprobar\u00e1 que este tipo de atracciones son muy seguras, pues a pesar de las numeros\u00edsimas ferias y parques de atracciones que existen es un hecho raro y fuera de lo corriente que se produzcan desgracias de este tipo. Es un s\u00edmil a viajar en avi\u00f3n. Todos sabemos que es el medio de transporte m\u00e1s seguro, pues me atrever\u00eda a afirmar que existen cientos de miles de vuelos a diario, y muy raramente nos encontramos con alg\u00fan accidente de vez en cuando. Eso s\u00ed, cuando se producen son terribles. De ah\u00ed que respete el miedo o temor de los m\u00e1s reacios a volar, y por supuesto a montarse en las atracciones de feria.<\/span><\/p>\n<p>&nbsp;<\/p>\n<p><span style=\"color: #000080;\">Mi menda nunca ha tenido complejos, para qu\u00e9 nos vamos a enga\u00f1ar, y de la misma manera que nunca he mostrado miedo al avi\u00f3n s\u00ed es verdad que algunas atracciones de la feria me imponen cierto respeto. Cuando de peque\u00f1o acud\u00eda a la feria con mis padres, estos nunca ten\u00edan que prohibirme montarme en atracci\u00f3n alguna, porque ya me encargaba yo que mi cuerpo serrano no corriera peligro en ning\u00fan momento. Para que se hagan una idea, era un experto en no chocar en los coches de choque, con eso se lo digo todo. Cuando observaba como alguna de mis hermanas m\u00e1s mayores montaban en \u2018el gusano loco\u2019 o en \u2018el canguro\u2019 a m\u00ed se me ca\u00edan los palos del sombrajo. Un servidor prefer\u00eda re\u00edrse en \u2018la c\u00e1mara de los espejos\u2019 o intentar hallar la salida en \u2018el laberinto de cristal\u2019. (Aunque no crean, ten\u00eda su cosa; una vez no fuimos capaces de salir, una ni\u00f1a se puso a llorar del agobio y tuvo que entrar el feriante a sacarnos). Ni siquiera me hac\u00eda gracia la inocente atracci\u00f3n aquella en la que la bruja de turno te daba indoloros escobazos en la cabeza.<\/span><\/p>\n<p><span style=\"color: #000080;\">Como cualquiera de ustedes, tambi\u00e9n he tenido 15 a\u00f1os, la edad del pavo que la llaman, y de la verg\u00fcenza ajena. Nunca se me olvidar\u00e1 que fue a esa edad la \u00fanica vez en mi vida que mont\u00e9 en el \u2018Enterprise\u2019 por aquello de no quedar como un ni\u00f1ato acongojado. (Lo que era hasta ese momento). \u00a1Madre de mis entretelas! \u00a1Qu\u00e9 experiencia tan horrible! \u00a1Si no me hice mis necesidades encima fue porque estaba demasiado preocupado en agarrarme a donde fuera! Me consolaba el hecho de pensar que si el artefacto que giraba a toda casta\u00f1a se soltaba y nos d\u00e1bamos el gran pepinazo seguramente, y a la velocidad que \u00edbamos, llegar\u00edamos sin problema hasta el hospital o como poco a los aleda\u00f1os.<\/span><\/p>\n<p><span style=\"color: #000080;\">Poco a poco le fui perdiendo el miedo a las atracciones (nunca el respeto) y hasta los 18 a\u00f1os o as\u00ed me dejaba caer por alguna que otra, pero sin \u00e1nimo de faltar a la verdad mi adolescencia y mis primeros a\u00f1os de veintena en la feria los he pasado en el botell\u00f3n y en las casetas, lejos de las atracciones, y ya en los \u00faltimos a\u00f1os en los puestos de cari\u00f1ena con barquillos. Ustedes ya me entienden.<\/span><\/p>\n<p><span style=\"color: #000080;\"><a href=\"\/loch-lomond\/wp-content\/uploads\/sites\/10\/2011\/08\/dragonesymazmorras.jpg\"><img loading=\"lazy\" class=\"alignnone size-medium wp-image-295\" src=\"\/loch-lomond\/wp-content\/uploads\/sites\/10\/2011\/08\/dragonesymazmorras.jpg\" alt=\"\" width=\"300\" height=\"167\" srcset=\"https:\/\/static-blogs.hoy.es\/wp-content\/uploads\/sites\/10\/2011\/08\/dragonesymazmorras.jpg 599w, https:\/\/static-blogs.hoy.es\/wp-content\/uploads\/sites\/10\/2011\/08\/dragonesymazmorras-300x168.jpg 300w\" sizes=\"(max-width: 300px) 100vw, 300px\" \/><\/a><\/span><\/p>\n<p>&nbsp;<\/p>\n<h2>De la misma manera que nunca he mostrado miedo<br \/>\nal avi\u00f3n, s\u00ed es verdad que algunas atracciones de la feria me imponen<br \/>\ncierto respeto<\/h2>\n<p>&nbsp;<\/p>\n<p>&nbsp;<\/p>\n<p><span style=\"color: #000080;\">Quiz\u00e1s todos estos miedos sean consecuencia de ser muy prudente o desconfiado, o un poco cobarde y cagueta, para qu\u00e9 nos vamos a enga\u00f1ar a estas alturas, pero seguramente la principal culpable de esta especie de trauma con las atracciones sea una serie de dibujos animados buen\u00edsima que pon\u00edan cuando era peque\u00f1o. \u2018Dragones y mazmorras\u2019. Una pandilla de amigos se dispone a pasar un divertido domingo en el parque de atracciones y \u00a1hala!, sin comerlo ni beberlo de visita a un mundo fant\u00e1stico lleno de seres extra\u00f1os, que rezaba la canci\u00f3n. Como serie de dibujos, ya les digo, era maravillosa, y a m\u00ed me volv\u00eda loco. A\u00fan debo de tener el \u00e1lbum completo de la colecci\u00f3n. En el colegio jug\u00e1bamos a \u2018Dragones y mazmorras\u2019 en el recreo y los domingos, despu\u00e9s de comer, esperaba con los ojos como platos una nueva aventura de mis h\u00e9roes favoritos. Pero uno no dejaba de pensar en el fondo: Vaya faena, todo el d\u00eda vagando por un universo desconocido, rodeado de monstruos malvados que quieren comerte vivo y a cambio el Amo del Calabozo te da dos armas de mierda en vez de mandarte a casa por aquello de no romper el equilibrio entre el bien y el mal. El Amo del Calabozo era un capullo integral y un gilipollas, pero debo de agradecerle que seguramente gracias a su recuerdo nunca me ver\u00e9 envuelto en un desgraciado accidente en un parque de atracciones. A pesar de mis a\u00f1os, soy incapaz de mirar una atracci\u00f3n de feria sin dejar de pensar que a lo peor el Amo del Calabozo y su pu\u00f1etera madre est\u00e1n dispuestos a tocarme un poco los guindos. Y no est\u00e1 uno ya para dar pase\u00edtos por otro universo, aunque sea fant\u00e1stico de la muerte.<\/span><\/p>\n<p>Publicado en Diario HOY el 14\/08\/2011<\/p>\n<p><a href=\"http:\/\/www.kioskoymas.com\/epaper\/showlink.aspx?bookmarkid=EYC8AQB0LC53&#038;preview=magnifier&#038;linkid=45c58ac2-d8e6-4a95-9467-1b1b40eeb97d&#038;pdaffid=1NEHCXDv4QZRFanP7KJR9A%3d%3d\"><img src=\"\/\/cache2-thumb1.pressdisplay.com\/pressdisplay\/docserver\/getimage.aspx?file=22012011081400000000001001&#038;page=24&#038;scale=23\" alt=\"\" \/><\/a><\/p>\n<p>&nbsp;<\/p>\n<!-- AddThis Advanced Settings generic via filter on the_content --><!-- AddThis Share Buttons generic via filter on the_content -->","protected":false},"excerpt":{"rendered":"<p>Por Enrique Falc\u00f3. Joven prudente NO he dejado de darle vueltas esta semana a lo acontecido en la peque\u00f1a localidad de Villaca\u00f1as, a pocos kil\u00f3metros de Toledo. Un accidente en una atracci\u00f3n de feria acab\u00f3 con la vida de tres j\u00f3venes. En seguida me vinieron a la cabeza recientes desgracias acaecidas en otras ferias o [&hellip;]<!-- AddThis Advanced Settings generic via filter on get_the_excerpt --><!-- AddThis Share Buttons generic via filter on get_the_excerpt --><\/p>\n","protected":false},"author":14,"featured_media":0,"comment_status":"open","ping_status":"closed","sticky":false,"template":"","format":"standard","meta":[],"categories":[8],"tags":[93,388,417,787,1038,1439,1515,1546,1591,1806,1819,2064,2283,3103,3469,3909,5086],"_links":{"self":[{"href":"https:\/\/blogs.hoy.es\/loch-lomond\/wp-json\/wp\/v2\/posts\/294"}],"collection":[{"href":"https:\/\/blogs.hoy.es\/loch-lomond\/wp-json\/wp\/v2\/posts"}],"about":[{"href":"https:\/\/blogs.hoy.es\/loch-lomond\/wp-json\/wp\/v2\/types\/post"}],"author":[{"embeddable":true,"href":"https:\/\/blogs.hoy.es\/loch-lomond\/wp-json\/wp\/v2\/users\/14"}],"replies":[{"embeddable":true,"href":"https:\/\/blogs.hoy.es\/loch-lomond\/wp-json\/wp\/v2\/comments?post=294"}],"version-history":[{"count":0,"href":"https:\/\/blogs.hoy.es\/loch-lomond\/wp-json\/wp\/v2\/posts\/294\/revisions"}],"wp:attachment":[{"href":"https:\/\/blogs.hoy.es\/loch-lomond\/wp-json\/wp\/v2\/media?parent=294"}],"wp:term":[{"taxonomy":"category","embeddable":true,"href":"https:\/\/blogs.hoy.es\/loch-lomond\/wp-json\/wp\/v2\/categories?post=294"},{"taxonomy":"post_tag","embeddable":true,"href":"https:\/\/blogs.hoy.es\/loch-lomond\/wp-json\/wp\/v2\/tags?post=294"}],"curies":[{"name":"wp","href":"https:\/\/api.w.org\/{rel}","templated":true}]}}