{"id":30,"date":"2010-06-23T03:15:00","date_gmt":"2010-06-23T02:15:00","guid":{"rendered":"http:\/\/blogs.hoy.es\/loch-lomond\/?p=30"},"modified":"2010-06-23T03:15:00","modified_gmt":"2010-06-23T02:15:00","slug":"nubes-negras","status":"publish","type":"post","link":"https:\/\/blogs.hoy.es\/loch-lomond\/2010\/06\/23\/nubes-negras\/","title":{"rendered":"\u00a1NUBES NEGRAS!"},"content":{"rendered":"<p class=MsoNormal style=\"MARGIN: 0cm 0cm 0pt; TEXT-ALIGN: justify\"><span style=\"FONT-SIZE: 10pt; COLOR: navy; FONT-FAMILY: Verdana; mso-bidi-font-family: Arial\"><\/span><\/p>\n<p class=MsoNormal style=\"MARGIN: 0cm 0cm 0pt; TEXT-ALIGN: justify\"><img id=img_2 src=\"\/\/2.bp.blogspot.com\/_7PObS2g4_FQ\/S7fC4In446I\/AAAAAAAAD_Y\/YjgoGzwXCZQ\/s1600\/NI%C3%91OS+FUMANDO+2.jpg\"\/>\n <\/p>\n<p class=MsoNormal style=\"MARGIN: 0cm 0cm 0pt; TEXT-ALIGN: justify\"><span style=\"FONT-SIZE: 10pt; COLOR: navy; FONT-FAMILY: Verdana; mso-bidi-font-family: Arial\"><\/span><\/p>\n<p><span style=\"FONT-SIZE: 10pt; COLOR: navy; FONT-FAMILY: Verdana; mso-bidi-font-family: Arial\"><\/span><\/p>\n<p class=MsoNormal style=\"MARGIN: 0cm 0cm 0pt; TEXT-ALIGN: justify\">\n<p class=MsoNormal style=\"MARGIN: 0cm 0cm 0pt; TEXT-ALIGN: justify\"><span style=\"FONT-SIZE: 10pt; COLOR: navy; FONT-FAMILY: Verdana; mso-bidi-font-family: Arial\"><\/span><\/p>\n<p class=MsoNormal style=\"MARGIN: 0cm 0cm 0pt; TEXT-ALIGN: justify\"><span style=\"FONT-SIZE: 10pt; COLOR: navy; FONT-FAMILY: Verdana; mso-bidi-font-family: Arial\">Pocos temas pueden competir a d\u00eda de hoy a modo de debate popular con el F\u00fatbol, Religi\u00f3n, Pol\u00edtica o Toros. Pero es el tabaco, sin lugar a dudas, el tema estrella en las conversaciones de caf\u00e9 de los parroquianos de turno que nos encontramos en cualquier Bar de Badajoz a la hora del desayuno, robando protagonismo a los \u00faltimos partidos de la primera fase del mundial. Es un asunto \u00e9ste que no pasa desapercibido para nadie, y pocas veces se encuentra con medias tintas, o est\u00e1s a favor o en contra. Muchos le echan la culpa al cambio clim\u00e1tico, a Z.P. o incluso a Mariano Rajoy, m\u00e1s que nada para no faltar <span style=\"mso-spacerun: yes\"><\/span>a la costumbre. Los m\u00e1s extremistas no tienen t\u00e9rmino medio, o est\u00e1s conmigo o est\u00e1s contra mi. < ?xml:namespace prefix = o ns = \"urn:schemas-microsoft-com:office:office\" \/><o:p><\/o:p><\/span><\/p>\n<p><span style=\"FONT-SIZE: 10pt; COLOR: navy; FONT-FAMILY: Verdana; mso-bidi-font-family: Arial\"><o:p><\/o:p><\/span> <\/p>\n<p class=MsoNormal style=\"MARGIN: 0cm 0cm 0pt; TEXT-ALIGN: justify\">\n<p class=MsoNormal style=\"MARGIN: 0cm 0cm 0pt; TEXT-ALIGN: justify\">\n<p class=MsoNormal style=\"MARGIN: 0cm 0cm 0pt; TEXT-ALIGN: justify\">\n<p class=MsoNormal style=\"MARGIN: 0cm 0cm 0pt; TEXT-ALIGN: justify\"><span style=\"FONT-SIZE: 10pt; COLOR: navy; FONT-FAMILY: Verdana; mso-bidi-font-family: Arial\"><span style=\"mso-tab-count: 1\"><\/span>Los fumadores de toda la vida se lo toman como un asunto personal, se sienten perseguidos, humillados, castrados e incluso violados quiz\u00e1s, ante lo que consideran, coarta el desarrollo de su libertad para envenenarse como les d\u00e9 la real gana. Y es que tantos a\u00f1os de h\u00e1bito adquirido les hace sacar lo peor de ellos mismos. Creo que muchos se empiezan a dar cuenta ahora que el tabaco es verdaderamente una droga.<o:p><\/o:p><\/span><\/p>\n<p><span style=\"FONT-SIZE: 10pt; COLOR: navy; FONT-FAMILY: Verdana; mso-bidi-font-family: Arial\"><o:p><\/o:p><\/span><\/p>\n<p class=MsoNormal style=\"MARGIN: 0cm 0cm 0pt; TEXT-ALIGN: justify\">\n<p class=MsoNormal style=\"MARGIN: 0cm 0cm 0pt; TEXT-ALIGN: justify\">\n<p><img id=img_1 src=\"\/\/www.sedet.es\/imagenes\/noticias\/200804010835100.jpg\"\/><\/p>\n<p class=MsoNormal style=\"MARGIN: 0cm 0cm 0pt; TEXT-ALIGN: justify\">\n<p class=MsoNormal style=\"MARGIN: 0cm 0cm 0pt; TEXT-ALIGN: justify\">\n<p class=MsoNormal style=\"MARGIN: 0cm 0cm 0pt; TEXT-ALIGN: justify\">\n<p class=MsoNormal style=\"MARGIN: 0cm 0cm 0pt; TEXT-ALIGN: justify\"><span style=\"FONT-SIZE: 10pt; COLOR: navy; FONT-FAMILY: Verdana; mso-bidi-font-family: Arial\"><span style=\"mso-tab-count: 1\"><\/span><span style=\"mso-spacerun: yes\"><\/span>Los no fumadores sin embargo est\u00e1n (estamos) m\u00e1s contentos y crecidos que nunca, y algunos so\u00f1amos ya con la deseada desaparici\u00f3n de malos humos en los espacios p\u00fablicos. Aunque a un servidor le da en la nariz que \u00e9stos, los \u201cmalos humos\u201d, no van a desaparecer por completo de nuestros bares y restaurantes favoritos, pues los empresarios est\u00e1n que \u201cechan chispas\u201d ante la ruina que se les avecina con esta \u201cnube de humo\u201d que es la ley Antitabaco.<o:p><\/o:p><\/span><\/p>\n<p><span style=\"FONT-SIZE: 10pt; COLOR: navy; FONT-FAMILY: Verdana; mso-bidi-font-family: Arial\"><o:p><\/o:p><\/span><\/p>\n<p class=MsoNormal style=\"MARGIN: 0cm 0cm 0pt; TEXT-ALIGN: justify\">\n<p class=MsoNormal style=\"MARGIN: 0cm 0cm 0pt; TEXT-ALIGN: justify\"><span style=\"FONT-SIZE: 10pt; COLOR: navy; FONT-FAMILY: Verdana; mso-bidi-font-family: Arial\"><span style=\"mso-tab-count: 1\"><\/span>La reforma de la ley del tabaco que prohibir\u00e1 fumar en todos los lugares p\u00fablicos ha pasado su primer examen parlamentario hace apenas 24 horas. Para muchos trabajadores de hosteler\u00eda puede ser el comienzo de una nueva vida mucho m\u00e1s sana y limpia, en especial para los no fumadores. Quiz\u00e1s tambi\u00e9n el principio de una vida m\u00e1s sana pero sin trabajo, ya que para muchos empresarios puede significar por el contrario el final de sus negocios. Y es que ambas suposiciones no dejan de evidenciar algo de verdad. Esta medida, que por cierto ha recibido un apoyo un\u00e1nime que seguramente habr\u00e1 desencantado a las asociaciones de empresarios y de ocio nocturno, va a llevar al paro a muchos empleados de este sector y eso es indudablemente una desgracia, sin lugar a dudas, y m\u00e1s en los tiempos que corren, con casi 5 millones de parados en el bote. Pero ahora bien,<span style=\"mso-spacerun: yes\"> <\/span>un servidor se pregunta si no es mejor subir la tasa de paro antes que la de la mortalidad, pues en el \u00faltimo estudio del Comit\u00e9 Nacional para < ?xml:namespace prefix = st1 ns = \"urn:schemas-microsoft-com:office:smarttags\" \/><st1:personname w:st=\"on\" ProductID=\"la Prevenci?n\">la Prevenci\u00f3n<\/st1:personname> del Tabaquismo se demuestra que el tabaco les cuesta la vida a 16 empleados de hosteler\u00eda al a\u00f1o en Extremadura. <o:p><\/o:p><\/span><\/p>\n<p><span style=\"FONT-SIZE: 10pt; COLOR: navy; FONT-FAMILY: Verdana; mso-bidi-font-family: Arial\"><o:p><\/o:p><\/span><\/p>\n<p class=MsoNormal style=\"MARGIN: 0cm 0cm 0pt; TEXT-ALIGN: justify\">\n<p class=MsoNormal style=\"MARGIN: 0cm 0cm 0pt; TEXT-ALIGN: justify\">\n<p><img id=img_3 src=\"\/\/jvergelesb.files.wordpress.com\/2009\/05\/ley_antitabaco.jpg\"\/><\/p>\n<p class=MsoNormal style=\"MARGIN: 0cm 0cm 0pt; TEXT-ALIGN: justify\">\n<p class=MsoNormal style=\"MARGIN: 0cm 0cm 0pt; TEXT-ALIGN: justify\">\n<p class=MsoNormal style=\"MARGIN: 0cm 0cm 0pt; TEXT-ALIGN: justify\">\n<p class=MsoNormal style=\"MARGIN: 0cm 0cm 0pt; TEXT-ALIGN: justify\"><span style=\"FONT-SIZE: 10pt; COLOR: navy; FONT-FAMILY: Verdana; mso-bidi-font-family: Arial\"><span style=\"mso-tab-count: 1\"><\/span>Que s\u00ed, que es cierto que cada cual tiene libertad para actuar como prefiera, y destruirse a s\u00ed mismo como le d\u00e9 la gana, pero gran verdad es tambi\u00e9n que la libertad de uno acaba justo donde empieza la del otro. Personalmente opino que es inadmisible que un empleado est\u00e9 expuesto a los peligros del tabaco si no es fumador. Tan inadmisible como que cualquier persona se exponga en contra de su voluntad a tan peligroso ambiente. En este pa\u00eds se ha fumado siempre demasiado y no nos estamos concienciando hasta hace poco tiempo de los peligros de una droga que provoca millones de muertes en el mundo cada a\u00f1o. Consol\u00e9monos con aquello de &#8220;m\u00e1s vale tarde que nunca&#8221;.<o:p><\/o:p><\/span><\/p>\n<p><span style=\"FONT-SIZE: 10pt; COLOR: navy; FONT-FAMILY: Verdana; mso-bidi-font-family: Arial\"><o:p><\/o:p><\/span><\/p>\n<p class=MsoNormal style=\"MARGIN: 0cm 0cm 0pt; TEXT-ALIGN: justify\">\n<p><span style=\"FONT-SIZE: 10pt; COLOR: navy; FONT-FAMILY: Verdana; mso-fareast-font-family: 'Times New Roman'; mso-bidi-font-family: Arial; mso-fareast-language: ES-TRAD; mso-ansi-language: ES-TRAD; mso-bidi-language: AR-SA\">Finalmente, creo que al final todo ser\u00e1 cuesti\u00f3n de acostumbrarse, de entrar en un bar y tomarse un caf\u00e9, o una buena copa de LOCH LOMOND y dejar el cigarrito para otro momento. Pero a ver quien es el guapo que aguanta el chaparr\u00f3n cuando lleguen las \u201cnubes negras\u201d.<\/span><\/p>\n<!-- AddThis Advanced Settings generic via filter on the_content --><!-- AddThis Share Buttons generic via filter on the_content -->","protected":false},"excerpt":{"rendered":"<p>Pocos temas pueden competir a d\u00eda de hoy a modo de debate popular con el F\u00fatbol, Religi\u00f3n, Pol\u00edtica o Toros. Pero es el tabaco, sin lugar a dudas, el tema estrella en las conversaciones de caf\u00e9 de los parroquianos de turno que nos encontramos en cualquier Bar de Badajoz a la hora del desayuno, robando [&hellip;]<!-- AddThis Advanced Settings generic via filter on get_the_excerpt --><!-- AddThis Share Buttons generic via filter on get_the_excerpt --><\/p>\n","protected":false},"author":14,"featured_media":0,"comment_status":"open","ping_status":"closed","sticky":false,"template":"","format":"standard","meta":[],"categories":[5],"tags":[1515,1806,2201,3103,3726,4846],"_links":{"self":[{"href":"https:\/\/blogs.hoy.es\/loch-lomond\/wp-json\/wp\/v2\/posts\/30"}],"collection":[{"href":"https:\/\/blogs.hoy.es\/loch-lomond\/wp-json\/wp\/v2\/posts"}],"about":[{"href":"https:\/\/blogs.hoy.es\/loch-lomond\/wp-json\/wp\/v2\/types\/post"}],"author":[{"embeddable":true,"href":"https:\/\/blogs.hoy.es\/loch-lomond\/wp-json\/wp\/v2\/users\/14"}],"replies":[{"embeddable":true,"href":"https:\/\/blogs.hoy.es\/loch-lomond\/wp-json\/wp\/v2\/comments?post=30"}],"version-history":[{"count":0,"href":"https:\/\/blogs.hoy.es\/loch-lomond\/wp-json\/wp\/v2\/posts\/30\/revisions"}],"wp:attachment":[{"href":"https:\/\/blogs.hoy.es\/loch-lomond\/wp-json\/wp\/v2\/media?parent=30"}],"wp:term":[{"taxonomy":"category","embeddable":true,"href":"https:\/\/blogs.hoy.es\/loch-lomond\/wp-json\/wp\/v2\/categories?post=30"},{"taxonomy":"post_tag","embeddable":true,"href":"https:\/\/blogs.hoy.es\/loch-lomond\/wp-json\/wp\/v2\/tags?post=30"}],"curies":[{"name":"wp","href":"https:\/\/api.w.org\/{rel}","templated":true}]}}