{"id":302,"date":"2011-08-19T00:54:14","date_gmt":"2011-08-18T23:54:14","guid":{"rendered":"http:\/\/blogs.hoy.es\/loch-lomond\/?p=302"},"modified":"2011-08-19T00:54:14","modified_gmt":"2011-08-18T23:54:14","slug":"si-l-o-g-s-e-no-vengo-los-murallitas","status":"publish","type":"post","link":"https:\/\/blogs.hoy.es\/loch-lomond\/2011\/08\/19\/si-l-o-g-s-e-no-vengo-los-murallitas\/","title":{"rendered":"Si L.O.G.S.E. no vengo (Los Murallitas)"},"content":{"rendered":"<p>&nbsp;<\/p>\n<a href=\"\/loch-lomond\/wp-content\/uploads\/sites\/10\/2011\/08\/portada_murallita.jpg\"><img loading=\"lazy\" class=\" wp-image-303\" title=\"portada_murallita\" src=\"\/loch-lomond\/wp-content\/uploads\/sites\/10\/2011\/08\/portada_murallita.jpg\" alt=\"Portada del CD \"Si L.O.G.S.E. no vengo\" de \"LOS MURALLITAS\"\" width=\"417\" height=\"330\" \/><\/a>\n<p>&nbsp;<\/p>\n<p>&nbsp;<\/p>\n<p><span style=\"color: #000000; font-size: medium;\">Hoy viernes volvemos con la <strong>m\u00fasica<\/strong> en <strong>Don de LOCH LOMOND<\/strong>. En esta ocasi\u00f3n con <strong>m\u00fasica \u201ccarnavalera\u201d<\/strong> ni m\u00e1s ni menos, es decir, <strong>con m\u00fasica de una murga de Badajoz<\/strong>. Es cierto que <strong>todos tenemos una percepci\u00f3n de las murgas diferentes a las de una banda de pop o de Rock<\/strong>, por ejemplo, y que cuando acudimos a una de sus actuaciones buscamos ante todo la <strong>risa<\/strong> y <strong>pasar un buen rato<\/strong>.<\/span><\/p>\n<p>&nbsp;<\/p>\n<p><span style=\"color: #000000; font-size: medium;\"><strong>\u00a0No vemos a lo murgueros como m\u00fasicos<\/strong>, sino m\u00e1s bien como <strong>arlequines o trovadores modernos<\/strong> que har\u00e1n de las suyas para divertirnos la jornada. Todo ello no implica que \u00e9stos, <strong>los murgueros<\/strong>, no puedan ser <strong>excelentes m\u00fasicos y cantantes<\/strong>, y que <strong>su m\u00fasica pueda llegar a ser tan buena como las de cualquier otro estilo<\/strong>, y sus voces e instrumentos\u00a0consigan <strong>envolver nuestros sentidos emocion\u00e1ndonos<\/strong> ante la belleza de <strong>una deliciosa melod\u00eda<\/strong> al comp\u00e1s de unas <strong>guitarras<\/strong> y una <strong>caja y\u00a0un bombo con platillos<\/strong>.<\/span><\/p>\n<p>&nbsp;<\/p>\n<div class=\"mceTemp\">\n<a href=\"\/loch-lomond\/wp-content\/uploads\/sites\/10\/2011\/08\/LOS-MURALLITAS.jpg\"><img loading=\"lazy\" class=\" wp-image-305\" title=\"LOS MURALLITAS\" src=\"\/loch-lomond\/wp-content\/uploads\/sites\/10\/2011\/08\/LOS-MURALLITAS.jpg\" alt=\"\u00bfQuien no querr\u00eda profesores como \"Los Murallitas\"?\" width=\"481\" height=\"400\" \/><\/a>\n<\/div>\n<p><span style=\"color: #000000; font-size: medium;\">\u00a0Detr\u00e1s de\u00a0la actuaci\u00f3n de cualquier <strong>murga carnavalera<\/strong> existen <strong>agotadoras jornadas de ensayos<\/strong>, y ni que decir tiene de <strong>composici\u00f3n de m\u00fasica y letra<\/strong>. Por eso yo no suelo perderme cada a\u00f1o las actuaciones de nuestras murgas en el <strong>L\u00f3pez de Ayala<\/strong>. <\/span><\/p>\n<p>&nbsp;<\/p>\n<p><span style=\"color: #000000; font-size: medium;\"><strong>En la edici\u00f3n de 2011 una de ellas me enamor\u00f3 especialmente<\/strong>. No es ning\u00fan secreto que mi menda tom\u00f3 r\u00e1pidamente partido por <a title=\"los murallitas en don de loch lomond\" href=\"https:\/\/blogs.hoy.es\/loch-lomond\/2011\/04\/27\/img-id-img-0-src\/\" target=\"_blank\"><span style=\"color: #000000;\">\u201c<strong>Los Murallitas<\/strong>\u201d<\/span><\/a> como formaci\u00f3n favorita para hacerse con el concurso. <\/span><\/p>\n<p>&nbsp;<\/p>\n<p><span style=\"color: #000000; font-size: medium;\"><strong>No s\u00e9 si fue el hecho de que siempre me han ca\u00eddo bien por ser muchos de ellos estudiantes del <a title=\"Regreso al Zurbar\u00e1n\" href=\"https:\/\/blogs.hoy.es\/loch-lomond\/2012\/10\/24\/regreso-al-zurbaran\/\" target=\"_blank\">Instituto Zurbar\u00e1n<\/a><\/strong> (algo m\u00e1s j\u00f3venes que yo) y presentar este a\u00f1o una tem\u00e1tica tan divertida como la de <strong>los profesores<\/strong>, transform\u00e1ndose sus integrantes en maestros cuando en sus comienzos como murga a\u00fan eran ellos <strong>los alumnos<\/strong>. <\/span><\/p>\n<p>&nbsp;<\/p>\n<p><span style=\"color: #000000; font-size: medium;\"><strong>&#8220;Los Murallitas&#8221;<\/strong>, tras <strong>10 a\u00f1os como formaci\u00f3n murguera<\/strong> a pesar de su juventud, <strong>han seguido una evoluci\u00f3n l\u00f3gica de nivel que ha protagonizado un salto de gigante en la pasada edici\u00f3n del Carnaval de Badajoz<\/strong>. <a title=\"Los Murallitas Carnaval de Badajoz 2011\" href=\"http:\/\/www.youtube.com\/watch?v=4MIqeYNJg5s\" target=\"_blank\"><span style=\"color: #000000;\">Sus actuaciones<\/span><\/a>, tanto en la previa como en la semifinal y final fueron sobresalientes, <strong>su puesta en escena y ejecuci\u00f3n magn\u00edfica y realmente imaginativa<\/strong>, y con unas <strong>letras y m\u00fasica original inmejorable<\/strong>. <\/span><\/p>\n<p>&nbsp;<\/p>\n<p><span style=\"color: #000000; font-size: medium;\"><strong>S\u00f3lo ciertos detalles o peque\u00f1as valoraciones del Jurado les privaron de un merecido primer premio y fueron relegados a una (a pesar de todo)\u00a0meritoria tercera posici\u00f3n<\/strong>, formando un <strong>p\u00f3dium de primera categor\u00eda junto a \u201cLos 3 W\u201d, ganadores del concurso, y \u201cLos Ni\u00f1os\u201d siempre divertidos y empe\u00f1ados en sorprendernos<\/strong>.<\/span><\/p>\n<p>&nbsp;<\/p>\n<p><span style=\"color: #000000; font-size: medium;\">Cualquiera puede pensar que es la amistad lo que me hace <a title=\"mi final del concurso de murgas\" href=\"https:\/\/blogs.hoy.es\/loch-lomond\/2011\/03\/03\/mi-final-del-concurso-murgas\/\" target=\"_blank\"><span style=\"color: #000000;\">hablar del concurso de murgas de forma tan parcial<\/span><\/a>, pero nada m\u00e1s lejos de la realidad. Ya he mencionado anteriormente que algunos de sus componentes me suenan de vista de mi \u00e9poca del\u00a0Instituto. Tras el concurso a trav\u00e9s de las <strong>Redes sociales<\/strong>, Facebook principalmente, he mantenido contacto con algunos de ellos como cualquier simpatizante (<strong>Los Murallitas<\/strong> poseen p\u00e1gina en <a title=\"p\u00e1gina de Los Murallitas en Facebook\" href=\"http:\/\/www.facebook.com\/#!\/pages\/Los-Murallitas\/123440977692660\" target=\"_blank\"><span style=\"color: #000000;\">Facebook<\/span><\/a> y Tuenti) y trav\u00e9s de ese contacto<strong> tuve un grato encuentro el otro d\u00eda con Juan Jes\u00fas Montalvo<\/strong>, quien adem\u00e1s de facilitarme el\u00a0<strong>CD de &#8220;Los Murallitas&#8221;<\/strong>, me estuvo hablando largo y tendido de todos los entresijos internos de esta <strong>divertida murga<\/strong>.<\/span><\/p>\n<p>&nbsp;<\/p>\n<div id=\"attachment_306\" style=\"width: 550px\" class=\"wp-caption alignright\"><a href=\"\/loch-lomond\/wp-content\/uploads\/sites\/10\/2011\/08\/los-murallitas-2.jpg\"><img aria-describedby=\"caption-attachment-306\" loading=\"lazy\" class=\"size-full wp-image-306\" title=\"los murallitas 2\" src=\"\/loch-lomond\/wp-content\/uploads\/sites\/10\/2011\/08\/los-murallitas-2.jpg\" alt=\"Do\u00f1a Joselita en el centro de la imagen...\" No veas la t\u00eda si tiene espaldas\"\" width=\"540\" height=\"359\" srcset=\"https:\/\/static-blogs.hoy.es\/wp-content\/uploads\/sites\/10\/2011\/08\/los-murallitas-2.jpg 540w, https:\/\/static-blogs.hoy.es\/wp-content\/uploads\/sites\/10\/2011\/08\/los-murallitas-2-300x199.jpg 300w\" sizes=\"(max-width: 540px) 100vw, 540px\" \/><\/a><p id=\"caption-attachment-306\" class=\"wp-caption-text\">Do\u00f1a Joselita en el centro de la imagen...<\/p><\/div>\n<p>&nbsp;<\/p>\n<p><span style=\"color: #000000; font-size: medium;\"><strong>El CD de &#8220;Los Murallitas&#8221; es altamente recomendable<\/strong>, y no s\u00f3lo porque su escucha no pierda nada de frescura respecto a su actuaci\u00f3n en directo. <\/span><\/p>\n<p>&nbsp;<\/p>\n<p><span style=\"color: #000000; font-size: medium;\"><strong>Las risas est\u00e1n aseguradas<\/strong>, y la emoci\u00f3n y carga literaria de <strong>las magn\u00edficas letras de Jos\u00e9 Mar\u00eda Rega\u00f1a son de tan alta calidad que merecen la pena conservarse en el libreto que acompa\u00f1a al compacto<\/strong>. <strong>10 magn\u00edficos cortes con la presentaci\u00f3n, 5 pasodobles,\u00a06 cupl\u00e9s (divididos en 3 cortes)\u00a0y el desternillante popurr\u00ed, con un extra instrumental que har\u00e1 las delicias de los m\u00e1s mel\u00f3manos.<\/strong> <\/span><\/p>\n<p>&nbsp;<\/p>\n<p><span style=\"color: #000000; font-size: medium;\">Por la miserable cantidad de <strong>5 euros<\/strong> pueden adquirirlo contactando con cualquier miembro del grupo en las redes sociales, o bien escribiendo al <strong>mail de la murga<\/strong>: <a href=\"mailto:losmurallitas_bad@hotmail.com\"><span style=\"color: #000000;\">losmurallitas_bad@hotmail.com<\/span><\/a><\/span><\/p>\n<p><span style=\"color: #000000; font-size: medium;\">En esta jornada de viernes, el mejor d\u00eda de la semana, alzo mi copa de <strong>LOCH LOMOND<\/strong> por &#8220;<strong>Los Murallitas<\/strong>&#8221; y por su CD &#8220;<strong>Si L.O.G.S.E. no vengo<\/strong>&#8220;. Porque son ellos mismos quienes abren las puertas de su centro docente de indecentes\u00a0a todo el que sea buena gente y quiera echarse unas risas con ellos. Ya lo dicen en su pasodoble &#8220;Hoy es la tercera&#8221;:<\/span><\/p>\n<blockquote><p><span style=\"color: #000000; font-size: medium;\">\u00a0&#8230; &#8220;<strong>A aquel que venga con ganas de ech\u00e1 unas risas, a todo el que se quiera llevar bien conmigo, Y al que entienda que los Carnavales no se hicieron pa perder amigos&#8221;<\/strong><\/span><\/p><\/blockquote>\n<p><span style=\"color: #000000; font-size: medium;\">\u00a1Cuanto raz\u00f3n tienen estos\u00a0<strong>MAESTROS del\u00a0Carnaval y del\u00a0buen humor<\/strong>!<\/span><\/p>\n<p><span style=\"color: #000000; font-size: medium;\">\u00a0\u00a0\u00a0\u00a0\u00a0\u00a0\u00a0\u00a0\u00a0\u00a0\u00a0\u00a0\u00a0\u00a0\u00a0\u00a0\u00a0\u00a0\u00a0\u00a0\u00a0\u00a0\u00a0\u00a0\u00a0\u00a0\u00a0\u00a0\u00a0\u00a0\u00a0\u00a0\u00a0\u00a0\u00a0\u00a0\u00a0\u00a0\u00a0\u00a0\u00a0\u00a0\u00a0\u00a0\u00a0\u00a0\u00a0\u00a0\u00a0\u00a0\u00a0\u00a0\u00a0\u00a0\u00a0\u00a0\u00a0\u00a0\u00a0\u00a0\u00a0\u00a0\u00a0\u00a0\u00a0\u00a0\u00a0\u00a0\u00a0\u00a0\u00a0\u00a0\u00a0\u00a0\u00a0\u00a0\u00a0\u00a0\u00a0\u00a0\u00a0\u00a0\u00a0\u00a0\u00a0\u00a0\u00a0\u00a0\u00a0\u00a0\u00a0\u00a0\u00a0\u00a0\u00a0\u00a0\u00a0\u00a0\u00a0\u00a0\u00a0\u00a0\u00a0\u00a0\u00a0\u00a0\u00a0\u00a0\u00a0\u00a0\u00a0\u00a0\u00a0\u00a0\u00a0 \u00a0&#8230; \u00a1A ESTUDI\u00c1!<\/span><\/p>\n<!-- AddThis Advanced Settings generic via filter on the_content --><!-- AddThis Share Buttons generic via filter on the_content -->","protected":false},"excerpt":{"rendered":"<p>&nbsp; &nbsp; &nbsp; Hoy viernes volvemos con la m\u00fasica en Don de LOCH LOMOND. En esta ocasi\u00f3n con m\u00fasica \u201ccarnavalera\u201d ni m\u00e1s ni menos, es decir, con m\u00fasica de una murga de Badajoz. Es cierto que todos tenemos una percepci\u00f3n de las murgas diferentes a las de una banda de pop o de Rock, por [&hellip;]<!-- AddThis Advanced Settings generic via filter on get_the_excerpt --><!-- AddThis Share Buttons generic via filter on get_the_excerpt --><\/p>\n","protected":false},"author":14,"featured_media":0,"comment_status":"open","ping_status":"closed","sticky":false,"template":"","format":"standard","meta":[],"categories":[6],"tags":[214,604,696,826,830,877,1102,1134,1291,1515,1806,2364,2609,2757,2786,2968,3029,3103,3161,3230,3606,3608,3923,4147,4683,5250],"_links":{"self":[{"href":"https:\/\/blogs.hoy.es\/loch-lomond\/wp-json\/wp\/v2\/posts\/302"}],"collection":[{"href":"https:\/\/blogs.hoy.es\/loch-lomond\/wp-json\/wp\/v2\/posts"}],"about":[{"href":"https:\/\/blogs.hoy.es\/loch-lomond\/wp-json\/wp\/v2\/types\/post"}],"author":[{"embeddable":true,"href":"https:\/\/blogs.hoy.es\/loch-lomond\/wp-json\/wp\/v2\/users\/14"}],"replies":[{"embeddable":true,"href":"https:\/\/blogs.hoy.es\/loch-lomond\/wp-json\/wp\/v2\/comments?post=302"}],"version-history":[{"count":0,"href":"https:\/\/blogs.hoy.es\/loch-lomond\/wp-json\/wp\/v2\/posts\/302\/revisions"}],"wp:attachment":[{"href":"https:\/\/blogs.hoy.es\/loch-lomond\/wp-json\/wp\/v2\/media?parent=302"}],"wp:term":[{"taxonomy":"category","embeddable":true,"href":"https:\/\/blogs.hoy.es\/loch-lomond\/wp-json\/wp\/v2\/categories?post=302"},{"taxonomy":"post_tag","embeddable":true,"href":"https:\/\/blogs.hoy.es\/loch-lomond\/wp-json\/wp\/v2\/tags?post=302"}],"curies":[{"name":"wp","href":"https:\/\/api.w.org\/{rel}","templated":true}]}}