{"id":307,"date":"2011-08-21T17:26:41","date_gmt":"2011-08-21T16:26:41","guid":{"rendered":"http:\/\/blogs.hoy.es\/loch-lomond\/?p=307"},"modified":"2011-08-21T17:26:41","modified_gmt":"2011-08-21T16:26:41","slug":"malditos-retratos","status":"publish","type":"post","link":"https:\/\/blogs.hoy.es\/loch-lomond\/2011\/08\/21\/malditos-retratos\/","title":{"rendered":"\u00a1Malditos retratos!"},"content":{"rendered":"<p>Enrique Falc\u00f3. Al\u00e9rgico al pajarito\u00a0<\/p>\n<p><span style=\"color: #000080;\">El anuncio del final de las vacaciones de verano lleva impl\u00edcito el suplicio del \u2018fototost\u00f3n\u2019, fen\u00f3meno del que ya les habl\u00e9 largo y tendido en el transcurso del verano pasado y al que habremos de enfrentarnos un a\u00f1o m\u00e1s con la amarga sensaci\u00f3n del guerrero que afronta una terrible batalla perdida de antemano. Quien suscribe nunca vislumbr\u00f3 placer alguno en aquello de deleitarse con instant\u00e1neas veraniegas, y cuanto menos del personal. Nunca he comprendido el af\u00e1n de quien se muere de ganas por mostrar a los dem\u00e1s sus viajes, vacaciones de verano, o en su defecto bodas, bautizos y comuniones. Y es que cada vez me resisto m\u00e1s a ser presa de las instant\u00e1neas, cuanto menos a regodearme en sus visionados. Ser\u00e1 por aquello de que las fotos arriban mil recuerdos a mi sesera y, desgraciadamente, por lo general siempre tornan en tristes. Cada foto que contemplo es como recordar un momento de mi vida que ya nunca podr\u00e9 recuperar. Las fotos, en el momento en que alguien pulsa el disparador, se convierten autom\u00e1ticamente en parte de nuestro pasado y yo hace bastantes a\u00f1os que renegu\u00e9 de este d\u00e1ndole la espalda para centrarme en el presente y procurarme un buen futuro, aunque quiz\u00e1s al futuro nunca le preste excesiva atenci\u00f3n.<\/span><\/p>\n<div>\n<p>&nbsp;<\/p>\n<p><a><img src=\"\/\/cache2-thumb1.pressdisplay.com\/pressdisplay\/docserver\/getimage.aspx?regionguid=8bc1e5ca-d28e-45aa-a0ff-a20eba147c13&#038;scale=157&#038;file=22012011082100000000001001&#038;regionKey=s90Y2%2fhjirH%2bJEx2LYpNnw%3d%3d\" alt=\"\" \/><\/a>\u00a0<\/p>\n<p><span style=\"color: #000080;\">Existi\u00f3 una \u00e9poca, hace muchos a\u00f1os, en la que quiz\u00e1s s\u00ed, me privaba salir en ellas y ser protagonista de todas las fotos posibles del mundo. Siempre me ofrec\u00eda voluntario para posar con mi mejor sonrisa y todas las polaroid que copaba me parec\u00edan pocas. Despu\u00e9s, contemplaba mi joven rostro en busca de imperfecciones que, aunque no sab\u00eda c\u00f3mo ocultar, anhelaba que desaparecieran en cada negativo revelado para que ofrecieran lo mejor de mi cuerpo y mi alma, de mi esencia, como recuerdo duradero de mi paso por este mundo. Las cosas han cambiado y ya no quiero figurar como protagonista en ellas, ni siquiera como figurante secundario o vieja gloria en declive, y me resisto a que me inmortalicen en instant\u00e1neas, y no por aquello de no encontrarme en mi mejor momento o no agradarme especialmente lo que contemplo al mirarlas, que esa es otra cuesti\u00f3n.<\/span><\/p>\n<p><span style=\"color: #000080;\">Existen, y no comprendo su af\u00e1n, quienes pretenden inmortalizar in\u00fatilmente cada instante de sus vidas y para ello posan constantemente exhibiendo un rostro y trasfondo que no se asemeja a la realidad de sus sentimientos, mostrando por tanto un mensaje falso que permanecer\u00e1 ya para siempre impasible en el tiempo, al menos hasta que se destruya el fotograma portador de tan falsas im\u00e1genes. Quien posa constantemente no hace m\u00e1s que enga\u00f1arse a s\u00ed mismo, pues la vida es algo m\u00e1s importante que un gran angular como para maquillar continuamente nuestros sentimientos con coloretes baratos de embustera felicidad.<\/span><\/p>\n<\/div>\n<div>\n<p><span style=\"color: #000080;\">Existen creencias primitivas que sostienen que una fotograf\u00eda roba el alma a los fotografiados. Como comprender\u00e1n no ser\u00e1 el menda quien otorgue validez a tan disparatada afirmaci\u00f3n, no obstante, tal credo me inclina a reflexionar sobre las im\u00e1genes llegando a la conclusi\u00f3n de que si bien no el alma s\u00ed que nos sustraen una peque\u00f1a parte de nosotros. \u00a1Malditos retratos! Condenadas fotograf\u00edas que rob\u00e1is un instante de nuestra vida y lo mostr\u00e1is tal cual, para siempre, sin pensar que alg\u00fan d\u00eda ya no reconoceremos ni el momento ni el lugar, ni a la persona que mira al objetivo o posa despreocupada y desconocedora de que est\u00e1 siendo inmortalizada para la posterioridad. Retratos que representan nuestros sue\u00f1os perdidos, nuestros recuerdos, nuestros seres queridos, aquellos a los que quisimos amar y no nos dejaron y odiamos desde entonces, pues la visi\u00f3n de sus im\u00e1genes no nos permite olvidar. Esos maravillosos lugares que visitamos a los que nunca pudimos volver, o a los que regresamos alg\u00fan d\u00eda pero ya no eran igual que los de las viejas fotograf\u00edas desgastadas de tanto mirarlas.<\/span><\/p>\n<p><span style=\"color: #000080;\">No puedo evitar que la tristeza y la nostalgia se apoderen de m\u00ed, y es por ello que cada vez me resisto m\u00e1s a visionar fotos, ya sean propias o de amigos y familiares. No me gusta apreciar la inconfundible secuela del paso del tiempo en m\u00ed y en los m\u00edos. Cuando los seres humanos nacemos solo existe una realidad, la de que comenzamos una interminable carrera de obst\u00e1culos contra la muerte que siempre acabar\u00e1 en favor de la Parca, esa pu\u00f1etera mal nacida.<\/span><\/p>\n<p><span style=\"color: #000080;\">Con el tiempo y los a\u00f1os, uno no puede dejar de pensar, que aquellos malditos retratos, esas est\u00fapidas fotos, no son m\u00e1s que el \u00faltimo aliento de un pedazo de nuestra alma que qued\u00f3 para siempre congelada en el tiempo.<\/span><\/p>\n<p>Publicado en Diario HOY el 21\/08\/2011<\/p>\n<p><a href=\"http:\/\/www.kioskoymas.com\/epaper\/showlink.aspx?bookmarkid=5KU8EAY9F7I5&#038;preview=magnifier&#038;linkid=8acc4de0-4782-49a5-8527-5a63a95b2be2&#038;pdaffid=1NEHCXDv4QZRFanP7KJR9A%3d%3d\"><img src=\"\/\/cache2-thumb1.pressdisplay.com\/pressdisplay\/docserver\/getimage.aspx?file=22012011082100000000001001&#038;page=24&#038;scale=23\" alt=\"\" \/><\/a><\/p>\n<p>&nbsp;<\/p>\n<\/div>\n<!-- AddThis Advanced Settings generic via filter on the_content --><!-- AddThis Share Buttons generic via filter on the_content -->","protected":false},"excerpt":{"rendered":"<p>Enrique Falc\u00f3. Al\u00e9rgico al pajarito\u00a0 El anuncio del final de las vacaciones de verano lleva impl\u00edcito el suplicio del \u2018fototost\u00f3n\u2019, fen\u00f3meno del que ya les habl\u00e9 largo y tendido en el transcurso del verano pasado y al que habremos de enfrentarnos un a\u00f1o m\u00e1s con la amarga sensaci\u00f3n del guerrero que afronta una terrible batalla [&hellip;]<!-- AddThis Advanced Settings generic via filter on get_the_excerpt --><!-- AddThis Share Buttons generic via filter on get_the_excerpt --><\/p>\n","protected":false},"author":14,"featured_media":0,"comment_status":"open","ping_status":"closed","sticky":false,"template":"","format":"standard","meta":[],"categories":[8],"tags":[191,514,596,1122,1439,1515,1806,2149,2150,2156,2214,2319,2539,2600,2901,3103,3262,3577,3914,4120,4199,4453,4968,5762,5086,5157,5221],"_links":{"self":[{"href":"https:\/\/blogs.hoy.es\/loch-lomond\/wp-json\/wp\/v2\/posts\/307"}],"collection":[{"href":"https:\/\/blogs.hoy.es\/loch-lomond\/wp-json\/wp\/v2\/posts"}],"about":[{"href":"https:\/\/blogs.hoy.es\/loch-lomond\/wp-json\/wp\/v2\/types\/post"}],"author":[{"embeddable":true,"href":"https:\/\/blogs.hoy.es\/loch-lomond\/wp-json\/wp\/v2\/users\/14"}],"replies":[{"embeddable":true,"href":"https:\/\/blogs.hoy.es\/loch-lomond\/wp-json\/wp\/v2\/comments?post=307"}],"version-history":[{"count":0,"href":"https:\/\/blogs.hoy.es\/loch-lomond\/wp-json\/wp\/v2\/posts\/307\/revisions"}],"wp:attachment":[{"href":"https:\/\/blogs.hoy.es\/loch-lomond\/wp-json\/wp\/v2\/media?parent=307"}],"wp:term":[{"taxonomy":"category","embeddable":true,"href":"https:\/\/blogs.hoy.es\/loch-lomond\/wp-json\/wp\/v2\/categories?post=307"},{"taxonomy":"post_tag","embeddable":true,"href":"https:\/\/blogs.hoy.es\/loch-lomond\/wp-json\/wp\/v2\/tags?post=307"}],"curies":[{"name":"wp","href":"https:\/\/api.w.org\/{rel}","templated":true}]}}