{"id":32,"date":"2010-06-27T01:37:00","date_gmt":"2010-06-27T01:37:00","guid":{"rendered":"http:\/\/blogs.hoy.es\/loch-lomond\/?p=32"},"modified":"2010-06-27T01:37:00","modified_gmt":"2010-06-27T01:37:00","slug":"recuerdos-del-viejo-ferial","status":"publish","type":"post","link":"https:\/\/blogs.hoy.es\/loch-lomond\/2010\/06\/27\/recuerdos-del-viejo-ferial\/","title":{"rendered":"RECUERDOS DEL VIEJO FERIAL"},"content":{"rendered":"<p><img id=img_0 src=\"\/\/www.hoy.es\/prensa\/noticias\/201006\/27\/fotos\/2027313.jpg\"\/><\/p>\n<p><font color=#000099>Ya pod\u00e9is leer mi art\u00edculo de este domingo en HOY. Reza por t\u00edtulo &#8220;recuerdos del viejo ferial&#8221; Sobre todo a los de mi quinta os tocar\u00e1 m\u00e1s la fibra sensible. Os dejo aqu\u00ed el enlace:<\/p>\n<p><\/font><a href=\"http:\/\/www.hoy.es\/v\/20100627\/opinion\/recuerdos-viejo-ferial-20100627.html\" rel=\"nofollow\"         rel=nofollow><font color=#000099>http:\/\/www.hoy.es\/v\/20100627\/opinion\/recuerdos-viejo-ferial-20100627.html<\/font><\/a><\/p>\n<!-- AddThis Advanced Settings generic via filter on the_content --><!-- AddThis Share Buttons generic via filter on the_content -->","protected":false},"excerpt":{"rendered":"<p>Ya pod\u00e9is leer mi art\u00edculo de este domingo en HOY. Reza por t\u00edtulo &#8220;recuerdos del viejo ferial&#8221; Sobre todo a los de mi quinta os tocar\u00e1 m\u00e1s la fibra sensible. Os dejo aqu\u00ed el enlace: http:\/\/www.hoy.es\/v\/20100627\/opinion\/recuerdos-viejo-ferial-20100627.html<!-- AddThis Advanced Settings generic via filter on get_the_excerpt --><!-- AddThis Share Buttons generic via filter on get_the_excerpt --><\/p>\n","protected":false},"author":14,"featured_media":0,"comment_status":"open","ping_status":"closed","sticky":false,"template":"","format":"standard","meta":[],"categories":[8],"tags":[437,976,2063],"_links":{"self":[{"href":"https:\/\/blogs.hoy.es\/loch-lomond\/wp-json\/wp\/v2\/posts\/32"}],"collection":[{"href":"https:\/\/blogs.hoy.es\/loch-lomond\/wp-json\/wp\/v2\/posts"}],"about":[{"href":"https:\/\/blogs.hoy.es\/loch-lomond\/wp-json\/wp\/v2\/types\/post"}],"author":[{"embeddable":true,"href":"https:\/\/blogs.hoy.es\/loch-lomond\/wp-json\/wp\/v2\/users\/14"}],"replies":[{"embeddable":true,"href":"https:\/\/blogs.hoy.es\/loch-lomond\/wp-json\/wp\/v2\/comments?post=32"}],"version-history":[{"count":0,"href":"https:\/\/blogs.hoy.es\/loch-lomond\/wp-json\/wp\/v2\/posts\/32\/revisions"}],"wp:attachment":[{"href":"https:\/\/blogs.hoy.es\/loch-lomond\/wp-json\/wp\/v2\/media?parent=32"}],"wp:term":[{"taxonomy":"category","embeddable":true,"href":"https:\/\/blogs.hoy.es\/loch-lomond\/wp-json\/wp\/v2\/categories?post=32"},{"taxonomy":"post_tag","embeddable":true,"href":"https:\/\/blogs.hoy.es\/loch-lomond\/wp-json\/wp\/v2\/tags?post=32"}],"curies":[{"name":"wp","href":"https:\/\/api.w.org\/{rel}","templated":true}]}}