{"id":328,"date":"2011-09-02T00:53:24","date_gmt":"2011-09-01T23:53:24","guid":{"rendered":"http:\/\/blogs.hoy.es\/loch-lomond\/?p=328"},"modified":"2011-09-02T00:53:24","modified_gmt":"2011-09-01T23:53:24","slug":"lo-que-viene-siendo-un-retrato","status":"publish","type":"post","link":"https:\/\/blogs.hoy.es\/loch-lomond\/2011\/09\/02\/lo-que-viene-siendo-un-retrato\/","title":{"rendered":"Lo que viene siendo un retrato"},"content":{"rendered":"<p>&nbsp;<\/p>\n<p><a href=\"\/loch-lomond\/wp-content\/uploads\/sites\/10\/2011\/09\/lo-que-viene-siendo-un-retrato2.jpg\"><img loading=\"lazy\" class=\"alignnone size-large wp-image-335\" src=\"\/loch-lomond\/wp-content\/uploads\/sites\/10\/2011\/09\/lo-que-viene-siendo-un-retrato2.jpg\" alt=\"\" width=\"728\" height=\"1024\" srcset=\"https:\/\/static-blogs.hoy.es\/wp-content\/uploads\/sites\/10\/2011\/09\/lo-que-viene-siendo-un-retrato2.jpg 1193w, https:\/\/static-blogs.hoy.es\/wp-content\/uploads\/sites\/10\/2011\/09\/lo-que-viene-siendo-un-retrato2-213x300.jpg 213w, https:\/\/static-blogs.hoy.es\/wp-content\/uploads\/sites\/10\/2011\/09\/lo-que-viene-siendo-un-retrato2-768x1080.jpg 768w, https:\/\/static-blogs.hoy.es\/wp-content\/uploads\/sites\/10\/2011\/09\/lo-que-viene-siendo-un-retrato2-728x1024.jpg 728w\" sizes=\"(max-width: 728px) 100vw, 728px\" \/><\/a><\/p>\n<p>&nbsp;<\/p>\n<p><span style=\"color: #000080\">Hoy, aunque sea viernes, no hablaremos de m\u00fasica en Don de LOCH LOMOND. Existen otras artes maravillosas, como la fotograf\u00eda, que nos hacen se\u00f1as y piden paso ante el inminente acontecimiento que acecha sobre nuestra ciudad. La Noche en Blanco del pasado a\u00f1o fue un exitazo, y sin dudarlo nuestra ciudad aspira a superarse a s\u00ed misma en esta prometedora segunda edici\u00f3n.<\/span><\/p>\n<p><span style=\"color: #000080\">Tras uno de mis recientes art\u00edculos publicado en Diario HOY, <a title=\"malditos retratos Enrique Falc\u00f3 Don de LOCH LOMOND\" href=\"https:\/\/blogs.hoy.es\/loch-lomond\/2011\/08\/21\/%C2%A1malditos-retratos\/\" target=\"_blank\">\u201cMalditos retratos\u201d<\/a> existen quienes piensan que experimento un visceral odio hacia todo lo que representa el mundo de la fotograf\u00eda. Nada m\u00e1s lejos de la realidad. Siempre he manifestado a mis lectores la idea de que <a title=\"modestia aparte don de LOCH LOMOND\" href=\"https:\/\/blogs.hoy.es\/loch-lomond\/2010\/10\/18\/modestia-aparte\/\" target=\"_blank\">nunca han de tomarse mis art\u00edculos al pie de la letra<\/a>, y de que necesitan realizar un divertido ejercicio de iron\u00eda y sentido del humor para pillarme el punto y entender mi filosof\u00eda de vida. Una cosa es que me moleste que mis amigos me aburran mostr\u00e1ndome sus<a title=\"FOTOTOST\u00d3N Don de LOCH LOMOND\" href=\"https:\/\/blogs.hoy.es\/loch-lomond\/2010\/09\/05\/fototoston\/\" target=\"_blank\"> fotos del veraneo<\/a>, o que por ejemplo no me guste especialmente ser objetivo de las instant\u00e1neas, y otra muy distinta que no muestre el debido inter\u00e9s\u00a0 por un exquisito arte como la fotograf\u00eda.<\/span><\/p>\n<p><span style=\"color: #000080\">Como muestra de ello quiero hablarles de una exposici\u00f3n fotogr\u00e1fica\u00a0que tendr\u00e1 lugar este s\u00e1bado, coincidiendo con <a title=\"noches de blnco sat\u00e9n en don e LOCH LOMOND\" href=\"https:\/\/blogs.hoy.es\/loch-lomond\/2010\/09\/06\/noches-blanco-saten\/\" target=\"_blank\">La Noche en Blanco<\/a>, en la Taberna de los 100 vinos, situada en la Calle del Obispo N\u00ba 5\u00a0 de Badajoz. Es una exposici\u00f3n muy especial, porque est\u00e1 protagonizada por un grupo de fot\u00f3grafos pacenses, agrupados bajo el nombre de <strong>Grupo ISO6400<\/strong><strong>. <\/strong>Mi menda, como casi seguramente muchos de ustedes, se qued\u00f3 un poco extra\u00f1ado con el nombre, un tanto chocante y desconocido, pero recobr\u00f3 toda fuerza y sentido al explicarme el fot\u00f3grafo Domingo C\u00e1ceres que ISO, en fotograf\u00eda, es la sensibilidad que una pel\u00edcula puede tener a la luz, por lo tanto a mayor ISO\u00a0 crecen las posibilidades de ruido y sensibilidad de la imagen final, que es lo que este grupo persigue. Ellos no quieren m\u00e1s que compartir con ustedes su visi\u00f3n del mundo a trav\u00e9s de una fotograf\u00eda que reivindica la pureza t\u00e9cnica al servicio de la visi\u00f3n.<\/span><\/p>\n<p><span style=\"color: #000080\"><a href=\"\/loch-lomond\/wp-content\/uploads\/sites\/10\/2011\/09\/ISO6400.jpg\"><img loading=\"lazy\" class=\"alignnone size-full wp-image-336\" src=\"\/loch-lomond\/wp-content\/uploads\/sites\/10\/2011\/09\/ISO6400.jpg\" alt=\"\" width=\"301\" height=\"279\" srcset=\"https:\/\/static-blogs.hoy.es\/wp-content\/uploads\/sites\/10\/2011\/09\/ISO6400.jpg 301w, https:\/\/static-blogs.hoy.es\/wp-content\/uploads\/sites\/10\/2011\/09\/ISO6400-300x278.jpg 300w\" sizes=\"(max-width: 301px) 100vw, 301px\" \/><\/a><\/span><\/p>\n<p><span style=\"color: #000080\">Nunca est\u00e1 de m\u00e1s anunciar que adem\u00e1s de disfrutar de una excelente exposici\u00f3n todo aquel que participe en la votaci\u00f3n de \u00e9sta participar\u00e1 en un sorteo con excelentes premios (todos relacionados con el mundo del vino) que deseo que alcancen a un servidor, que ya saben, es un gran\u00a0amante de los caldos de la tierra. A destacar un establecimiento como La Taberna de los 100 Vinos que adem\u00e1s de prestarse a ser objeto de dicha exposici\u00f3n bajo sus paredes patrocina\u00a0 todos los premios que tendr\u00e1n lugar en la exposici\u00f3n. \u00a1Bien por La Taberna de los 100 Vinos!, pues Badajoz necesita de sitios como \u00e9ste para reivindicar su lugar en la cultura y el Arte.<\/span><\/p>\n<p><span style=\"color: #000080\">La Organizaci\u00f3n insiste tambi\u00e9n en el impagable trabajo de Abel Hern\u00e1ndez y su Agencia Visual, responsables del Cartel y el Logo.<\/span><\/p>\n<p><span style=\"color: #000080\">\u00bfQu\u00e9 les parece amigos? \u00bfAcaso no es un buen lugar para comenzar esta segunda noche en blanco? Nos lo pasaremos bien, tomando unos vinos y viendo estos 18 retratos de los 18 fot\u00f3grafos pacenses que forman la exposici\u00f3n y paso a nombrar:<\/span><\/p>\n<p><span style=\"color: #ff0000\">Participantes en la exposici\u00f3n: <\/span><\/p>\n<p><span style=\"color: #ff0000\">1. Domingo C\u00e1ceres<\/span><br \/>\n<span style=\"color: #ff0000\">2. Fernando Vivas<\/span><br \/>\n<span style=\"color: #ff0000\">3. Olga Ayuso<\/span><br \/>\n<span style=\"color: #ff0000\">4. Guillermo Gabardino<\/span><br \/>\n<span style=\"color: #ff0000\">5. Abel Hern\u00e1ndez<\/span><br \/>\n<span style=\"color: #ff0000\">6. Enrique Rubio <\/span><br \/>\n<span style=\"color: #ff0000\">7. Antonio Cintas <\/span><br \/>\n<span style=\"color: #ff0000\">8. V\u00edctor Campano<\/span><br \/>\n<span style=\"color: #ff0000\">9. JJ Guisado<\/span><br \/>\n<span style=\"color: #ff0000\">10. JR \u00c1lvaro Gonz\u00e1lez<\/span><br \/>\n<span style=\"color: #ff0000\">11. Marta Jim\u00e9nez<\/span><br \/>\n<span style=\"color: #ff0000\">12. Abraham Figueiredo<\/span><br \/>\n<span style=\"color: #ff0000\">13. Vicente Camorro <\/span><br \/>\n<span style=\"color: #ff0000\">14. Israel Montes Lopez<\/span><br \/>\n<span style=\"color: #ff0000\">15. Manuel Bordallo<\/span><br \/>\n<span style=\"color: #ff0000\">16. Eugenio Morcillo<\/span><br \/>\n<span style=\"color: #ff0000\">17. Jos\u00e9 Ram\u00f3n Medina <\/span><br \/>\n<span style=\"color: #ff0000\">18. Luis Carlos Gonz\u00e1lez<\/span><\/p>\n<p><span style=\"color: #000080\">\u00a0<img loading=\"lazy\" src=\"\/\/concursoescolar.hoy.es\/cabeceras\/hoy\/\/img_noticias\/12420105559casadelvinocalledelobispobis.jpg\" alt=\"\" width=\"253\" height=\"189\" \/><\/span><\/p>\n<p><span style=\"color: #000080\">Qu\u00e9dense con algunos de estos nombres, y podr\u00e1n presumir en un futuro, que fueron testigos de sus primeros intentos de compartir con el p\u00fablico su nueva visi\u00f3n de que sus fotograf\u00edas han de ser con intenci\u00f3n\u2026e intencionadas. \u00a1Nos vemos el s\u00e1bado 3 de Septiembre en la Taberna de los 100 Vinos amigos!<\/span><\/p>\n<!-- AddThis Advanced Settings generic via filter on the_content --><!-- AddThis Share Buttons generic via filter on the_content -->","protected":false},"excerpt":{"rendered":"<p>&nbsp; &nbsp; Hoy, aunque sea viernes, no hablaremos de m\u00fasica en Don de LOCH LOMOND. Existen otras artes maravillosas, como la fotograf\u00eda, que nos hacen se\u00f1as y piden paso ante el inminente acontecimiento que acecha sobre nuestra ciudad. La Noche en Blanco del pasado a\u00f1o fue un exitazo, y sin dudarlo nuestra ciudad aspira a [&hellip;]<!-- AddThis Advanced Settings generic via filter on get_the_excerpt --><!-- AddThis Share Buttons generic via filter on get_the_excerpt --><\/p>\n","protected":false},"author":14,"featured_media":0,"comment_status":"open","ping_status":"closed","sticky":false,"template":"","format":"standard","meta":[],"categories":[2],"tags":[78,352,437,1439,1510,1515,1806,1978,2150,2153,2156,2337,2539,2600,2896,2925,3094,3103,3213,3262,4532,4541,4643],"_links":{"self":[{"href":"https:\/\/blogs.hoy.es\/loch-lomond\/wp-json\/wp\/v2\/posts\/328"}],"collection":[{"href":"https:\/\/blogs.hoy.es\/loch-lomond\/wp-json\/wp\/v2\/posts"}],"about":[{"href":"https:\/\/blogs.hoy.es\/loch-lomond\/wp-json\/wp\/v2\/types\/post"}],"author":[{"embeddable":true,"href":"https:\/\/blogs.hoy.es\/loch-lomond\/wp-json\/wp\/v2\/users\/14"}],"replies":[{"embeddable":true,"href":"https:\/\/blogs.hoy.es\/loch-lomond\/wp-json\/wp\/v2\/comments?post=328"}],"version-history":[{"count":0,"href":"https:\/\/blogs.hoy.es\/loch-lomond\/wp-json\/wp\/v2\/posts\/328\/revisions"}],"wp:attachment":[{"href":"https:\/\/blogs.hoy.es\/loch-lomond\/wp-json\/wp\/v2\/media?parent=328"}],"wp:term":[{"taxonomy":"category","embeddable":true,"href":"https:\/\/blogs.hoy.es\/loch-lomond\/wp-json\/wp\/v2\/categories?post=328"},{"taxonomy":"post_tag","embeddable":true,"href":"https:\/\/blogs.hoy.es\/loch-lomond\/wp-json\/wp\/v2\/tags?post=328"}],"curies":[{"name":"wp","href":"https:\/\/api.w.org\/{rel}","templated":true}]}}