{"id":33,"date":"2010-06-28T00:52:00","date_gmt":"2010-06-28T00:52:00","guid":{"rendered":"http:\/\/blogs.hoy.es\/loch-lomond\/?p=33"},"modified":"2010-06-28T00:52:00","modified_gmt":"2010-06-28T00:52:00","slug":"desesperar-nunca-rendirse-jamas","status":"publish","type":"post","link":"https:\/\/blogs.hoy.es\/loch-lomond\/2010\/06\/28\/desesperar-nunca-rendirse-jamas\/","title":{"rendered":"\u00a1Desesperar Nunca&#8230;Rendirse Jam\u00e1s!"},"content":{"rendered":"<p><font color=#000099><img id=img_0 src=\"\/\/sistacnet.info\/boletin\/wp-content\/uploads\/2008\/02\/optimistapesimista.jpg\"\/><\/font><\/p>\n<p><font color=#000099><\/font><\/p>\n<p><font color=#000099>El viernes pasado sufr\u00ed un buen palo. No se preocupen. Ninguna desgracia personal, gracias a Dios. A muchos incluso les parecer\u00eda una chorrada. La verdad es que para mi s\u00ed ha tenido importancia, para qu\u00e9 les voy a enga\u00f1ar. Ha sido un buen palo y de los gordos. \u00a1Y encima un Viernes! Parece mentira, \u00a1con lo que a mi me gustan los Viernes!<\/font><\/p>\n<p><font color=#000099><\/font><\/p>\n<p><font color=#000099><a href=\"https:\/\/blogs.hoy.es\/loch-lomond\/2010\/6\/18\/the-cure-friday-im-in-love\" rel=\"nofollow\"                           rel=nofollow>https:\/\/blogs.hoy.es\/loch-lomond\/2010\/6\/18\/the-cure-friday-im-in-love<\/a><\/font><\/p>\n<p><font color=#000099><\/font><\/p>\n<p><img id=img_3 src=\"\/\/adamsalamon.files.wordpress.com\/2007\/08\/homersimpson.jpg\"\/><\/p>\n<p><font color=#000099>No es la primera vez en mi vida que me dan un golpe moral parecido (\u00e9ste es el cuarto, si no me falla mi memoria de elefante) pero en el \u00faltimo lustro quiz\u00e1s sea el que m\u00e1s da\u00f1o me ha procurado. Tampoco puedo decir que no me lo esperara. Aunque siempre mantienes la esperanza hasta el \u00faltimo momento deseando que no sea as\u00ed, no acabas de creerte algo malo hasta que la realidad te abofetea en la cara con toda su crudeza. Est\u00e1 claro que en esta vida m\u00e1s vale caer en gracia que ser gracioso. Acostumbrarte a que nadie aprecie tus innegables virtudes, actitudes y aptitudes, y que gente menos capacitada te pase por encima, no es ya sino obviedad insalvable en esta jungla a la que llamamos mercado laboral.<\/font><\/p>\n<p><font color=#000099><\/font><\/p>\n<p><img id=img_2 src=\"\/\/i41.tinypic.com\/2s6llw3.jpg\"\/><\/p>\n<p><font color=#000099>El problema no radica s\u00f3lo ah\u00ed, en el golpe moral, la humillaci\u00f3n interior, y el sentimiento de impotencia, desprecio y abandono a tu persona, sino que en mi caso he notado como mi acostumbrado optimismo y gran sentido del humor han estado a un paso de hacerme caer en un estado feudal gobernado por la tirana melancol\u00eda, las malas sensaciones y el mal humor. Como siempre, tras apenas 48 horas y alguna copita de LOCH LOMOND, mi novia, mi familia y mis amigos no han permitido que esto ocurriera. \u00a1Y menos mal! No se puede ir por la vida presumiendo de cachondo mental y disgustarte tanto a las primeras de cambio por algo que realmente no vale tanto la pena. O si no recuerden mi art\u00edculo &#8220;humor&#8221; <\/font><\/p>\n<p><font color=#000099><\/font><\/p>\n<p><font color=#000099><a href=\"http:\/\/www.hoy.es\/v\/20100307\/opinion\/humor-20100307.html\" rel=\"nofollow\"                           rel=nofollow>http:\/\/www.hoy.es\/v\/20100307\/opinion\/humor-20100307.html<\/a><\/font><\/p>\n<p><font color=#000099><\/font><\/p>\n<p><font color=#000099><\/font><\/p>\n<p><font color=#000099>Mi padre me escribi\u00f3 ayer Domingo una frase en un email que ha sido el \u00faltimo empuj\u00f3n para volver a mi actual estado an\u00edmico: &#8220;La vida es as\u00ed en este asqueroso pa\u00eds hijo m\u00edo. Hay que aguantarse y resignarse sin dejar de luchar por lo que crees. Ahora bien, nunca te rindas, porque eso s\u00ed que no vale para nada&#8221;. <\/font><\/p>\n<p><font color=#000099><\/font><\/p>\n<p><font color=#000099>Esta frase me anim\u00f3 y me hizo recapacitar y pensar mucho. Por lo tanto ayer Domingo volv\u00ed al trabajo con el mejor de mis caretos, y poco a poco voy dejando asomar cada vez m\u00e1s mis blancas piezas dentales hasta recuperar la totalidad de mi acostumbrado estado de buen rollo.<\/font><\/p>\n<p><font color=#000099><\/font><\/p>\n<p><font color=#000099><\/font><\/p>\n<p><font color=#000099><\/font><img id=img_1 src=\"\/\/holismoplanetario.files.wordpress.com\/2009\/07\/caritafeliz22.jpeg\"\/><\/p>\n<p><font color=#000099>Ya lo saben amigos. Mucho \u00e1nimo para los golpes que nos espera en la vida. Deprimirse, angustiarse o desesperarse no vale nada m\u00e1s que para estar triste. Hay que luchar, buscar soluciones, intentar logar tu objetivo sin rendici\u00f3n. Todo tiene soluci\u00f3n menos la muerte. Por lo tanto ya saben: \u00a1Desesperar nunca&#8230;Rendirse jam\u00e1s!<\/font><\/p>\n<!-- AddThis Advanced Settings generic via filter on the_content --><!-- AddThis Share Buttons generic via filter on the_content -->","protected":false},"excerpt":{"rendered":"<p>El viernes pasado sufr\u00ed un buen palo. No se preocupen. Ninguna desgracia personal, gracias a Dios. A muchos incluso les parecer\u00eda una chorrada. La verdad es que para mi s\u00ed ha tenido importancia, para qu\u00e9 les voy a enga\u00f1ar. Ha sido un buen palo y de los gordos. \u00a1Y encima un Viernes! Parece mentira, \u00a1con [&hellip;]<!-- AddThis Advanced Settings generic via filter on get_the_excerpt --><!-- AddThis Share Buttons generic via filter on get_the_excerpt --><\/p>\n","protected":false},"author":14,"featured_media":0,"comment_status":"open","ping_status":"closed","sticky":false,"template":"","format":"standard","meta":[],"categories":[2],"tags":[239,2015,2516,3722],"_links":{"self":[{"href":"https:\/\/blogs.hoy.es\/loch-lomond\/wp-json\/wp\/v2\/posts\/33"}],"collection":[{"href":"https:\/\/blogs.hoy.es\/loch-lomond\/wp-json\/wp\/v2\/posts"}],"about":[{"href":"https:\/\/blogs.hoy.es\/loch-lomond\/wp-json\/wp\/v2\/types\/post"}],"author":[{"embeddable":true,"href":"https:\/\/blogs.hoy.es\/loch-lomond\/wp-json\/wp\/v2\/users\/14"}],"replies":[{"embeddable":true,"href":"https:\/\/blogs.hoy.es\/loch-lomond\/wp-json\/wp\/v2\/comments?post=33"}],"version-history":[{"count":0,"href":"https:\/\/blogs.hoy.es\/loch-lomond\/wp-json\/wp\/v2\/posts\/33\/revisions"}],"wp:attachment":[{"href":"https:\/\/blogs.hoy.es\/loch-lomond\/wp-json\/wp\/v2\/media?parent=33"}],"wp:term":[{"taxonomy":"category","embeddable":true,"href":"https:\/\/blogs.hoy.es\/loch-lomond\/wp-json\/wp\/v2\/categories?post=33"},{"taxonomy":"post_tag","embeddable":true,"href":"https:\/\/blogs.hoy.es\/loch-lomond\/wp-json\/wp\/v2\/tags?post=33"}],"curies":[{"name":"wp","href":"https:\/\/api.w.org\/{rel}","templated":true}]}}