{"id":338,"date":"2011-09-05T00:56:24","date_gmt":"2011-09-04T23:56:24","guid":{"rendered":"http:\/\/blogs.hoy.es\/loch-lomond\/?p=338"},"modified":"2011-09-05T00:56:24","modified_gmt":"2011-09-04T23:56:24","slug":"no-llegamos","status":"publish","type":"post","link":"https:\/\/blogs.hoy.es\/loch-lomond\/2011\/09\/05\/no-llegamos\/","title":{"rendered":"No llegamos"},"content":{"rendered":"<div><\/div>\n<div><span style=\"color: #000000;\">\u00a0Por Enrique Falc\u00f3. Portavoz de la generaci\u00f3n perdida<\/span><\/div>\n<div><\/div>\n<div><\/div>\n<div>\n<div>\n<div>\n<p><span style=\"color: #003366; font-size: medium;\">NO hay vuelta de hoja. Los j\u00f3venes extreme\u00f1os no llegamos. Y no me refiero precisamente al orgasmo, que por aquello de ser j\u00f3venes a\u00fan podemos buscarnos un poco la vida para la consecuci\u00f3n de tan dif\u00edcil, complicado y a la vez placentero tr\u00e1mite. Donde no llegamos ni haciendo filigranas es a final de mes. \u00a1C\u00f3mo odio los meses de 31 d\u00edas! \u00a1Se hacen eternos! Luego te dicen las empresas que hay que aguantar, que estamos en un momento muy dif\u00edcil, terrible, como si fu\u00e9semos tontos y no nos hubi\u00e9semos enterado. Muchos empresarios ruegan, por no a\u00f1adir \u00abexigen\u00bb, adem\u00e1s un sobreesfuerzo, traducido en m\u00e1s horas de trabajo a cambio del mismo o menor salario. \u00a1La de empresarios que se han subido al carro con la crisis y la maldita mandanga de que la cosa est\u00e1 muy mala! Claro que est\u00e1 mala, pero para otros est\u00e1 peor.<\/span><\/p>\n<p><span style=\"font-size: medium;\"><span style=\"color: #003366;\"><a><span style=\"color: #003366;\"><img src=\"\/\/cache2-thumb1.pressdisplay.com\/pressdisplay\/docserver\/getimage.aspx?regionguid=02dc2a76-a101-44d4-a7d4-ec99a66014ff&#038;scale=193&#038;file=22012011090400000000001001&#038;regionKey=pEwcZZfAKbnMwBh7m5NywQ%3d%3d\" alt=\"\" \/><\/span><\/a><\/span><span style=\"color: #003366;\">\u00a0<\/span><\/span><\/p>\n<div>\n<div>\n<div>\n<h2><span style=\"font-size: medium;\">Nuestros padres nos tildan de quejicas, record\u00e1ndonos que ellos tambi\u00e9n lo pasaron<\/span><br \/>\n<span style=\"font-size: medium;\"> mal al principio, pero no conozco a ning\u00fan amigo que gane siquiera algo parecido al sueldo de su progenitor<\/span><\/h2>\n<\/div>\n<\/div>\n<\/div>\n<p><span style=\"color: #003366; font-size: medium;\">En nuestra regi\u00f3n es casi una utop\u00eda que un joven de 30 a\u00f1os sea \u2018mileurista\u2019, y si sobrepasa esta cantidad lo hace en muy pocos emolumentos. \u00abEs que los j\u00f3venes de hoy en d\u00eda lo quer\u00e9is tener todo\u00bb, pensar\u00e1 el t\u00edpico <a title=\"cambios don de loch lomond\" href=\"https:\/\/blogs.hoy.es\/loch-lomond\/2010\/10\/31\/cambios\/\" target=\"_blank\">ceporro cincuent\u00f3n<\/a> (y que no se me enfade do\u00f1a <a title=\"generalizar don de loch lomond\" href=\"https:\/\/blogs.hoy.es\/loch-lomond\/2010\/11\/14\/generalizar-2\/\" target=\"_blank\">Manuela Mart\u00edn<\/a>) bien asentado que observa con recelo a los j\u00f3venes por encima del hombro. Hombre, todo no, pero es que hay cosas a las que uno no puede renunciar si quiere seguir subsistiendo en este valle de l\u00e1grimas. Siempre te salen con el cuento de que para qu\u00e9 quieres Internet. Mi menda considera imprescindible que cualquier joven de hoy en d\u00eda, sea cual sea su oficio u ocupaci\u00f3n, disponga al menos de un ordenador y una conexi\u00f3n a Internet. Ya hemos hablado muchas veces de que los nuevos analfabetos del siglo XXI son quienes desconocen y reh\u00fayen de las nuevas tecnolog\u00edas. Internet, adem\u00e1s de una inagotable fuente de ocio, es imprescindible para formarse, comunicarse e incluso buscar nuevas posibilidades laborales.<\/span><\/p>\n<\/div>\n<div>\n<p><span style=\"color: #003366; font-size: medium;\">Luego est\u00e1n los que nos recriminan las hipotecas, la obsesi\u00f3n por comprar una casa. Hombre, es que los alquileres tampoco est\u00e1n muy baratos y en alg\u00fan sitio tendremos que vivir, y de acuerdo que existen quienes pretenden tenerlas equipadas hasta el \u00faltimo detalle, pero si les confieso la verdad, en mi c\u00edrculo de amistades, de muy amplia y diferente condici\u00f3n social, es bastante habitual que tengan la casa a medio poner. El coche es otro lujo al que muchos no pueden permitirse renunciar, y el gasto que supone la gasolina, el mantenimiento y el correspondiente seguro (casi siempre el m\u00ednimo, ustedes ver\u00e1n) son un lastre importante en las precarias econom\u00edas. Si no que se lo digan a tant\u00edsimos amigos que viven en casas de protecci\u00f3n oficial en Badajoz en el Cerro Gordo, La Pilara o Cuart\u00f3n Cortijo. O a quienes se desplazan desde M\u00e9rida o Jerez de los Caballeros, por ejemplo, hasta C\u00e1ceres o Badajoz por motivos laborales.<\/span><\/p>\n<p><span style=\"color: #003366; font-size: medium;\">El otro d\u00eda una compa\u00f1era de mi empresa se encontraba muerta de cansancio y muy deprimida. Aunque est\u00e1 empleada a media jornada por las tardes, por las ma\u00f1anas tiene que buscarse la vida cuidando ni\u00f1os o de empleada de hogar con jornadas de 8 horas, por supuesto sin contrato, y cobrando una miseria, para que luego te suelte el Gobierno que Espa\u00f1a no est\u00e1 tan mal, que lo que ocurre es que hay mucha econom\u00eda sumergida. Su marido sale a trabajar a las 5 de la ma\u00f1ana y hay noches en que a las doce a\u00fan no ha llegado a casa. \u00abTodo el d\u00eda trabajando Falc\u00f3, para que luego no tengas ni un duro para tomarte una cerveza\u00bb, me dice mi desconsolada compa\u00f1era. \u00ab\u00a1A quien se lo dices!\u00bb, respondo a modo de broma, que mejor re\u00edr que llorar, porque la cosa es para llorar. Nuestros padres nos tildan de quejicas, record\u00e1ndonos que ellos tambi\u00e9n lo pasaron mal al principio y sufrieron muchas calamidades, pero no conozco a ning\u00fan amigo de mi quinta que gane siquiera algo parecido al sueldo de su progenitor. Ese es el problema, que antes los sueldos ten\u00edan m\u00e1s ceros, y no porque fueran en pesetas.<\/span><\/p>\n<p><span style=\"color: #003366; font-size: medium;\">Nos hemos cargado la clase media, la alta y la baja, para dar paso a una nueva estirpe social. En esta nueva clase coexisten muchas y diferentes condiciones sociales. Los hay con estudios y m\u00e1steres, los hay con etiqueta de an\u00eds del mono en lugar de graduado escolar. Algunos son hijos de m\u00e9dicos, abogados o periodistas y otros de jardineros, barrenderos o peones de alba\u00f1il. Pero todos coinciden en la precariedad econ\u00f3mica que les incapacita la posibilidad de llegar a ser felices. Muchas de estas parejas se han roto siendo la falta de recursos econ\u00f3micos la principal causa de dicha ruptura. En esta nueva clase social la precariedad econ\u00f3mica motiva que una mujer embarazada sea considerada como una irresponsable antes que como una futura madre, por aquello de atreverse a traer a este mundo una boca m\u00e1s. \u00a1No s\u00e9 qu\u00e9 va a ser de nosotros! Nunca podremos vivir como cuando cohabit\u00e1bamos con nuestros padres en el domicilio familiar. Porque ellos tampoco llegaban\u2026 pero siempre llegaban. Y hablando de llegar, la que se nos viene encima, que esa es otra. Que alguien piense algo porque lo que es a m\u00ed se me han acabado las ideas. \u00a1Capit\u00e1n Trueno, Tint\u00edn, Superman, Ast\u00e9rix! \u00a1Venid a salvarnos sin demora por Dios! Porque me da en la nariz que esto no ha hecho m\u00e1s que empezar.<\/span><\/p>\n<p><span style=\"color: #003366; font-size: medium;\">Publicado en Diario HOY el 04\/09\/2011<\/span><\/p>\n<p><span style=\"color: #003366; font-size: medium;\"><a href=\"http:\/\/www.kioskoymas.com\/epaper\/showlink.aspx?bookmarkid=TNFC5GX3G241&#038;preview=magnifier&#038;linkid=8a2b5b94-14ce-427f-bdf4-3c2b99e29699&#038;pdaffid=1NEHCXDv4QZRFanP7KJR9A%3d%3d\"><img src=\"\/\/cache2-thumb1.pressdisplay.com\/pressdisplay\/docserver\/getimage.aspx?file=22012011090400000000001001&#038;page=30&#038;scale=23\" alt=\"\" \/><\/a><\/span><\/p>\n<\/div>\n<\/div>\n<p dir=\"ltr\">\n<\/div>\n<p>&nbsp;<\/p>\n<div><\/div>\n<div><\/div>\n<div><\/div>\n<p>&nbsp;<\/p>\n<!-- AddThis Advanced Settings generic via filter on the_content --><!-- AddThis Share Buttons generic via filter on the_content -->","protected":false},"excerpt":{"rendered":"<p>\u00a0Por Enrique Falc\u00f3. Portavoz de la generaci\u00f3n perdida NO hay vuelta de hoja. Los j\u00f3venes extreme\u00f1os no llegamos. Y no me refiero precisamente al orgasmo, que por aquello de ser j\u00f3venes a\u00fan podemos buscarnos un poco la vida para la consecuci\u00f3n de tan dif\u00edcil, complicado y a la vez placentero tr\u00e1mite. Donde no llegamos ni [&hellip;]<!-- AddThis Advanced Settings generic via filter on get_the_excerpt --><!-- AddThis Share Buttons generic via filter on get_the_excerpt --><\/p>\n","protected":false},"author":14,"featured_media":0,"comment_status":"open","ping_status":"closed","sticky":false,"template":"","format":"standard","meta":[],"categories":[8],"tags":[437,900,903,1018,1036,1138,1232,1260,1439,1515,1560,1806,2108,2629,2767,2904,3103,3310,3448,3491,3527,3685,3732,3810,4175,4261,4310,4555,4798,5059,5086,5167],"_links":{"self":[{"href":"https:\/\/blogs.hoy.es\/loch-lomond\/wp-json\/wp\/v2\/posts\/338"}],"collection":[{"href":"https:\/\/blogs.hoy.es\/loch-lomond\/wp-json\/wp\/v2\/posts"}],"about":[{"href":"https:\/\/blogs.hoy.es\/loch-lomond\/wp-json\/wp\/v2\/types\/post"}],"author":[{"embeddable":true,"href":"https:\/\/blogs.hoy.es\/loch-lomond\/wp-json\/wp\/v2\/users\/14"}],"replies":[{"embeddable":true,"href":"https:\/\/blogs.hoy.es\/loch-lomond\/wp-json\/wp\/v2\/comments?post=338"}],"version-history":[{"count":0,"href":"https:\/\/blogs.hoy.es\/loch-lomond\/wp-json\/wp\/v2\/posts\/338\/revisions"}],"wp:attachment":[{"href":"https:\/\/blogs.hoy.es\/loch-lomond\/wp-json\/wp\/v2\/media?parent=338"}],"wp:term":[{"taxonomy":"category","embeddable":true,"href":"https:\/\/blogs.hoy.es\/loch-lomond\/wp-json\/wp\/v2\/categories?post=338"},{"taxonomy":"post_tag","embeddable":true,"href":"https:\/\/blogs.hoy.es\/loch-lomond\/wp-json\/wp\/v2\/tags?post=338"}],"curies":[{"name":"wp","href":"https:\/\/api.w.org\/{rel}","templated":true}]}}