{"id":340,"date":"2011-09-08T01:44:46","date_gmt":"2011-09-08T00:44:46","guid":{"rendered":"http:\/\/blogs.hoy.es\/loch-lomond\/?p=340"},"modified":"2011-09-08T01:44:46","modified_gmt":"2011-09-08T00:44:46","slug":"nuestras-voces-no-se-alzan","status":"publish","type":"post","link":"https:\/\/blogs.hoy.es\/loch-lomond\/2011\/09\/08\/nuestras-voces-no-se-alzan\/","title":{"rendered":"Nuestras voces no se alzan"},"content":{"rendered":"<p><span style=\"color: #000080\"><img loading=\"lazy\" class=\"alignnone\" src=\"\/\/api.ning.com\/files\/fzGbE9oyIgCqMjzU8Yd-8mwh1EJxHAmaHdmEK-mUlAvwGMlxY1-tMn1Rb4DjwpIk8RAUPM6KlnF2g0oO-LYKc8wT1Vb8XB2x\/Extremadura.png\" alt=\"\" width=\"849\" height=\"959\" \/><\/span><\/p>\n<p><span style=\"color: #000080\">Justo un a\u00f1o despu\u00e9s de escribir mi post <a title=\"extremadura don de loch lomond\" href=\"https:\/\/blogs.hoy.es\/loch-lomond\/2010\/09\/07\/extremadura\/\" target=\"_blank\">\u201cExtremadura\u201d<\/a> me sigo encontrando con los mismos cretinos que desconocen que hoy, 8 de Septiembre, es el d\u00eda de su tierra, el d\u00eda de Extremadura. Algunos contin\u00faan sintiendo verg\u00fcenza ajena por el hecho de pertenecer a una tierra con tan poco glamour y falta de oportunidades. En su <a title=\"as\u00ed nos va J. L\u00f3pez Lago\" href=\"http:\/\/www.hoy.es\/v\/20110908\/badajoz\/falta-himno-batalla-20110908.html\" target=\"_blank\">\u201cAs\u00ed nos va\u201d<\/a> de hoy, <a title=\"erre que erre\" href=\"https:\/\/blogs.hoy.es\/loch-lomond\/2010\/10\/26\/erre-erre\/\" target=\"_blank\">J. L\u00f3pez Lago<\/a> pone el dedo en la llaga cuando narra aquello de que existen quienes parecen incluso avergonzarse de nuestro himno. <span style=\"color: #ff0000\">\u201cEntre el pudor y la ignorancia, observen que casi nadie lo canta en los actos\u201d<\/span> a\u00f1ade literalmente el periodista de HOY. Dolorosa verdad, sobre todo la que hace referencia a la ignorancia.<\/span><\/p>\n<p><span style=\"color: #000080\"><img loading=\"lazy\" class=\"alignnone\" src=\"\/\/talayuelaexchange.wikispaces.com\/file\/view\/himno_Extremadura.JPG\/189114901\/himno_Extremadura.JPG\" alt=\"\" width=\"668\" height=\"503\" \/><\/span><\/p>\n<p><span style=\"color: #000080\">\u00a0Precisamente ayer, mi amigo <a title=\"Manuel Pecell\u00edn\" href=\"https:\/\/blogs.hoy.es\/loch-lomond\/2011\/08\/28\/pecellin-y-la-escuela-de-los-suenos\/\" target=\"_blank\">Manuel Pecell\u00edn<\/a>, recib\u00eda su Medalla de Extremadura. Ya les he narrado la an\u00e9cdota aquella en la que mi antiguo profesor suspendi\u00f3 a una alumna oliventina porque desconoc\u00eda qu\u00e9 era la <a title=\"Don Manuel Pecell\u00edn Lancharro\" href=\"https:\/\/blogs.hoy.es\/loch-lomond\/2010\/10\/09\/don-manuel-pecellin-lancharro\/\" target=\"_blank\">\u201cT\u00e9cula M\u00e9cula\u201d<\/a>. Cuando la ignorancia ata\u00f1e a las cosas m\u00e1s cercanas se convierte en peligrosa e incluso en insultante compa\u00f1era de viaje. L\u00f3pez Lago, como el menda y muchos de mi quinta, aprendimos el Himno de Extremadura en el Colegio. Evidentemente no es necesario que uno vaya continuamente cant\u00e1ndolo a viva voz, pero no estar\u00eda de m\u00e1s que alguno que otro retuviera su texto en la cabeza y reflexionara sobre su significado. El D\u00eda de Extremadura no es m\u00e1s que un festivo como otro cualquiera. No es lo realmente importante, al igual que el Himno, que puede ser m\u00e1s o menos apropiado. Quien permite que la ignorancia le haga obviar la realidad del mundo que le rodea est\u00e1 condenado a llevar una vida tan vac\u00eda como la Marmita de Panor\u00e1mix cuando Ob\u00e9lix cay\u00f3 en ella de peque\u00f1o. Ya lo dije una vez. <a title=\"ignorancia Enrique Falc\u00f3 hoy.es\" href=\"http:\/\/www.hoy.es\/v\/20100502\/opinion\/ignorancia-20100502.html\" target=\"_blank\">La ignorancia es atrevida y peligrosa, pero puede corregirse con el tiempo<\/a>. A m\u00ed no se me va a olvidar nunca el himno de Extremadura, ni me sentir\u00e9 avergonzado si alg\u00fan d\u00eda lo escucho o he de cantarlo en p\u00fablico, ni confundir\u00e9 la festividad de este d\u00eda con otras como el Puente de la Constituci\u00f3n. S\u00e9 d\u00f3nde he nacido, vivo y espero morir. All\u00e1 cada uno con su conciencia. <a title=\"nuestra tierra enrique falc\u00f3 hoy.es\" href=\"http:\/\/www.hoy.es\/v\/20110529\/opinion\/nuestra-tierra-20110529.html\" target=\"_blank\">Extremadura<\/a> merece m\u00e1s respeto, y mucho m\u00e1s amor, pero qu\u00e9 le vamos a hacer, de desagradecidos est\u00e1 el mundo lleno.<\/span><\/p>\n<!-- AddThis Advanced Settings generic via filter on the_content --><!-- AddThis Share Buttons generic via filter on the_content -->","protected":false},"excerpt":{"rendered":"<p>Justo un a\u00f1o despu\u00e9s de escribir mi post \u201cExtremadura\u201d me sigo encontrando con los mismos cretinos que desconocen que hoy, 8 de Septiembre, es el d\u00eda de su tierra, el d\u00eda de Extremadura. Algunos contin\u00faan sintiendo verg\u00fcenza ajena por el hecho de pertenecer a una tierra con tan poco glamour y falta de oportunidades. En [&hellip;]<!-- AddThis Advanced Settings generic via filter on get_the_excerpt --><!-- AddThis Share Buttons generic via filter on get_the_excerpt --><\/p>\n","protected":false},"author":14,"featured_media":0,"comment_status":"open","ping_status":"closed","sticky":false,"template":"","format":"standard","meta":[],"categories":[5],"tags":[243,578,1375,1435,1439,1515,1806,1985,2434,2532,3103,3307,3355,3403,3728,3729,3751,3784,3882,4111,4164,4440,4894,4977],"_links":{"self":[{"href":"https:\/\/blogs.hoy.es\/loch-lomond\/wp-json\/wp\/v2\/posts\/340"}],"collection":[{"href":"https:\/\/blogs.hoy.es\/loch-lomond\/wp-json\/wp\/v2\/posts"}],"about":[{"href":"https:\/\/blogs.hoy.es\/loch-lomond\/wp-json\/wp\/v2\/types\/post"}],"author":[{"embeddable":true,"href":"https:\/\/blogs.hoy.es\/loch-lomond\/wp-json\/wp\/v2\/users\/14"}],"replies":[{"embeddable":true,"href":"https:\/\/blogs.hoy.es\/loch-lomond\/wp-json\/wp\/v2\/comments?post=340"}],"version-history":[{"count":0,"href":"https:\/\/blogs.hoy.es\/loch-lomond\/wp-json\/wp\/v2\/posts\/340\/revisions"}],"wp:attachment":[{"href":"https:\/\/blogs.hoy.es\/loch-lomond\/wp-json\/wp\/v2\/media?parent=340"}],"wp:term":[{"taxonomy":"category","embeddable":true,"href":"https:\/\/blogs.hoy.es\/loch-lomond\/wp-json\/wp\/v2\/categories?post=340"},{"taxonomy":"post_tag","embeddable":true,"href":"https:\/\/blogs.hoy.es\/loch-lomond\/wp-json\/wp\/v2\/tags?post=340"}],"curies":[{"name":"wp","href":"https:\/\/api.w.org\/{rel}","templated":true}]}}