{"id":352,"date":"2011-09-15T00:11:20","date_gmt":"2011-09-14T23:11:20","guid":{"rendered":"http:\/\/blogs.hoy.es\/loch-lomond\/?p=352"},"modified":"2011-09-15T00:11:20","modified_gmt":"2011-09-14T23:11:20","slug":"acorralados","status":"publish","type":"post","link":"https:\/\/blogs.hoy.es\/loch-lomond\/2011\/09\/15\/acorralados\/","title":{"rendered":"Acorralados"},"content":{"rendered":"<p><a href=\"\/loch-lomond\/wp-content\/uploads\/sites\/10\/2011\/09\/acorralados1.jpg\"><img loading=\"lazy\" class=\"alignnone size-full wp-image-353\" title=\"acorralados\" src=\"\/loch-lomond\/wp-content\/uploads\/sites\/10\/2011\/09\/acorralados1.jpg\" alt=\"\" width=\"600\" height=\"400\" srcset=\"https:\/\/static-blogs.hoy.es\/wp-content\/uploads\/sites\/10\/2011\/09\/acorralados1.jpg 600w, https:\/\/static-blogs.hoy.es\/wp-content\/uploads\/sites\/10\/2011\/09\/acorralados1-300x200.jpg 300w\" sizes=\"(max-width: 600px) 100vw, 600px\" \/><\/a><\/p>\n<p><span style=\"color: #000080;\">En mi \u00e9poca colegial a\u00fan aguant\u00e1bamos estoicamente aquello de acudir a clase por la tarde. Era un fastidio, y una p\u00e9rdida de tiempo in\u00fatil, aquella maldita hora y media, de 15:30 a 17:00. Los m\u00e1s optimistas nos lo tom\u00e1bamos como algo que hacer entre la comida y la merienda. Eran dar las cinco en punto y quien suscribe marchaba pitando a casa a prepararse el pan con chocolate antes de que empezara <a title=\"barrios s\u00e9samo en don de loch lomond\" href=\"https:\/\/blogs.hoy.es\/loch-lomond\/2011\/04\/03\/barrio-sesamo\/\" target=\"_blank\">Espinete<\/a>, y m\u00e1s tarde Los mundos de Yupi. Ya m\u00e1s mayor, con la llegada de las privadas a principio de los 90 la oferta se ampli\u00f3 de tal modo que se convirti\u00f3 en habitual que los ni\u00f1os de mi clase no vi\u00e9ramos todos los mismos programas. Eso s\u00ed, pusieras el canal que pusieras, excepto la 2, no encontrabas m\u00e1s que programaci\u00f3n infantil, programaci\u00f3n dicho sea de paso que no solo disfrutaban los ni\u00f1os, ustedes ya me entienden.<\/span><\/p>\n<p><span style=\"color: #000080;\"><a href=\"\/loch-lomond\/wp-content\/uploads\/sites\/10\/2011\/09\/espinete1.jpg\"><img loading=\"lazy\" class=\"alignnone size-full wp-image-354\" title=\"espinete\" src=\"\/loch-lomond\/wp-content\/uploads\/sites\/10\/2011\/09\/espinete1.jpg\" alt=\"\" width=\"324\" height=\"400\" srcset=\"https:\/\/static-blogs.hoy.es\/wp-content\/uploads\/sites\/10\/2011\/09\/espinete1.jpg 324w, https:\/\/static-blogs.hoy.es\/wp-content\/uploads\/sites\/10\/2011\/09\/espinete1-243x300.jpg 243w\" sizes=\"(max-width: 324px) 100vw, 324px\" \/><\/a><\/span><\/p>\n<p><span style=\"color: #000080;\">Hoy en d\u00eda y desde hace ya muchos a\u00f1os, esa hora y media que pas\u00e1bamos en el colegio por la tarde la ocupan programas de coraz\u00f3n, y por supuesto, las siguientes horas por descontado. Por las noches en Prime Time para variar\u00a0priman los programas de tem\u00e1tica rosa, y los fines de semana por la ma\u00f1ana tambi\u00e9n. Y si no realities o peor a\u00fan,\u00a0magazines donde solo se habla de coraz\u00f3n y realities. Coraz\u00f3n y realities por todas partes. \u00bfEs lo que pedimos o es lo que nos dan? He ah\u00ed la cuesti\u00f3n. Para ayudar a deducir el asunto les anuncio que esta noche, en riguroso Prime Time, &#8220;Acorralados&#8221;, un nuevo realitie de Tele 5\u00a0 que har\u00e1 las delicias de algunos de ustedes. Han le\u00eddo bien, de ustedes, porque para ver a chorizos, putillas y famosetes de segunda, y a algunas de sus guarrillas, madres, novias, exnovias, primas, vecinas y dem\u00e1s parentescos haciendo el canelo, el menda se pone a ver una serie decente o una buena peli &#8220;on line&#8221; en su port\u00e1til. Gracias a la programaci\u00f3n basura que nos tiene acorralados quien suscribe ha descubierto con much\u00edsimos a\u00f1os de antelaci\u00f3n aquello de <a title=\"los misterios de laura\" href=\"https:\/\/blogs.hoy.es\/loch-lomond\/2011\/06\/28\/los-misterios-laura\/\" target=\"_blank\">la televisi\u00f3n a la carta<\/a>.<\/span><\/p>\n<!-- AddThis Advanced Settings generic via filter on the_content --><!-- AddThis Share Buttons generic via filter on the_content -->","protected":false},"excerpt":{"rendered":"<p>En mi \u00e9poca colegial a\u00fan aguant\u00e1bamos estoicamente aquello de acudir a clase por la tarde. Era un fastidio, y una p\u00e9rdida de tiempo in\u00fatil, aquella maldita hora y media, de 15:30 a 17:00. Los m\u00e1s optimistas nos lo tom\u00e1bamos como algo que hacer entre la comida y la merienda. Eran dar las cinco en punto [&hellip;]<!-- AddThis Advanced Settings generic via filter on get_the_excerpt --><!-- AddThis Share Buttons generic via filter on get_the_excerpt --><\/p>\n","protected":false},"author":14,"featured_media":0,"comment_status":"open","ping_status":"closed","sticky":false,"template":"","format":"standard","meta":[],"categories":[5],"tags":[105,1187,1515,1806,1893,2629,3103,3160,3234,3445,3792,4214,4242,4367,4897,4910,5114],"_links":{"self":[{"href":"https:\/\/blogs.hoy.es\/loch-lomond\/wp-json\/wp\/v2\/posts\/352"}],"collection":[{"href":"https:\/\/blogs.hoy.es\/loch-lomond\/wp-json\/wp\/v2\/posts"}],"about":[{"href":"https:\/\/blogs.hoy.es\/loch-lomond\/wp-json\/wp\/v2\/types\/post"}],"author":[{"embeddable":true,"href":"https:\/\/blogs.hoy.es\/loch-lomond\/wp-json\/wp\/v2\/users\/14"}],"replies":[{"embeddable":true,"href":"https:\/\/blogs.hoy.es\/loch-lomond\/wp-json\/wp\/v2\/comments?post=352"}],"version-history":[{"count":0,"href":"https:\/\/blogs.hoy.es\/loch-lomond\/wp-json\/wp\/v2\/posts\/352\/revisions"}],"wp:attachment":[{"href":"https:\/\/blogs.hoy.es\/loch-lomond\/wp-json\/wp\/v2\/media?parent=352"}],"wp:term":[{"taxonomy":"category","embeddable":true,"href":"https:\/\/blogs.hoy.es\/loch-lomond\/wp-json\/wp\/v2\/categories?post=352"},{"taxonomy":"post_tag","embeddable":true,"href":"https:\/\/blogs.hoy.es\/loch-lomond\/wp-json\/wp\/v2\/tags?post=352"}],"curies":[{"name":"wp","href":"https:\/\/api.w.org\/{rel}","templated":true}]}}