{"id":356,"date":"2011-09-18T17:32:29","date_gmt":"2011-09-18T16:32:29","guid":{"rendered":"http:\/\/blogs.hoy.es\/loch-lomond\/?p=356"},"modified":"2011-09-18T17:32:29","modified_gmt":"2011-09-18T16:32:29","slug":"los-frustrados-hijos-de-la-clase-media","status":"publish","type":"post","link":"https:\/\/blogs.hoy.es\/loch-lomond\/2011\/09\/18\/los-frustrados-hijos-de-la-clase-media\/","title":{"rendered":"Los frustrados hijos de la clase media"},"content":{"rendered":"<p><a href=\"\/loch-lomond\/wp-content\/uploads\/sites\/10\/2011\/09\/los-frustrados-hijos.gif\"><img loading=\"lazy\" class=\"alignnone size-full wp-image-357\" title=\"los frustrados hijos\" src=\"\/loch-lomond\/wp-content\/uploads\/sites\/10\/2011\/09\/los-frustrados-hijos.gif\" alt=\"\" width=\"464\" height=\"336\" \/><\/a><\/p>\n<p>Enrique Falc\u00f3. Desesperanzado Generacional.<\/p>\n<p><span style=\"color: #000080;\">Recordar\u00e1n que hace un par de semanas les hablaba de nosotros, los j\u00f3venes extreme\u00f1os, de que <a title=\"no llegamos. Enrique Falc\u00f3\" href=\"https:\/\/blogs.hoy.es\/loch-lomond\/2011\/09\/05\/no-llegamos\/\" target=\"_blank\">no llegamos<\/a>, de que no podemos m\u00e1s. En dicho art\u00edculo dej\u00e9 caer un gui\u00f1o cari\u00f1oso para la gran periodista de HOY <a title=\"efectivamente os hemos enga\u00f1ado\" href=\"http:\/\/www.hoy.es\/v\/20101107\/regional\/efectivamente-hemos-enganado-20101107.html\" target=\"_blank\">Manuela Mart\u00edn<\/a>, quien como siempre capt\u00f3 mi iron\u00eda con deportividad y exquisito sentido del humor. Charlando con ella poco despu\u00e9s en las redes sociales se lo record\u00e9 chistosamente, y una vez m\u00e1s me dio una lecci\u00f3n soberbia de an\u00e1lisis de contenidos. \u201cTras leer tu art\u00edculo se me ocurre un debate que podr\u00eda interesar a la gente de tu edad y por supuesto de la m\u00eda\u201d \u2013 Me dijo de pronto \u2013 \u201cLos frustrados hijos de la clase media\u201d. As\u00ed que podr\u00edamos decir que es do\u00f1a Manuela quien titula este art\u00edculo. Yo a\u00fan dir\u00eda m\u00e1s m\u00e1s mi querido Hern\u00e1ndez, es Manuela Mart\u00edn quien articula este t\u00edtulo. Aceptamos el hecho de que nuestros sueldos son de miseria, pero como insiste Manuela, la cuesti\u00f3n es qu\u00e9 pueden o qu\u00e9 deben hacer los j\u00f3venes en desempleo o los que reciben sueldos mucho m\u00e1s bajos que los de sus padres. Por descontado que a la excelente periodista le rondar\u00e1n miles de ideas y cuestiones, e incluso soluciones a medio o largo plazo para aparcar la miseria de nuestra cotidianidad, pero insistir en que las compartiera conmigo hubiera sido demasiado, comparable a pedirle que me escribiera este art\u00edculo, y a pesar de mi total falta de verg\u00fcenza no ostento tal caradura. Lo \u00fanico que se me ocurre es rogarle desde estas l\u00edneas que, entre semana pol\u00edtica y otra, escriba m\u00e1s sobre nosotros los j\u00f3venes, pues tiene mucho que ense\u00f1arnos de nosotros mismos.<\/span><\/p>\n<p><span style=\"color: #000080;\"><a href=\"\/loch-lomond\/wp-content\/uploads\/sites\/10\/2011\/09\/los-futrados-hijos-2.jpg\"><img loading=\"lazy\" class=\"alignnone size-full wp-image-358\" title=\"los futrados hijos 2\" src=\"\/loch-lomond\/wp-content\/uploads\/sites\/10\/2011\/09\/los-futrados-hijos-2.jpg\" alt=\"\" width=\"400\" height=\"300\" srcset=\"https:\/\/static-blogs.hoy.es\/wp-content\/uploads\/sites\/10\/2011\/09\/los-futrados-hijos-2.jpg 400w, https:\/\/static-blogs.hoy.es\/wp-content\/uploads\/sites\/10\/2011\/09\/los-futrados-hijos-2-300x225.jpg 300w\" sizes=\"(max-width: 400px) 100vw, 400px\" \/><\/a><\/span><\/p>\n<p><span style=\"color: #000080;\">Casi me averg\u00fcenzo de haber pasado por alto a los j\u00f3venes sin empleo en mi art\u00edculo de hace dos semanas. Empieza uno a llorar por lo poco que cobra y se olvida de los que est\u00e1n a\u00fan en peor situaci\u00f3n. Es muy duro trabajar tantas horas para no poder permitirte m\u00e1s que lo necesario o incluso ni eso, pero de coraz\u00f3n he de confesarles que no debe existir trabajo m\u00e1s frustrante, duro y cansado que estar sin empleo. \u00a1C\u00f3mo nos enga\u00f1aron! \u00a1Qu\u00e9 manera de meternos en la cabeza que ten\u00edamos que estudiar una carrera! Est\u00e1 claro que nuestros padres y profesores actuaban con toda la buena fe del mundo, llevados supongo por ese af\u00e1n de que sus hijos accedieran a las oportunidades que ellos ni pudieron so\u00f1ar. Lamentablemente como consecuencia tenemos a d\u00eda de hoy a cientos de miles de j\u00f3venes titulados en las colas del INEM, y un sector \u201cservicios\u201d m\u00e1s preparado que nunca: Periodistas-camareros, maestros-camareros, abogados-camareros\u2026 \u00a1Parece que solo se puede trabajar de camarero en esta regi\u00f3n! Ser\u00e1 por aquello de que nos hemos dado a la bebida en masa para olvidar las penas y no precisamente del amor, aunque al precio que marcan las bebidas de licor no nos quedar\u00e1 m\u00e1s remedio que tirarnos al vino pele\u00f3n de tetrabrik, con la consecuente p\u00e9rdida de empleo que supondr\u00e1 tambi\u00e9n para este sector.<\/span><\/p>\n<p><span style=\"color: #000080;\"><a href=\"\/loch-lomond\/wp-content\/uploads\/sites\/10\/2011\/09\/los-frustrados-hijos-3.jpg\"><img loading=\"lazy\" class=\"alignnone size-full wp-image-359\" title=\"los frustrados hijos 3\" src=\"\/loch-lomond\/wp-content\/uploads\/sites\/10\/2011\/09\/los-frustrados-hijos-3.jpg\" alt=\"\" width=\"1024\" height=\"768\" srcset=\"https:\/\/static-blogs.hoy.es\/wp-content\/uploads\/sites\/10\/2011\/09\/los-frustrados-hijos-3.jpg 1024w, https:\/\/static-blogs.hoy.es\/wp-content\/uploads\/sites\/10\/2011\/09\/los-frustrados-hijos-3-300x225.jpg 300w, https:\/\/static-blogs.hoy.es\/wp-content\/uploads\/sites\/10\/2011\/09\/los-frustrados-hijos-3-768x576.jpg 768w\" sizes=\"(max-width: 1024px) 100vw, 1024px\" \/><\/a><\/span><\/p>\n<p><span style=\"color: #000080;\">\u00a0Yo no s\u00e9 cu\u00e1l es la soluci\u00f3n, ni qu\u00e9 debemos de hacer con nuestro sueldo. Lo primero que se me ocurre es pagar la hipoteca y las facturas. Ahora bien, a lo mejor tendr\u00edamos que estudiar la posibilidad de rebajar esas facturas. Todos vivimos por encima de nuestras posibilidades, algo realmente reprobable si bien entendible. El problema es que algunos piensan que las tarjetas de cr\u00e9dito y los pr\u00e9stamos se pagan solos, por arte de magia. Fijar las prioridades ser\u00eda tambi\u00e9n positivo, y muy importante. No pasa nada por no tener un tresillo de cuero, o un congelador americano de esos que hasta te fabrican hielo, o una pantalla de 50 pulgadas. M\u00e1s vale quedarte sin tabaco y whisky a \u00faltimo de mes que sin comida, o sin pa\u00f1ales y potitos para tu hijo. Mejor pagar la factura de la luz y el gas que salir a cenar o de copas. Ya he tratado muchas veces el tema de las casas y de los coches. No hay vuelta de hoja: Si cobras 700 euros al mes no puedes comprarte una casa cuya hipoteca ascienda a 1.300 euros mensuales, ni un coche que signifique m\u00e1s de 600 euros al mes entre plazos, gasolina y seguro. Hemos de olvidar c\u00f3mo viv\u00edamos con nuestros padres, es nuestro lamentable y triste sino. Somos los frustrados hijos de la clase media, una clase que ha desaparecido para siempre en pos de una \u00a0a\u00fan peor \u00a0que sufrir\u00e1n nuestros hijos, quienes a su vez, y tras la desesperante degeneraci\u00f3n que nos asola, a\u00f1orar\u00e1n lo bien que viv\u00edan con sus padres, y recordar\u00e1n con l\u00e1grimas en los ojos al igual que nosotros, aquellos peque\u00f1os caprichos que se permit\u00edan y que quedaron para siempre perdidos en el tiempo, como polvo en la lluvia. Manuela, espero tu art\u00edculo, con id\u00e9ntico t\u00edtulo, a ver si consigues encauzarnos. A algunos ya se nos han acabado las ideas y no nos queda otra que recurrir al absurdo e in\u00fatil ejercicio de acogernos al derecho del pataleo.<\/span><\/p>\n<p><span style=\"color: #000000;\">Publicado en Diario HOY el 18\/09\/ 2011<\/span><\/p>\n<p><span style=\"color: #000000;\"><a href=\"http:\/\/www.kioskoymas.com\/epaper\/showlink.aspx?bookmarkid=UGKYZUOMUHL7&#038;preview=magnifier&#038;linkid=25bc9762-e261-4868-96dd-d28aa653ab7c&#038;pdaffid=1NEHCXDv4QZRFanP7KJR9A%3d%3d\"><img src=\"\/\/cache2-thumb1.pressdisplay.com\/pressdisplay\/docserver\/getimage.aspx?file=22012011091800000000001001&#038;page=30&#038;scale=23\" alt=\"\" \/><\/a><\/span><\/p>\n<p>&nbsp;<\/p>\n<!-- AddThis Advanced Settings generic via filter on the_content --><!-- AddThis Share Buttons generic via filter on the_content -->","protected":false},"excerpt":{"rendered":"<p>Enrique Falc\u00f3. Desesperanzado Generacional. Recordar\u00e1n que hace un par de semanas les hablaba de nosotros, los j\u00f3venes extreme\u00f1os, de que no llegamos, de que no podemos m\u00e1s. En dicho art\u00edculo dej\u00e9 caer un gui\u00f1o cari\u00f1oso para la gran periodista de HOY Manuela Mart\u00edn, quien como siempre capt\u00f3 mi iron\u00eda con deportividad y exquisito sentido del [&hellip;]<!-- AddThis Advanced Settings generic via filter on get_the_excerpt --><!-- AddThis Share Buttons generic via filter on get_the_excerpt --><\/p>\n","protected":false},"author":14,"featured_media":0,"comment_status":"open","ping_status":"closed","sticky":false,"template":"","format":"standard","meta":[],"categories":[8],"tags":[1037,1394,1396,1439,1515,1806,2000,2431,2441,2767,3103,3147,3310,3685,3797,3856,4010,4632,4800,5084,5096],"_links":{"self":[{"href":"https:\/\/blogs.hoy.es\/loch-lomond\/wp-json\/wp\/v2\/posts\/356"}],"collection":[{"href":"https:\/\/blogs.hoy.es\/loch-lomond\/wp-json\/wp\/v2\/posts"}],"about":[{"href":"https:\/\/blogs.hoy.es\/loch-lomond\/wp-json\/wp\/v2\/types\/post"}],"author":[{"embeddable":true,"href":"https:\/\/blogs.hoy.es\/loch-lomond\/wp-json\/wp\/v2\/users\/14"}],"replies":[{"embeddable":true,"href":"https:\/\/blogs.hoy.es\/loch-lomond\/wp-json\/wp\/v2\/comments?post=356"}],"version-history":[{"count":0,"href":"https:\/\/blogs.hoy.es\/loch-lomond\/wp-json\/wp\/v2\/posts\/356\/revisions"}],"wp:attachment":[{"href":"https:\/\/blogs.hoy.es\/loch-lomond\/wp-json\/wp\/v2\/media?parent=356"}],"wp:term":[{"taxonomy":"category","embeddable":true,"href":"https:\/\/blogs.hoy.es\/loch-lomond\/wp-json\/wp\/v2\/categories?post=356"},{"taxonomy":"post_tag","embeddable":true,"href":"https:\/\/blogs.hoy.es\/loch-lomond\/wp-json\/wp\/v2\/tags?post=356"}],"curies":[{"name":"wp","href":"https:\/\/api.w.org\/{rel}","templated":true}]}}