{"id":36,"date":"2010-07-01T00:32:00","date_gmt":"2010-07-01T00:32:00","guid":{"rendered":"http:\/\/blogs.hoy.es\/loch-lomond\/?p=36"},"modified":"2010-07-01T00:32:00","modified_gmt":"2010-07-01T00:32:00","slug":"verano-la-ciudad","status":"publish","type":"post","link":"https:\/\/blogs.hoy.es\/loch-lomond\/2010\/07\/01\/verano-la-ciudad\/","title":{"rendered":"\u00a1Verano en la Ciudad!"},"content":{"rendered":"<p><font color=#000099><img id=img_0 src=\"\/\/farm3.static.flickr.com\/2543\/3772543559_ff93f487b6.jpg\"\/><\/font><\/p>\n<p><font color=#000099>Aunque hace su entrada el 21 de Junio, se puede decir que hoy ha empezado el verano en nuestra ciudad. Es Badajoz una urbe que mejora en muchos aspectos tras la llegada del verano. Desde que se solucion\u00f3 el tema del aire acondicionado en casas, locales y coches, el horrible calor no es handicap excusable para dejar de disfrutar de los peque\u00f1os placeres que podemos obtener en estos dos meses que se nos avecinan.<\/font><\/p>\n<p><font color=#000099><\/font><\/p>\n<p><font color=#000099>Coger el coche desde hoy va a ser una gozada. Se acabaron los atascos. Ya no importa que pase usted por la puerta de un colegio a la hora de la entrada o salida de las clases porque los ni\u00f1os est\u00e1n dando la lata a sus pap\u00e1s, y \u00e9stos ya no nos dejan el coche aparcado en triple fila provocando atascos porque no tienen que desplazarse 100 miserables metros para ir a recogerlos, no vaya a ser que se hernien por ir andando como toda la vida. \u00a1Y la de sitio que habr\u00e1 para aparcar! Desde hoy se acaba eso de dar vueltas y vueltas hasta encontrar un maldito hueco donde encajar el autom\u00f3vil.<\/font><\/p>\n<p><font color=#000099><\/font><img id=img_1 src=\"\/\/farm4.static.flickr.com\/3393\/3332862005_bea4f2424c.jpg\"\/><\/p>\n<p><font color=#000099>En los bares se va a estar estupendamente con bastante menos gente y ruido, y seguro que siempre habr\u00e1 sitio para sentarse en las terrazas. No se molesten en llamar para reservar para cenar en su restaurante favorito, pues seguramente dispondr\u00e1n de mesas de sobra, y adem\u00e1s seguro que les dispensar\u00e1n m\u00e1s atenci\u00f3n y mejor servicio.<\/font><\/p>\n<p><font color=#000099><\/font><\/p>\n<p><font color=#000099>Esos vecinos suyos, tan molestos con tantos ni\u00f1os y perros, que no les dejan descansar durante el a\u00f1o, se marchan ya de vacaciones, y durante las horas de la sagrada siesta s\u00f3lo el silencio ser\u00e1 protagonista en sus casas.<\/font><\/p>\n<p><font color=#000099><\/font><\/p>\n<p><font color=#000099>Si a ustedes, como a m\u00ed, les toca trabajar en verano y quedarse en la ciudad no se disgusten. Cambien esa cara hura\u00f1a por su tono m\u00e1s amable y ded\u00edquense a prepararse para las ventajas que les ofrece un agradable verano en Badajoz.<\/font><\/p>\n<p><font color=#000099><\/font><\/p>\n<p><font color=#000099>Muy alto, a la salud de ustedes, levanto mi copa de LOCH LOMOND para brindar por el magn\u00edfico verano que vamos a pasar. Siempre nos quejamos por puro vicio y no queremos darnos cuenta de las cosas buenas de la vida, pero les aseguro, que habr\u00e1 momentos este verano en los que vamos a vivir como aut\u00e9nticos millonarios. \u00a1Se lo garantizo!<\/font><\/p>\n<p><font color=#000099><\/font><\/p>\n<p><img id=img_2 src=\"\/\/4.bp.blogspot.com\/_a706T1SpBmE\/RsiRlRpYiMI\/AAAAAAAAAU4\/6khLYekjUPE\/s320\/Thompson%2526Thomson.png\"\/><\/p>\n<p><font color=#000099>&#8220;Yo a\u00fan dir\u00eda m\u00e1s mi querido Hern\u00e1ndez. Les garantizo que como millonarios vamos a vivir estos momentos&#8221;.<\/font><\/p>\n<!-- AddThis Advanced Settings generic via filter on the_content --><!-- AddThis Share Buttons generic via filter on the_content -->","protected":false},"excerpt":{"rendered":"<p>Aunque hace su entrada el 21 de Junio, se puede decir que hoy ha empezado el verano en nuestra ciudad. Es Badajoz una urbe que mejora en muchos aspectos tras la llegada del verano. Desde que se solucion\u00f3 el tema del aire acondicionado en casas, locales y coches, el horrible calor no es handicap excusable [&hellip;]<!-- AddThis Advanced Settings generic via filter on get_the_excerpt --><!-- AddThis Share Buttons generic via filter on get_the_excerpt --><\/p>\n","protected":false},"author":14,"featured_media":0,"comment_status":"open","ping_status":"closed","sticky":false,"template":"","format":"standard","meta":[],"categories":[7],"tags":[437,722,1036],"_links":{"self":[{"href":"https:\/\/blogs.hoy.es\/loch-lomond\/wp-json\/wp\/v2\/posts\/36"}],"collection":[{"href":"https:\/\/blogs.hoy.es\/loch-lomond\/wp-json\/wp\/v2\/posts"}],"about":[{"href":"https:\/\/blogs.hoy.es\/loch-lomond\/wp-json\/wp\/v2\/types\/post"}],"author":[{"embeddable":true,"href":"https:\/\/blogs.hoy.es\/loch-lomond\/wp-json\/wp\/v2\/users\/14"}],"replies":[{"embeddable":true,"href":"https:\/\/blogs.hoy.es\/loch-lomond\/wp-json\/wp\/v2\/comments?post=36"}],"version-history":[{"count":0,"href":"https:\/\/blogs.hoy.es\/loch-lomond\/wp-json\/wp\/v2\/posts\/36\/revisions"}],"wp:attachment":[{"href":"https:\/\/blogs.hoy.es\/loch-lomond\/wp-json\/wp\/v2\/media?parent=36"}],"wp:term":[{"taxonomy":"category","embeddable":true,"href":"https:\/\/blogs.hoy.es\/loch-lomond\/wp-json\/wp\/v2\/categories?post=36"},{"taxonomy":"post_tag","embeddable":true,"href":"https:\/\/blogs.hoy.es\/loch-lomond\/wp-json\/wp\/v2\/tags?post=36"}],"curies":[{"name":"wp","href":"https:\/\/api.w.org\/{rel}","templated":true}]}}